{"id":10172,"date":"2026-02-12T12:28:23","date_gmt":"2026-02-12T15:28:23","guid":{"rendered":"https:\/\/localconnect.com.br\/blog\/?p=10172"},"modified":"2026-02-12T12:28:25","modified_gmt":"2026-02-12T15:28:25","slug":"balneario-camboriu-prepara-carnaval-com-ana-castela-blocos-e-atracoes-gratuitas","status":"publish","type":"post","link":"https:\/\/localconnect.com.br\/blog\/santa-catarina\/balneario-camboriu\/balneario-camboriu-prepara-carnaval-com-ana-castela-blocos-e-atracoes-gratuitas\/","title":{"rendered":"Balne\u00e1rio Cambori\u00fa prepara Carnaval com Ana Castela, blocos e atra\u00e7\u00f5es gratuitas"},"content":{"rendered":"\n<p>O Carnaval de Balne\u00e1rio Cambori\u00fa, no Litoral Norte de Santa Catarina, chega em 2026 com uma das maiores programa\u00e7\u00f5es j\u00e1 montadas pela cidade. Entre os dias 13 e 17 de fevereiro, moradores e turistas v\u00e3o encontrar desfiles de blocos, atra\u00e7\u00f5es infantis, DJs, bandas regionais e, principalmente, um grande festival sertanejo \u00e0 beira-mar, com Ana Castela como principal estrela.<\/p>\n\n\n\n<p>A cantora, que hoje figura entre os nomes mais ouvidos do pa\u00eds, ser\u00e1 a atra\u00e7\u00e3o central do AgroPlay Ver\u00e3o Festival, marcado para o s\u00e1bado (14), na Praia Central. O show est\u00e1 previsto para come\u00e7ar \u00e0s 22h e deve reunir um p\u00fablico expressivo, em uma estrutura montada especialmente para transformar a orla em um dos maiores palcos de Carnaval sertanejo do Brasil.<\/p>\n\n\n\n<h2 class=\"wp-block-heading\"><strong>Ana Castela, Z\u00e9 Felipe e outros nomes<\/strong><\/h2>\n\n\n\n<p>O show de Ana Castela \u00e9 tratado como o grande momento do Carnaval na cidade neste ano. O festival, que re\u00fane ainda artistas como Z\u00e9 Felipe, L\u00e9o &amp; Raphael, Countrybeat, Duda Bertelli e Resenha da Muierada, foi pensado para ser uma experi\u00eancia in\u00e9dita na Praia Central, inspirada em grandes eventos internacionais realizados em regi\u00f5es litor\u00e2neas.<\/p>\n\n\n\n<p>A estrutura montada na areia contar\u00e1 com um palco de grandes propor\u00e7\u00f5es, em formato de \u201cT\u201d, com passarela frontal e uma \u00e1rea central avan\u00e7ada, permitindo que a artista se aproxime do p\u00fablico durante a apresenta\u00e7\u00e3o. Ao lado do palco estar\u00e3o camarote e \u00e1rea VIP, que juntos somam quase 4 mil metros quadrados, al\u00e9m de um tel\u00e3o de alta defini\u00e7\u00e3o cobrindo toda a extens\u00e3o da estrutura.<\/p>\n\n\n\n<p>O evento \u00e9 realizado com investimento 100% privado, estimado em cerca de R$ 10 milh\u00f5es, e ter\u00e1 entrada gratuita para o p\u00fablico geral, com venda de ingressos apenas para os setores especiais.<\/p>\n\n\n\n<h2 class=\"wp-block-heading\"><strong>Programa\u00e7\u00e3o do AgroPlay Ver\u00e3o Festival \u2013 S\u00e1bado (14)<\/strong><\/h2>\n\n\n\n<figure class=\"wp-block-image size-full\"><img fetchpriority=\"high\" decoding=\"async\" width=\"900\" height=\"589\" src=\"https:\/\/localconnect.com.br\/blog\/wp-content\/uploads\/2026\/02\/image.png\" alt=\"\" class=\"wp-image-10174\" title=\"\" srcset=\"https:\/\/localconnect.com.br\/blog\/wp-content\/uploads\/2026\/02\/image.png 900w, https:\/\/localconnect.com.br\/blog\/wp-content\/uploads\/2026\/02\/image-300x196.png 300w, https:\/\/localconnect.com.br\/blog\/wp-content\/uploads\/2026\/02\/image-768x503.png 768w, https:\/\/localconnect.com.br\/blog\/wp-content\/uploads\/2026\/02\/image-150x98.png 150w\" sizes=\"(max-width: 900px) 100vw, 900px\" \/><\/figure>\n\n\n\n<p><strong>Praia Central \u2013 Balne\u00e1rio Cambori\u00fa<\/strong><\/p>\n\n\n\n<ul class=\"wp-block-list\">\n<li>16h \u2013 Resenha da Muierada<br><\/li>\n\n\n\n<li>17h05 \u2013 Duda Bertelli<br><\/li>\n\n\n\n<li>18h \u2013 Z\u00e9 Felipe<br><\/li>\n\n\n\n<li>19h20 \u2013 AgroPlay Ver\u00e3o<br><\/li>\n\n\n\n<li>20h \u2013 Countrybeat<br><\/li>\n\n\n\n<li>20h55 \u2013 L\u00e9o &amp; Raphael<br><\/li>\n\n\n\n<li><strong>22h \u2013 Ana Castela<\/strong><\/li>\n<\/ul>\n\n\n\n<h2 class=\"wp-block-heading\"><strong>Desfiles de blocos animam a Avenida Atl\u00e2ntica<\/strong><\/h2>\n\n\n\n<figure class=\"wp-block-image size-large\"><img decoding=\"async\" width=\"1024\" height=\"683\" src=\"https:\/\/localconnect.com.br\/blog\/wp-content\/uploads\/2026\/02\/bloco-dias-1024x683.webp\" alt=\"\" class=\"wp-image-10175\" title=\"\" srcset=\"https:\/\/localconnect.com.br\/blog\/wp-content\/uploads\/2026\/02\/bloco-dias-1024x683.webp 1024w, https:\/\/localconnect.com.br\/blog\/wp-content\/uploads\/2026\/02\/bloco-dias-300x200.webp 300w, https:\/\/localconnect.com.br\/blog\/wp-content\/uploads\/2026\/02\/bloco-dias-768x512.webp 768w, https:\/\/localconnect.com.br\/blog\/wp-content\/uploads\/2026\/02\/bloco-dias-150x100.webp 150w, https:\/\/localconnect.com.br\/blog\/wp-content\/uploads\/2026\/02\/bloco-dias.webp 1200w\" sizes=\"(max-width: 1024px) 100vw, 1024px\" \/><\/figure>\n\n\n\n<p>Al\u00e9m do festival sertanejo, a programa\u00e7\u00e3o carnavalesca inclui tr\u00eas noites de desfiles de blocos na <a href=\"https:\/\/localconnect.com.br\/blog\/santa-catarina\/balneario-camboriu\/avenida-atlantica-em-balneario\/\">Avenida Atl\u00e2ntica<\/a>, na orla da Praia Central, entre a Rua 2000 e a Pra\u00e7a Almirante Tamandar\u00e9. A concentra\u00e7\u00e3o come\u00e7a \u00e0s 18h, com in\u00edcio previsto para 21h, reunindo ao todo 11 blocos ao longo do fim de semana e da segunda-feira.<\/p>\n\n\n\n<h3 class=\"wp-block-heading\"><strong>S\u00e1bado (14), \u00e0s 21h<\/strong><\/h3>\n\n\n\n<ul class=\"wp-block-list\">\n<li>Siri Sarado<br><\/li>\n\n\n\n<li>Mexe Mexe<br><\/li>\n\n\n\n<li>Xinellis<\/li>\n<\/ul>\n\n\n\n<h3 class=\"wp-block-heading\"><strong>Domingo (15), \u00e0s 21h<\/strong><\/h3>\n\n\n\n<ul class=\"wp-block-list\">\n<li>Siri Sarado<br><\/li>\n\n\n\n<li>Carnatuga<br><\/li>\n\n\n\n<li>Ilha das Cabras<br><\/li>\n\n\n\n<li>Bloco do Zero<br><\/li>\n\n\n\n<li>Inimigos da Segunda<br><\/li>\n<\/ul>\n\n\n\n<h3 class=\"wp-block-heading\"><strong>Segunda-feira (16), \u00e0s 21h<\/strong><\/h3>\n\n\n\n<ul class=\"wp-block-list\">\n<li>Mexe Mexe<br><\/li>\n\n\n\n<li>Siri Sarado<br><\/li>\n\n\n\n<li>Bar Meia 9<br><\/li>\n\n\n\n<li>Circuito El\u00e9trico<br><\/li>\n\n\n\n<li>Seu Lagarto Mama<br><\/li>\n\n\n\n<li>Cervejada do Luan<\/li>\n<\/ul>\n\n\n\n<h2 class=\"wp-block-heading\"><strong>Shows espalhados pela cidade durante o Carnaval<\/strong><\/h2>\n\n\n\n<p>A programa\u00e7\u00e3o musical se estende por v\u00e1rios pontos de Balne\u00e1rio Cambori\u00fa, com apresenta\u00e7\u00f5es gratuitas no Centro, na Barra e no Estaleiro, al\u00e9m de atra\u00e7\u00f5es voltadas para crian\u00e7as.<\/p>\n\n\n\n<h3 class=\"wp-block-heading\"><strong>Sexta-feira (13)<\/strong><\/h3>\n\n\n\n<p><strong>Pra\u00e7a Almirante Tamandar\u00e9 \u2013 Centro<\/strong><\/p>\n\n\n\n<ul class=\"wp-block-list\">\n<li>19h \u00e0s 20h30 \u2013 Inimigos da Segunda<br><\/li>\n\n\n\n<li>20h30 \u00e0s 21h30 \u2013 Quebra Tudo A\u00ea<br><\/li>\n\n\n\n<li>21h30 \u00e0s 23h30 \u2013 Banda S\/A<\/li>\n<\/ul>\n\n\n\n<h3 class=\"wp-block-heading\"><strong>Domingo (15)<\/strong><\/h3>\n\n\n\n<p><strong>Palco Centro \u2013 Pra\u00e7a Almirante Tamandar\u00e9 (Praia Central)<\/strong><\/p>\n\n\n\n<ul class=\"wp-block-list\">\n<li>17h \u00e0s 19h \u2013 Carnaval Infantil (Bloquinho do Caf\u00e9)<br><\/li>\n\n\n\n<li>19h30 \u00e0s 20h30 \u2013 Quebra Tudo A\u00ea<\/li>\n<\/ul>\n\n\n\n<p><strong>Palco Barra \u2013 Pra\u00e7a do Pescador (Bairro da Barra)<\/strong><\/p>\n\n\n\n<ul class=\"wp-block-list\">\n<li>18h \u00e0s 20h \u2013 DJ Guesser<br><\/li>\n\n\n\n<li>20h \u00e0s 21h \u2013 Mario Caf\u00e9<br><\/li>\n\n\n\n<li>21h15 \u00e0s 23h15 \u2013 Luciana Arouca<br><\/li>\n\n\n\n<li>23h15 \u00e0 00h15 \u2013 DJ Guesser<\/li>\n<\/ul>\n\n\n\n<p><strong>Palco Estaleiro \u2013 Rua da Praia (pr\u00f3ximo \u00e0 Rua Virg\u00edlio Rodrigues Pereira)<\/strong><\/p>\n\n\n\n<ul class=\"wp-block-list\">\n<li>19h \u00e0s 20h \u2013 DJ Nanny<br><\/li>\n\n\n\n<li>20h \u00e0s 21h \u2013 Mario Caf\u00e9<br><\/li>\n\n\n\n<li>21h15 \u00e0s 23h15 \u2013 Banda Jacarezinho<br><\/li>\n\n\n\n<li>23h15 \u00e0 00h15 \u2013 DJ Nanny<\/li>\n<\/ul>\n\n\n\n<h3 class=\"wp-block-heading\"><strong>Segunda-feira (16)<\/strong><\/h3>\n\n\n\n<p><strong>Palco Centro \u2013 Pra\u00e7a Almirante Tamandar\u00e9 (Praia Central)<\/strong><\/p>\n\n\n\n<ul class=\"wp-block-list\">\n<li>17h \u00e0s 19h \u2013 Carnaval Infantil (Bloquinho do Caf\u00e9)<br><\/li>\n\n\n\n<li>19h30 \u00e0s 20h30 \u2013 Quebra Tudo A\u00ea<\/li>\n<\/ul>\n\n\n\n<p><strong>Palco Barra \u2013 Pra\u00e7a do Pescador (Bairro da Barra)<\/strong><\/p>\n\n\n\n<ul class=\"wp-block-list\">\n<li>17h \u00e0s 19h \u2013 Carnaval Infantil (Bloquinho da Tia Suh)<br><\/li>\n\n\n\n<li>19h \u00e0s 20h \u2013 DJ Danny<br><\/li>\n\n\n\n<li>20h \u00e0s 21h \u2013 Mario Caf\u00e9<br><\/li>\n\n\n\n<li>21h15 \u00e0s 23h15 \u2013 Suh Wagner<br><\/li>\n\n\n\n<li>23h15 \u00e0 00h15 \u2013 DJ Danny<\/li>\n<\/ul>\n\n\n\n<p><strong>Palco Estaleiro \u2013 Rua da Praia (pr\u00f3ximo \u00e0 Rua Virg\u00edlio Rodrigues Pereira)<\/strong><\/p>\n\n\n\n<ul class=\"wp-block-list\">\n<li>17h \u00e0s 19h \u2013 Carnaval Infantil (As Mareadas)<br><\/li>\n\n\n\n<li>19h \u00e0s 20h \u2013 DJ Guesser<br><\/li>\n\n\n\n<li>20h \u00e0s 21h \u2013 Mario Caf\u00e9<br><\/li>\n\n\n\n<li>21h15 \u00e0s 23h15 \u2013 Luane Mattia<br><\/li>\n\n\n\n<li>23h15 \u00e0 00h15 \u2013 DJ Guesser<\/li>\n<\/ul>\n\n\n\n<h3 class=\"wp-block-heading\"><strong>Ter\u00e7a-feira (17)<\/strong><\/h3>\n\n\n\n<p><strong>Palco Centro \u2013 Pra\u00e7a Almirante Tamandar\u00e9 (Praia Central)<\/strong><\/p>\n\n\n\n<ul class=\"wp-block-list\">\n<li>18h \u00e0s 19h \u2013 Mario Caf\u00e9<br><\/li>\n\n\n\n<li>19h \u00e0s 20h \u2013 Banda Xinellis<br><\/li>\n\n\n\n<li>20h \u00e0s 20h30 \u2013 Mario Caf\u00e9<br><\/li>\n\n\n\n<li>20h30 \u00e0s 22h30 \u2013 Luane Mattia<\/li>\n<\/ul>\n\n\n\n<h2 class=\"wp-block-heading\"><strong>Seguran\u00e7a refor\u00e7ada para os dias de evento<\/strong><\/h2>\n\n\n\n<figure class=\"wp-block-image size-full\"><img decoding=\"async\" width=\"800\" height=\"450\" src=\"https:\/\/localconnect.com.br\/blog\/wp-content\/uploads\/2026\/02\/image-1.png\" alt=\"\" class=\"wp-image-10176\" title=\"\" srcset=\"https:\/\/localconnect.com.br\/blog\/wp-content\/uploads\/2026\/02\/image-1.png 800w, https:\/\/localconnect.com.br\/blog\/wp-content\/uploads\/2026\/02\/image-1-300x169.png 300w, https:\/\/localconnect.com.br\/blog\/wp-content\/uploads\/2026\/02\/image-1-768x432.png 768w, https:\/\/localconnect.com.br\/blog\/wp-content\/uploads\/2026\/02\/image-1-150x84.png 150w\" sizes=\"(max-width: 800px) 100vw, 800px\" \/><\/figure>\n\n\n\n<p>A prefeitura informou que haver\u00e1 uma opera\u00e7\u00e3o especial de seguran\u00e7a durante todo o per\u00edodo de Carnaval, com atua\u00e7\u00e3o conjunta da Guarda Municipal e da Pol\u00edcia Militar. Est\u00e3o previstos pontos elevados de observa\u00e7\u00e3o, corredores de emerg\u00eancia, monitoramento por drones, al\u00e9m do apoio da Cavalaria e do helic\u00f3ptero \u00c1guia. Bloqueios vi\u00e1rios tamb\u00e9m devem ocorrer, com divulga\u00e7\u00e3o pr\u00e9via dos trechos afetados.<\/p>\n<div class=\"pld-like-dislike-wrap pld-custom\">\r\n    <div class=\"pld-like-wrap  pld-common-wrap\">\r\n    <a href=\"javascript:void(0)\" class=\"pld-like-trigger pld-like-dislike-trigger  \" title=\"\" data-post-id=\"10172\" data-trigger-type=\"like\" data-restriction=\"no\" data-already-liked=\"0\">\r\n                            <img src=\"https:\/\/localconnect.com.br\/blog\/wp-content\/uploads\/2024\/02\/like-1-2.png\" alt=\"\" \/>\r\n            <\/a>\r\n    <span class=\"pld-like-count-wrap pld-count-wrap\">    <\/span>\r\n<\/div><div class=\"pld-dislike-wrap  pld-common-wrap\">\r\n    <a href=\"javascript:void(0)\" class=\"pld-dislike-trigger pld-like-dislike-trigger  \" title=\"\" data-post-id=\"10172\" data-trigger-type=\"dislike\" data-restriction=\"no\" data-already-liked=\"0\">\r\n                            <img src=\"https:\/\/localconnect.com.br\/blog\/wp-content\/uploads\/2024\/02\/image-2.png\" alt=\"\" \/>\r\n            <\/a>\r\n    <span class=\"pld-dislike-count-wrap pld-count-wrap\"><\/span>\r\n<\/div><\/div>","protected":false},"excerpt":{"rendered":"<p>O Carnaval de Balne\u00e1rio Cambori\u00fa, no Litoral Norte de Santa Catarina, chega em 2026 com uma das maiores programa\u00e7\u00f5es j\u00e1 montadas pela cidade. Entre os dias 13 e 17 de fevereiro, moradores e turistas v\u00e3o encontrar desfiles de blocos, atra\u00e7\u00f5es infantis, DJs, bandas regionais e, principalmente, um grande festival sertanejo \u00e0 beira-mar, com Ana Castela [&hellip;]<\/p>\n","protected":false},"author":3,"featured_media":10173,"comment_status":"open","ping_status":"open","sticky":false,"template":"","format":"standard","meta":{"_joinchat":[],"footnotes":""},"categories":[30,29],"tags":[],"class_list":["post-10172","post","type-post","status-publish","format-standard","has-post-thumbnail","hentry","category-balneario-camboriu","category-santa-catarina"],"_links":{"self":[{"href":"https:\/\/localconnect.com.br\/blog\/wp-json\/wp\/v2\/posts\/10172","targetHints":{"allow":["GET"]}}],"collection":[{"href":"https:\/\/localconnect.com.br\/blog\/wp-json\/wp\/v2\/posts"}],"about":[{"href":"https:\/\/localconnect.com.br\/blog\/wp-json\/wp\/v2\/types\/post"}],"author":[{"embeddable":true,"href":"https:\/\/localconnect.com.br\/blog\/wp-json\/wp\/v2\/users\/3"}],"replies":[{"embeddable":true,"href":"https:\/\/localconnect.com.br\/blog\/wp-json\/wp\/v2\/comments?post=10172"}],"version-history":[{"count":0,"href":"https:\/\/localconnect.com.br\/blog\/wp-json\/wp\/v2\/posts\/10172\/revisions"}],"wp:featuredmedia":[{"embeddable":true,"href":"https:\/\/localconnect.com.br\/blog\/wp-json\/wp\/v2\/media\/10173"}],"wp:attachment":[{"href":"https:\/\/localconnect.com.br\/blog\/wp-json\/wp\/v2\/media?parent=10172"}],"wp:term":[{"taxonomy":"category","embeddable":true,"href":"https:\/\/localconnect.com.br\/blog\/wp-json\/wp\/v2\/categories?post=10172"},{"taxonomy":"post_tag","embeddable":true,"href":"https:\/\/localconnect.com.br\/blog\/wp-json\/wp\/v2\/tags?post=10172"}],"curies":[{"name":"wp","href":"https:\/\/api.w.org\/{rel}","templated":true}]}}