{"id":10186,"date":"2026-02-24T18:38:13","date_gmt":"2026-02-24T21:38:13","guid":{"rendered":"https:\/\/localconnect.com.br\/blog\/?p=10186"},"modified":"2026-02-26T17:42:02","modified_gmt":"2026-02-26T20:42:02","slug":"agenda-de-eventos-em-balneario-camboriu-em-marco-2026","status":"publish","type":"post","link":"https:\/\/localconnect.com.br\/blog\/santa-catarina\/balneario-camboriu\/agenda-de-eventos-em-balneario-camboriu-em-marco-2026\/","title":{"rendered":"Agenda de eventos em Balne\u00e1rio Cambori\u00fa em Mar\u00e7o (2026)"},"content":{"rendered":"\n<p>Quando falamos em eventos em Balne\u00e1rio Cambori\u00fa em Mar\u00e7o, voc\u00ea encontra desde feiras tradicionais e shows nacionais at\u00e9 experi\u00eancias culturais, teatro, m\u00fasica ao vivo e esportes de destaque. \u00c9 o m\u00eas perfeito para programar passeios, reunir amigos e curtir cada oportunidade que a cidade tem de melhor. Veja!<\/p>\n\n\n\n<h2 class=\"wp-block-heading\"><strong>Feira da Barra \u2014 01\/03<\/strong><\/h2>\n\n\n\n<p>A Feira da Barra acontece na Pra\u00e7a do Pescador, no hist\u00f3rico Bairro da Barra. \u00c9 um espa\u00e7o para descobrir artesanato local, gastronomia e m\u00fasica, caminhando tranquilamente entre barracas e conversando com expositores.&nbsp;<\/p>\n\n\n\n<h2 class=\"wp-block-heading\"><strong>Show Matheus &amp; Kauan \u2014 13\/03<\/strong><\/h2>\n\n\n\n\n\n<p>A dupla Matheus &amp; Kauan traz seu show para o The Forest Cambori\u00fa, localizado no Bairro Rio Pequeno. Este \u00e9 um dos eventos em Balne\u00e1rio Cambori\u00fa em Mar\u00e7o que promete reunir f\u00e3s de todo o Brasil, com uma noite marcada por hits, emo\u00e7\u00e3o e muita m\u00fasica.<\/p>\n\n\n\n<h2 class=\"wp-block-heading\"><strong>Hern\u00e1n Cattaneo no Warung Beach Club \u2014 14\/03&nbsp;<\/strong><\/h2>\n\n\n\n<p>O renomado DJ Hern\u00e1n Cattaneo retorna ao Warung Beach Club para apresenta\u00e7\u00f5es memor\u00e1veis. Cada noite de 14 a 15\/03\/2026 \u00e9 marcada por mixagens \u00fanicas, energia intensa e momentos hist\u00f3ricos da m\u00fasica eletr\u00f4nica, consolidando este como um dos principais eventos em Balne\u00e1rio Cambori\u00fa em Mar\u00e7o.<\/p>\n\n\n\n<h2 class=\"wp-block-heading\"><strong>Feijoada &amp; M\u00fasica Ao Vivo \u2014 15\/03<\/strong><\/h2>\n\n\n\n<p>No dia 15\/03\/2026, The Grand Itaja\u00ed se une ao Gan Bar para uma tarde marcada por feijoada completa e m\u00fasica ao vivo. O card\u00e1pio traz arroz branco, couve refogada, farofa de milho, vinagrete, banana \u00e0 milanesa e torresmo, enquanto Keli Bertan e o Grupo Sem Abuso animam a plateia. Mais tarde, DJs assumem a pista, mantendo a festa at\u00e9 o fim. Esta \u00e9 mais uma das atra\u00e7\u00f5es que entram na lista de eventos em Balne\u00e1rio Cambori\u00fa em Mar\u00e7o que garantem boa comida e m\u00fasica.<\/p>\n\n\n\n<h2 class=\"wp-block-heading\"><strong>A Magia do Buteco em Balne\u00e1rio \u2014 20\/03<\/strong><\/h2>\n\n\n\n<p>Emerson Cear\u00e1 e Ramon Coxinha apresentam \u201cA Magia do Buteco &#8211; Volume 2\u201d no Teatro Bruno Nitz. Com hist\u00f3rias irreverentes, situa\u00e7\u00f5es absurdas e humor direto, o show acontece em 20\/03\/2026 e est\u00e1 entre os eventos em Balne\u00e1rio Cambori\u00fa em Mar\u00e7o mais aguardados para quem curte um bom humor.<\/p>\n\n\n\n<h2 class=\"wp-block-heading\"><strong>Red Room W Vanjee \u2014 21\/03<\/strong><\/h2>\n\n\n\n<figure class=\"wp-block-image size-large\"><img fetchpriority=\"high\" decoding=\"async\" width=\"1024\" height=\"432\" src=\"https:\/\/localconnect.com.br\/blog\/wp-content\/uploads\/2026\/02\/image-3-1024x432.png\" alt=\"\" class=\"wp-image-10189\" title=\"\" srcset=\"https:\/\/localconnect.com.br\/blog\/wp-content\/uploads\/2026\/02\/image-3-1024x432.png 1024w, https:\/\/localconnect.com.br\/blog\/wp-content\/uploads\/2026\/02\/image-3-300x127.png 300w, https:\/\/localconnect.com.br\/blog\/wp-content\/uploads\/2026\/02\/image-3-768x324.png 768w, https:\/\/localconnect.com.br\/blog\/wp-content\/uploads\/2026\/02\/image-3-150x63.png 150w, https:\/\/localconnect.com.br\/blog\/wp-content\/uploads\/2026\/02\/image-3.png 1280w\" sizes=\"(max-width: 1024px) 100vw, 1024px\" \/><\/figure>\n\n\n\n<p>No dia 21\/03\/2026, a Red Room retorna ao Surreal Park para uma edi\u00e7\u00e3o limitada de ingressos. Curadoria precisa, experi\u00eancias imersivas e ambiente selecionado fazem deste um dos eventos em Balne\u00e1rio Cambori\u00fa em Mar\u00e7o mais reservados.<\/p>\n\n\n\n<h2 class=\"wp-block-heading\"><strong>T\u00edlia na TG \u2014 21\/03<\/strong><\/h2>\n\n\n\n<p>No mesmo per\u00edodo, T\u00edlia se apresenta no The Grand Itaja\u00ed, trazendo show que mistura funk, pop e energia alta. Este evento figura entre os eventos em Balne\u00e1rio Cambori\u00fa em Mar\u00e7o com boa m\u00fasica, presen\u00e7a de palco e intera\u00e7\u00f5es com o p\u00fablico.<\/p>\n\n\n\n<h2 class=\"wp-block-heading\"><strong>Patrulha Pet \u2013 O Resgate do Amigo Dinossauro \u2014 22\/03<\/strong><\/h2>\n\n\n\n<figure class=\"wp-block-image size-large\"><img decoding=\"async\" width=\"1024\" height=\"576\" src=\"https:\/\/localconnect.com.br\/blog\/wp-content\/uploads\/2026\/02\/image-4-1024x576.png\" alt=\"\" class=\"wp-image-10190\" title=\"\" srcset=\"https:\/\/localconnect.com.br\/blog\/wp-content\/uploads\/2026\/02\/image-4-1024x576.png 1024w, https:\/\/localconnect.com.br\/blog\/wp-content\/uploads\/2026\/02\/image-4-300x169.png 300w, https:\/\/localconnect.com.br\/blog\/wp-content\/uploads\/2026\/02\/image-4-768x432.png 768w, https:\/\/localconnect.com.br\/blog\/wp-content\/uploads\/2026\/02\/image-4-150x84.png 150w, https:\/\/localconnect.com.br\/blog\/wp-content\/uploads\/2026\/02\/image-4.png 1080w\" sizes=\"(max-width: 1024px) 100vw, 1024px\" \/><\/figure>\n\n\n\n<p>O Teatro Bruno Nitz recebe a pe\u00e7a infantil \u201cPatrulha Pet \u2013 O Resgate do Amigo Dinossauro\u201d. A aventura envolve luzes, m\u00fasica e participa\u00e7\u00e3o do p\u00fablico.<\/p>\n\n\n\n<h2 class=\"wp-block-heading\"><strong>Torneio Mundial de Beach Tennis BT400 \u2014 24\/03<\/strong><\/h2>\n\n\n\n<p>A Barra Norte recebe o <a href=\"https:\/\/www.instagram.com\/scseriesbt\/\" target=\"_blank\" rel=\"noopener\">NU ITF World Tour BT400 <\/a>de Balne\u00e1rio Cambori\u00fa, reunindo os melhores atletas do mundo em partidas emocionantes. Aberto ao p\u00fablico gratuitamente, com ingressos apenas para a Quadra Central, esse evento est\u00e1 entre os principais eventos em Balne\u00e1rio Cambori\u00fa em Mar\u00e7o.<\/p>\n\n\n\n<h2 class=\"wp-block-heading\"><strong>CREA Summit 2026 \u2014 26\/03<\/strong><\/h2>\n\n\n\n<p>O Expocentro Balne\u00e1rio Cambori\u00fa sedia o CREA Summit 2026, tr\u00eas dias de conhecimento, networking e inova\u00e7\u00e3o em engenharia, agronomia e geoci\u00eancias.&nbsp;<\/p>\n\n\n\n<h2 class=\"wp-block-heading\"><strong>Nutri\u00e7\u00e3o Brasil \u2014 28\/03<\/strong><\/h2>\n\n\n\n<p>O evento aborda o \u201cnovo corpo: metab\u00f3lico, mental e muscular\u201d em formato presencial e imersivo. Temas como obesidade, cultura, m\u00fasculo e est\u00e9tica respons\u00e1vel s\u00e3o discutidos por especialistas, sendo um dos eventos em Balne\u00e1rio Cambori\u00fa em Mar\u00e7o mais relevantes para profissionais da sa\u00fade e p\u00fablico interessado em nutri\u00e7\u00e3o avan\u00e7ada.<\/p>\n\n\n\n<p>Com essa programa\u00e7\u00e3o completa, voc\u00ea consegue conferir os principais eventos em Balne\u00e1rio Cambori\u00fa em Mar\u00e7o, aproveitando desde cultura, m\u00fasica, gastronomia at\u00e9 esportes e congressos de ponta.&nbsp;<\/p>\n\n\n\n<p>Leia tamb\u00e9m: <a href=\"https:\/\/localconnect.com.br\/blog\/santa-catarina\/balneario-camboriu\/patinete-eletrico-em-balneario-camboriu\/\">Como andar de patinete el\u00e9trico em Balne\u00e1rio Cambori\u00fa: valores, cupons e muito mais<\/a><\/p>\n<div class=\"pld-like-dislike-wrap pld-custom\">\r\n    <div class=\"pld-like-wrap  pld-common-wrap\">\r\n    <a href=\"javascript:void(0)\" class=\"pld-like-trigger pld-like-dislike-trigger  \" title=\"\" data-post-id=\"10186\" data-trigger-type=\"like\" data-restriction=\"no\" data-already-liked=\"0\">\r\n                            <img src=\"https:\/\/localconnect.com.br\/blog\/wp-content\/uploads\/2024\/02\/like-1-2.png\" alt=\"\" \/>\r\n            <\/a>\r\n    <span class=\"pld-like-count-wrap pld-count-wrap\">    <\/span>\r\n<\/div><div class=\"pld-dislike-wrap  pld-common-wrap\">\r\n    <a href=\"javascript:void(0)\" class=\"pld-dislike-trigger pld-like-dislike-trigger  \" title=\"\" data-post-id=\"10186\" data-trigger-type=\"dislike\" data-restriction=\"no\" data-already-liked=\"0\">\r\n                            <img src=\"https:\/\/localconnect.com.br\/blog\/wp-content\/uploads\/2024\/02\/image-2.png\" alt=\"\" \/>\r\n            <\/a>\r\n    <span class=\"pld-dislike-count-wrap pld-count-wrap\"><\/span>\r\n<\/div><\/div>","protected":false},"excerpt":{"rendered":"<p>Quando falamos em eventos em Balne\u00e1rio Cambori\u00fa em Mar\u00e7o, voc\u00ea encontra desde feiras tradicionais e shows nacionais at\u00e9 experi\u00eancias culturais, teatro, m\u00fasica ao vivo e esportes de destaque. \u00c9 o m\u00eas perfeito para programar passeios, reunir amigos e curtir cada oportunidade que a cidade tem de melhor. Veja! Feira da Barra \u2014 01\/03 A Feira [&hellip;]<\/p>\n","protected":false},"author":3,"featured_media":9875,"comment_status":"open","ping_status":"open","sticky":false,"template":"","format":"standard","meta":{"_joinchat":[],"footnotes":""},"categories":[30,29,95],"tags":[],"class_list":["post-10186","post","type-post","status-publish","format-standard","has-post-thumbnail","hentry","category-balneario-camboriu","category-santa-catarina","category-tendencias-agora"],"_links":{"self":[{"href":"https:\/\/localconnect.com.br\/blog\/wp-json\/wp\/v2\/posts\/10186","targetHints":{"allow":["GET"]}}],"collection":[{"href":"https:\/\/localconnect.com.br\/blog\/wp-json\/wp\/v2\/posts"}],"about":[{"href":"https:\/\/localconnect.com.br\/blog\/wp-json\/wp\/v2\/types\/post"}],"author":[{"embeddable":true,"href":"https:\/\/localconnect.com.br\/blog\/wp-json\/wp\/v2\/users\/3"}],"replies":[{"embeddable":true,"href":"https:\/\/localconnect.com.br\/blog\/wp-json\/wp\/v2\/comments?post=10186"}],"version-history":[{"count":2,"href":"https:\/\/localconnect.com.br\/blog\/wp-json\/wp\/v2\/posts\/10186\/revisions"}],"predecessor-version":[{"id":10191,"href":"https:\/\/localconnect.com.br\/blog\/wp-json\/wp\/v2\/posts\/10186\/revisions\/10191"}],"wp:featuredmedia":[{"embeddable":true,"href":"https:\/\/localconnect.com.br\/blog\/wp-json\/wp\/v2\/media\/9875"}],"wp:attachment":[{"href":"https:\/\/localconnect.com.br\/blog\/wp-json\/wp\/v2\/media?parent=10186"}],"wp:term":[{"taxonomy":"category","embeddable":true,"href":"https:\/\/localconnect.com.br\/blog\/wp-json\/wp\/v2\/categories?post=10186"},{"taxonomy":"post_tag","embeddable":true,"href":"https:\/\/localconnect.com.br\/blog\/wp-json\/wp\/v2\/tags?post=10186"}],"curies":[{"name":"wp","href":"https:\/\/api.w.org\/{rel}","templated":true}]}}