{"id":10203,"date":"2026-03-06T20:42:41","date_gmt":"2026-03-06T23:42:41","guid":{"rendered":"https:\/\/localconnect.com.br\/blog\/?p=10203"},"modified":"2026-03-06T20:42:43","modified_gmt":"2026-03-06T23:42:43","slug":"clima-em-balneario-camboriu-o-ano-todo","status":"publish","type":"post","link":"https:\/\/localconnect.com.br\/blog\/santa-catarina\/balneario-camboriu\/clima-em-balneario-camboriu-o-ano-todo\/","title":{"rendered":"Como \u00e9 o clima em Balne\u00e1rio Cambori\u00fa &#8211; Guia Completo: temperaturas, chuva e melhor \u00e9poca para visitar"},"content":{"rendered":"\n<p>Descubra como \u00e9 o clima em Balne\u00e1rio Cambori\u00fa m\u00eas a m\u00eas, temperaturas m\u00e9dias, per\u00edodo de chuvas e como montar uma mala inteligente para cada esta\u00e7\u00e3o.<\/p>\n\n\n\n<p>Balne\u00e1rio Cambori\u00fa, no litoral norte de Santa Catarina, tem clima subtropical \u00famido, com ver\u00f5es quentes e invernos amenos. Para quem est\u00e1 planejando viagem \u2014 ou mesmo para moradores que querem se organizar melhor \u2014 entender como o clima se comporta ao longo do ano ajuda a escolher a melhor \u00e9poca para visitar, montar a mala ideal e evitar surpresas com chuva ou queda de temperatura.<\/p>\n\n\n\n<h2 class=\"wp-block-heading\">Clima em Balne\u00e1rio Cambori\u00fa<\/h2>\n\n\n\n<p>As temperaturas variam entre 10\u00b0C no inverno e 32\u00b0C no ver\u00e3o. A chuva \u00e9 distribu\u00edda ao longo do ano, mas se intensifica entre outubro e mar\u00e7o. No ver\u00e3o, \u00e9 comum sol forte durante o dia e pancadas r\u00e1pidas no fim da tarde. J\u00e1 no inverno, a chuva costuma ser mais persistente, associada a frentes frias.<\/p>\n\n\n\n<p>A seguir, confira o clima m\u00eas a m\u00eas com uma sugest\u00e3o pr\u00e1tica de mala inteligente para cada per\u00edodo.<\/p>\n\n\n\n<p><a href=\"https:\/\/www.climatempo.com.br\/previsao-do-tempo\/cidade\/3342\/balneariocamboriu-sc\" target=\"_blank\" rel=\"noopener\">Clima e Previs\u00e3o do Tempo Hoje<\/a><\/p>\n\n\n\n<figure class=\"wp-block-image size-large\"><img fetchpriority=\"high\" decoding=\"async\" width=\"1024\" height=\"576\" src=\"https:\/\/localconnect.com.br\/blog\/wp-content\/uploads\/2026\/03\/bc-artigo-2-1024x576.jpg\" alt=\"Clima em Balneario Camboriu \" class=\"wp-image-10206\" title=\"\" srcset=\"https:\/\/localconnect.com.br\/blog\/wp-content\/uploads\/2026\/03\/bc-artigo-2-1024x576.jpg 1024w, https:\/\/localconnect.com.br\/blog\/wp-content\/uploads\/2026\/03\/bc-artigo-2-300x169.jpg 300w, https:\/\/localconnect.com.br\/blog\/wp-content\/uploads\/2026\/03\/bc-artigo-2-768x432.jpg 768w, https:\/\/localconnect.com.br\/blog\/wp-content\/uploads\/2026\/03\/bc-artigo-2-1536x864.jpg 1536w, https:\/\/localconnect.com.br\/blog\/wp-content\/uploads\/2026\/03\/bc-artigo-2-2048x1152.jpg 2048w, https:\/\/localconnect.com.br\/blog\/wp-content\/uploads\/2026\/03\/bc-artigo-2-150x84.jpg 150w\" sizes=\"(max-width: 1024px) 100vw, 1024px\" \/><\/figure>\n\n\n\n<hr class=\"wp-block-separator has-alpha-channel-opacity\"\/>\n\n\n\n<h2 class=\"wp-block-heading\">Panorama Geral: O que esperar?<\/h2>\n\n\n\n<ul class=\"wp-block-list\">\n<li><strong>Ver\u00e3o (Dez-Mar):<\/strong> Muito quente e \u00famido. Sol forte de manh\u00e3 e pancadas de chuva (&#8220;chuva de ver\u00e3o&#8221;) no fim da tarde.<\/li>\n\n\n\n<li><strong>Inverno (Jun-Ago):<\/strong> Oscila entre dias de sol cristalino e frentes frias \u00famidas. A umidade faz o frio &#8220;entrar nos ossos&#8221;.<\/li>\n\n\n\n<li><strong>O fator &#8220;Sombra&#8221;:<\/strong> Na Praia Central, o sol se esconde atr\u00e1s dos pr\u00e9dios a partir das 14h\/15h. Isso muda a temperatura na areia instantaneamente.<\/li>\n<\/ul>\n\n\n\n<hr class=\"wp-block-separator has-alpha-channel-opacity\"\/>\n\n\n\n<h2 class=\"wp-block-heading\">Janeiro e Fevereiro (O \u00c1pice do Ver\u00e3o)<\/h2>\n\n\n\n<ul class=\"wp-block-list\">\n<li><strong>Temperatura:<\/strong> 22\u00b0C a 32\u00b0C (<strong>Sensa\u00e7\u00e3o t\u00e9rmica: 38\u00b0C a 42\u00b0C<\/strong>)<\/li>\n\n\n\n<li><strong>Chuva:<\/strong> 180\u2013210 mm (Pancadas r\u00e1pidas e intensas)<\/li>\n\n\n\n<li><strong>Clima:<\/strong> Umidade alt\u00edssima. Dias longos e perfeitos para o mar, mas prepare-se para o &#8220;morma\u00e7o&#8221;.<\/li>\n<\/ul>\n\n\n\n<p><strong>MALA INTELIGENTE<\/strong><\/p>\n\n\n\n<ul class=\"wp-block-list\">\n<li><strong>80% Calor Total:<\/strong> Roupas leves, tecidos naturais (linho\/algod\u00e3o).<\/li>\n\n\n\n<li><strong>15% Chuva:<\/strong> Chinelo e guarda-chuva resistente (ventos de trovoada).<\/li>\n\n\n\n<li><strong>5% Ar-Condicionado:<\/strong> Um casaco leve para shoppings e restaurantes<\/li>\n<\/ul>\n\n\n\n<p>Leia tamb\u00e9m: <a href=\"https:\/\/localconnect.com.br\/blog\/santa-catarina\/balneario-camboriu\/verao-em-balneario-camboriu-dicas\/\" data-type=\"link\" data-id=\"https:\/\/localconnect.com.br\/blog\/santa-catarina\/balneario-camboriu\/verao-em-balneario-camboriu-dicas\/\">Ver\u00e3o em Balne\u00e1rio Cambori\u00fa: O que vestir para curtir o litoral<\/a><\/p>\n\n\n\n<h2 class=\"wp-block-heading\">Mar\u00e7o e Abril (A &#8220;Meia-Esta\u00e7\u00e3o&#8221; de Ouro)<\/h2>\n\n\n\n<ul class=\"wp-block-list\">\n<li><strong>Temperatura:<\/strong> 18\u00b0C a 27\u00b0C<\/li>\n\n\n\n<li><strong>Chuva:<\/strong> 120\u2013150 mm<\/li>\n\n\n\n<li><strong>Clima:<\/strong> Para muitos, a melhor \u00e9poca. Menos umidade, sol mais agrad\u00e1vel e noites frescas.<\/li>\n<\/ul>\n\n\n\n<p><strong>MALA INTELIGENTE<\/strong><\/p>\n\n\n\n<ul class=\"wp-block-list\">\n<li><strong>60% Ver\u00e3o:<\/strong> Ainda d\u00e1 praia e sol firme.<\/li>\n\n\n\n<li><strong>30% Conforto:<\/strong> Cal\u00e7as leves e camisetas.<\/li>\n\n\n\n<li><strong>10% Noite:<\/strong> Jaqueta jeans ou cardig\u00e3 para a orla.<\/li>\n<\/ul>\n\n\n\n<h2 class=\"wp-block-heading\">Maio e Junho (A Chegada do Frio)<\/h2>\n\n\n\n<ul class=\"wp-block-list\">\n<li><strong>Temperatura:<\/strong> 14\u00b0C a 22\u00b0C (<strong>M\u00ednimas reais de 10\u00b0C em frentes frias<\/strong>)<\/li>\n\n\n\n<li><strong>Chuva:<\/strong> 90\u2013110 mm (Geralmente mais seco)<\/li>\n\n\n\n<li><strong>Clima:<\/strong> C\u00e9u muito azul e limpo, mas o vento sul come\u00e7a a soprar.<\/li>\n<\/ul>\n\n\n\n<p><strong>MALA INTELIGENTE<\/strong><\/p>\n\n\n\n<ul class=\"wp-block-list\">\n<li><strong>40% Camadas:<\/strong> O famoso &#8220;estilo cebola&#8221; (tira e p\u00f5e casaco).<\/li>\n\n\n\n<li><strong>40% Outono:<\/strong> Malhas leves e t\u00eanis confort\u00e1veis.<\/li>\n\n\n\n<li><strong>20% Frio Real:<\/strong> Um casaco mais pesado para as noites na Avenida Atl\u00e2ntica.<\/li>\n<\/ul>\n\n\n\n<p>Leia tamb\u00e9m: <a href=\"https:\/\/localconnect.com.br\/blog\/santa-catarina\/balneario-camboriu\/o-que-fazer-em-balneario-camboriu-no-inverno\/\">O que fazer am Baln\u00e9ario Cambori\u00fa no Inverno<\/a><\/p>\n\n\n\n<h2 class=\"wp-block-heading\">Julho (O M\u00eas Mais Frio)<\/h2>\n\n\n\n<ul class=\"wp-block-list\">\n<li><strong>Temperatura:<\/strong> 10\u00b0C a 19\u00b0C (<strong>Pode bater 7\u00b0C em madrugadas polares<\/strong>)<\/li>\n\n\n\n<li><strong>Chuva:<\/strong> 100 mm (Chuva persistente se houver frente fria)<\/li>\n\n\n\n<li><strong>Clima:<\/strong> Perfeito para gastronomia e vinhos. A sensa\u00e7\u00e3o t\u00e9rmica na orla \u00e9 baixa devido \u00e0 brisa marinha.<\/li>\n<\/ul>\n\n\n\n<p><strong>MALA INTELIGENTE<\/strong><\/p>\n\n\n\n<ul class=\"wp-block-list\">\n<li><strong>50% Inverno:<\/strong> Casaco t\u00e9rmico, botas e cachecol.<\/li>\n\n\n\n<li><strong>30% Casual:<\/strong> Cal\u00e7as jeans e moletons.<\/li>\n\n\n\n<li><strong>20% Sol:<\/strong> \u00d3culos escuros (o sol de inverno em BC \u00e9 fort\u00edssimo).<\/li>\n<\/ul>\n\n\n\n<h2 class=\"wp-block-heading\">Agosto e Setembro (A Transi\u00e7\u00e3o Inst\u00e1vel)<\/h2>\n\n\n\n<ul class=\"wp-block-list\">\n<li><strong>Temperatura:<\/strong> 13\u00b0C a 23\u00b0C<\/li>\n\n\n\n<li><strong>Chuva:<\/strong> 110\u2013140 mm<\/li>\n\n\n\n<li><strong>Clima:<\/strong> Meses de ventos fortes e mudan\u00e7as bruscas. O tempo vira em quest\u00e3o de horas.<\/li>\n<\/ul>\n\n\n\n<p><strong>MALA INTELIGENTE<\/strong><\/p>\n\n\n\n<ul class=\"wp-block-list\">\n<li><strong>40% Versatilidade:<\/strong> Roupas que barrem o vento (Corta-vento \u00e9 essencial).<\/li>\n\n\n\n<li><strong>40% Meia-esta\u00e7\u00e3o:<\/strong> Malhas m\u00e9dias.<\/li>\n\n\n\n<li><strong>20% Acess\u00f3rios:<\/strong> Guarda-chuva e hidratante (clima mais seco).<\/li>\n<\/ul>\n\n\n\n<h2 class=\"wp-block-heading\">Outubro e Novembro (A Primavera Chuvosa)<\/h2>\n\n\n\n<ul class=\"wp-block-list\">\n<li><strong>Temperatura:<\/strong> 18\u00b0C a 26\u00b0C<\/li>\n\n\n\n<li><strong>Chuva:<\/strong> 150\u2013190 mm (<strong>M\u00eas com maior hist\u00f3rico de chuvas longas<\/strong>)<\/li>\n\n\n\n<li><strong>Clima:<\/strong> O calor volta a subir, mas a umidade traz instabilidade constante.<\/li>\n<\/ul>\n\n\n\n<p><strong>MALA INTELIGENTE<\/strong><\/p>\n\n\n\n<ul class=\"wp-block-list\">\n<li><strong>60% Pr\u00e9-ver\u00e3o:<\/strong> Bermudas, vestidos e camisetas.<\/li>\n\n\n\n<li><strong>30% Plano B:<\/strong> Capas de chuva de qualidade e cal\u00e7ados que possam molhar.<\/li>\n\n\n\n<li><strong>10% Vento:<\/strong> Um agasalho leve para viradas de tempo.<\/li>\n<\/ul>\n\n\n\n<h2 class=\"wp-block-heading\">Dezembro (In\u00edcio da Festa)<\/h2>\n\n\n\n<ul class=\"wp-block-list\">\n<li><strong>Temperatura:<\/strong> 21\u00b0C a 30\u00b0C (<strong>Abafado<\/strong>)<\/li>\n\n\n\n<li><strong>Chuva:<\/strong> 170 mm<\/li>\n\n\n\n<li><strong>Clima:<\/strong> Cidade lotada e clima de festa. Calor intenso com temporais de final de tarde.<\/li>\n<\/ul>\n\n\n\n<p><strong>MALA INTELIGENTE<\/strong><\/p>\n\n\n\n<ul class=\"wp-block-list\">\n<li><strong>90% Ver\u00e3o Intenso:<\/strong> Muita roupa de banho e trocas de roupa (voc\u00ea vai suar bastante).<\/li>\n\n\n\n<li><strong>10% Emerg\u00eancia:<\/strong> Guarda-chuva port\u00e1til para as sa\u00eddas noturnas.<\/li>\n<\/ul>\n\n\n\n<p>Leia tamb\u00e9m: <a href=\"https:\/\/localconnect.com.br\/blog\/santa-catarina\/balneario-camboriu\/descubra-como-e-balneario-camboriu-em-dezembro\/\" data-type=\"link\" data-id=\"https:\/\/localconnect.com.br\/blog\/santa-catarina\/balneario-camboriu\/descubra-como-e-balneario-camboriu-em-dezembro\/\">Descubra como \u00e9 Balne\u00e1rio Cambori\u00fa em dezembro<\/a><\/p>\n\n\n\n<h2 class=\"wp-block-heading\">Plano B para dias de chuva em Balne\u00e1rio Cambori\u00fa<\/h2>\n\n\n\n<p>Mesmo com o tempo inst\u00e1vel, Balne\u00e1rio Cambori\u00fa oferece diversas op\u00e7\u00f5es para aproveitar o dia com conforto, seja em fam\u00edlia, em casal ou com amigos. Como a chuva costuma ser r\u00e1pida no ver\u00e3o e mais prolongada no inverno, ter alternativas planejadas faz toda a diferen\u00e7a na experi\u00eancia.<strong><\/strong><\/p>\n\n\n\n<p><strong>Oceanic Aquarium<br><\/strong>Um dos maiores aqu\u00e1rios do Sul do Brasil, re\u00fane esp\u00e9cies marinhas e de \u00e1gua doce em uma experi\u00eancia educativa e imersiva, ideal para fam\u00edlias com crian\u00e7as.<\/p>\n\n\n\n<p><strong>Space Adventure<br><\/strong>Espa\u00e7o tem\u00e1tico e interativo inspirado no universo da explora\u00e7\u00e3o espacial, com ambientes tecnol\u00f3gicos e experi\u00eancias que encantam adultos e crian\u00e7as.<\/p>\n\n\n\n<p><strong>Classic Car Show<br><\/strong>Museu com cole\u00e7\u00e3o de carros cl\u00e1ssicos e raridades automobil\u00edsticas que combinam nostalgia, hist\u00f3ria e cen\u00e1rios perfeitos para fotos.<\/p>\n\n\n\n<p><strong>Mov Indoor<br><\/strong>Parque indoor com atividades recreativas e esportivas, ideal para gastar energia em seguran\u00e7a, especialmente em dias de chuva com crian\u00e7as.<\/p>\n\n\n\n<p><strong>Atl\u00e2ntico Shopping<br><\/strong>Localizado no centro da cidade, \u00e9 uma op\u00e7\u00e3o pr\u00e1tica para compras r\u00e1pidas, caf\u00e9s e pausa estrat\u00e9gica durante a chuva.<\/p>\n\n\n\n<p><strong>Balne\u00e1rio Shopping<br><\/strong>Um dos principais centros comerciais da regi\u00e3o, re\u00fane grandes marcas, cinema e ampla pra\u00e7a de alimenta\u00e7\u00e3o.<\/p>\n\n\n\n<p><strong>PZ Ecomall<br><\/strong>Espa\u00e7o gastron\u00f4mico moderno, com ambiente descontra\u00eddo e variedade de restaurantes.<\/p>\n\n\n\n<p><strong>Camel\u00f3dromo de Balne\u00e1rio Cambori\u00fa<br><\/strong>Tradicional ponto de com\u00e9rcio popular, ideal para quem quer comprar lembran\u00e7as, artesanato e produtos variados mesmo em dias chuvosos.<\/p>\n\n\n\n<h2 class=\"wp-block-heading\">Melhor \u00e9poca para visitar Balne\u00e1rio Cambori\u00fa<\/h2>\n\n\n\n<p>Para quem busca praia e agito, dezembro a mar\u00e7o concentram calor e alta temporada. J\u00e1 mar\u00e7o e abril oferecem clima equilibrado e menos movimento. No inverno, a cidade fica mais tranquila, ideal para gastronomia, compras e passeios urbanos.<\/p>\n\n\n\n<p><strong>Para Praia:<\/strong> Mar\u00e7o (\u00e1gua quente, menos multid\u00e3o e menos chuva que janeiro).<\/p>\n\n\n\n<p><strong>Para Economia e Gastronomia:<\/strong> Maio e Junho (clima seco e pre\u00e7os de baixa temporada).<\/p>\n\n\n\n<p><strong>Para Agito:<\/strong> Dezembro e Janeiro (preparando o esp\u00edrito para o calor e o tr\u00e2nsito)<\/p>\n\n\n\n<hr class=\"wp-block-separator has-alpha-channel-opacity\"\/>\n\n\n\n<h2 class=\"wp-block-heading\">Conclus\u00e3o<\/h2>\n\n\n\n<p>O clima em Balne\u00e1rio Cambori\u00fa permite aproveitar a cidade o ano inteiro. Entender o comportamento das temperaturas e das chuvas ajuda a planejar melhor a viagem e montar uma mala inteligente adequada para cada m\u00eas.<\/p>\n\n\n\n<p>Independentemente da esta\u00e7\u00e3o, sempre vale incluir roupas vers\u00e1teis, prote\u00e7\u00e3o solar e uma op\u00e7\u00e3o leve para dias de instabilidade. Assim, voc\u00ea aproveita a cidade com conforto \u2014 fa\u00e7a sol, fa\u00e7a frio ou venha aquela pancada t\u00edpica de fim de tarde.<\/p>\n<div class=\"pld-like-dislike-wrap pld-custom\">\r\n    <div class=\"pld-like-wrap  pld-common-wrap\">\r\n    <a href=\"javascript:void(0)\" class=\"pld-like-trigger pld-like-dislike-trigger  \" title=\"\" data-post-id=\"10203\" data-trigger-type=\"like\" data-restriction=\"no\" data-already-liked=\"0\">\r\n                            <img src=\"https:\/\/localconnect.com.br\/blog\/wp-content\/uploads\/2024\/02\/like-1-2.png\" alt=\"\" \/>\r\n            <\/a>\r\n    <span class=\"pld-like-count-wrap pld-count-wrap\">    <\/span>\r\n<\/div><div class=\"pld-dislike-wrap  pld-common-wrap\">\r\n    <a href=\"javascript:void(0)\" class=\"pld-dislike-trigger pld-like-dislike-trigger  \" title=\"\" data-post-id=\"10203\" data-trigger-type=\"dislike\" data-restriction=\"no\" data-already-liked=\"0\">\r\n                            <img src=\"https:\/\/localconnect.com.br\/blog\/wp-content\/uploads\/2024\/02\/image-2.png\" alt=\"\" \/>\r\n            <\/a>\r\n    <span class=\"pld-dislike-count-wrap pld-count-wrap\"><\/span>\r\n<\/div><\/div>","protected":false},"excerpt":{"rendered":"<p>Descubra como \u00e9 o clima em Balne\u00e1rio Cambori\u00fa m\u00eas a m\u00eas, temperaturas m\u00e9dias, per\u00edodo de chuvas e como montar uma mala inteligente para cada esta\u00e7\u00e3o. Balne\u00e1rio Cambori\u00fa, no litoral norte de Santa Catarina, tem clima subtropical \u00famido, com ver\u00f5es quentes e invernos amenos. Para quem est\u00e1 planejando viagem \u2014 ou mesmo para moradores que querem [&hellip;]<\/p>\n","protected":false},"author":2,"featured_media":10204,"comment_status":"open","ping_status":"open","sticky":false,"template":"","format":"standard","meta":{"_joinchat":[],"footnotes":""},"categories":[30,29,95],"tags":[],"class_list":["post-10203","post","type-post","status-publish","format-standard","has-post-thumbnail","hentry","category-balneario-camboriu","category-santa-catarina","category-tendencias-agora"],"_links":{"self":[{"href":"https:\/\/localconnect.com.br\/blog\/wp-json\/wp\/v2\/posts\/10203","targetHints":{"allow":["GET"]}}],"collection":[{"href":"https:\/\/localconnect.com.br\/blog\/wp-json\/wp\/v2\/posts"}],"about":[{"href":"https:\/\/localconnect.com.br\/blog\/wp-json\/wp\/v2\/types\/post"}],"author":[{"embeddable":true,"href":"https:\/\/localconnect.com.br\/blog\/wp-json\/wp\/v2\/users\/2"}],"replies":[{"embeddable":true,"href":"https:\/\/localconnect.com.br\/blog\/wp-json\/wp\/v2\/comments?post=10203"}],"version-history":[{"count":1,"href":"https:\/\/localconnect.com.br\/blog\/wp-json\/wp\/v2\/posts\/10203\/revisions"}],"predecessor-version":[{"id":10207,"href":"https:\/\/localconnect.com.br\/blog\/wp-json\/wp\/v2\/posts\/10203\/revisions\/10207"}],"wp:featuredmedia":[{"embeddable":true,"href":"https:\/\/localconnect.com.br\/blog\/wp-json\/wp\/v2\/media\/10204"}],"wp:attachment":[{"href":"https:\/\/localconnect.com.br\/blog\/wp-json\/wp\/v2\/media?parent=10203"}],"wp:term":[{"taxonomy":"category","embeddable":true,"href":"https:\/\/localconnect.com.br\/blog\/wp-json\/wp\/v2\/categories?post=10203"},{"taxonomy":"post_tag","embeddable":true,"href":"https:\/\/localconnect.com.br\/blog\/wp-json\/wp\/v2\/tags?post=10203"}],"curies":[{"name":"wp","href":"https:\/\/api.w.org\/{rel}","templated":true}]}}