{"id":4070,"date":"2024-07-09T12:15:40","date_gmt":"2024-07-09T15:15:40","guid":{"rendered":"https:\/\/localconnect.com.br\/blog\/?p=4070"},"modified":"2025-10-24T20:45:52","modified_gmt":"2025-10-24T23:45:52","slug":"verao-em-balneario-camboriu-dicas","status":"publish","type":"post","link":"https:\/\/localconnect.com.br\/blog\/santa-catarina\/balneario-camboriu\/verao-em-balneario-camboriu-dicas\/","title":{"rendered":"Ver\u00e3o em Balne\u00e1rio Cambori\u00fa: O que vestir para curtir o litoral"},"content":{"rendered":"\n<p>Como morador, voc\u00ea sabe que o ver\u00e3o em Balne\u00e1rio Cambori\u00fa \u00e9 a esta\u00e7\u00e3o mais animada e movimentada da cidade. Com suas praias lindas, eventos inesquec\u00edveis e o agito nas ruas, \u00e9 preciso estar bem preparado para aproveitar tudo o que a temporada tem a oferecer.<\/p>\n\n\n\n<p>Sabendo disso, hoje vamos trazer dicas de pe\u00e7as pr\u00e1ticas e vers\u00e1teis at\u00e9 acess\u00f3rios indispens\u00e1veis para voc\u00ea se vestir bem nessa temporada. Inclusive, a \u00faltima dica vai te ajudar demais a economizar nessa mudan\u00e7a de look!<\/p>\n\n\n\n<p>Portanto, vem com a gente conferir algumas dicas para se vestir bem no ver\u00e3o em Balne\u00e1rio Cambori\u00fa. Confira agora mesmo!<\/p>\n\n\n\n<h2 class=\"wp-block-heading\">Quando \u00e9 o ver\u00e3o em Balne\u00e1rio Cambori\u00fa?<\/h2>\n\n\n\n<p>O ver\u00e3o em Balne\u00e1rio Cambori\u00fa geralmente se estende de dezembro a fevereiro, per\u00edodo em que a cidade recebe um grande influxo de visitantes atra\u00eddos por suas praias, atividades ao ar livre e sua animada vida noturna.<\/p>\n\n\n\n<p>Nessa \u00e9poca do ano, as temperaturas na regi\u00e3o podem chegar a altos n\u00edveis, com m\u00e9dias entre 25\u00b0C a 35\u00b0C, tornando fundamental a escolha de roupas leves e respir\u00e1veis para se manter confort\u00e1vel e aproveitar plenamente tudo o que a cidade tem a oferecer.<\/p>\n\n\n\n<h2 class=\"wp-block-heading\">Ver\u00e3o em Balne\u00e1rio Cambori\u00fa: Dicas de como se vestir bem!<\/h2>\n\n\n\n<figure class=\"wp-block-gallery has-nested-images columns-default is-cropped wp-block-gallery-1 is-layout-flex wp-block-gallery-is-layout-flex\">\n<figure class=\"wp-block-image size-large\"><img fetchpriority=\"high\" decoding=\"async\" width=\"600\" height=\"400\" data-id=\"4073\" src=\"https:\/\/localconnect.com.br\/blog\/wp-content\/uploads\/2024\/05\/vestida-para-o-verao-em-Balneario-Camboriu.webp\" alt=\"\" class=\"wp-image-4073\" title=\"\" srcset=\"https:\/\/localconnect.com.br\/blog\/wp-content\/uploads\/2024\/05\/vestida-para-o-verao-em-Balneario-Camboriu.webp 600w, https:\/\/localconnect.com.br\/blog\/wp-content\/uploads\/2024\/05\/vestida-para-o-verao-em-Balneario-Camboriu-300x200.webp 300w, https:\/\/localconnect.com.br\/blog\/wp-content\/uploads\/2024\/05\/vestida-para-o-verao-em-Balneario-Camboriu-150x100.webp 150w\" sizes=\"(max-width: 600px) 100vw, 600px\" \/><\/figure>\n<\/figure>\n\n\n\n<h3 class=\"wp-block-heading\"><strong>Escolha roupas leves e respir\u00e1veis<\/strong><\/h3>\n\n\n\n<p>Durante os meses de ver\u00e3o, o morador de Balne\u00e1rio Cambori\u00fa deve se atentar \u00e0 escolha de suas roupas.<\/p>\n\n\n\n<p>Afinal de contas, as altas temperaturas e a constante exposi\u00e7\u00e3o ao sol exigem cuidados especiais na hora de se vestir. Logo, a primeira dica essencial \u00e9 optar por roupas leves e respir\u00e1veis.<\/p>\n\n\n\n<p>Ent\u00e3o, deve-se evitar tecidos pesados e sint\u00e9ticos, que tendem a reter o calor e deix\u00e1-lo desconfort\u00e1vel.<\/p>\n\n\n\n<p>O ideal \u00e9 preferir tecidos naturais, como algod\u00e3o, linho e seda, que permitem uma maior circula\u00e7\u00e3o de ar e ajudam a manter o corpo fresco, mesmo nos dias mais quentes.<\/p>\n\n\n\n<p>Esses tecidos leves e respir\u00e1veis n\u00e3o apenas mant\u00eam a pessoa confort\u00e1vel, mas tamb\u00e9m facilitam a transpira\u00e7\u00e3o, evitando que o suor se acumule e cause desconforto.<\/p>\n\n\n\n<p>Al\u00e9m disso, eles secam rapidamente, o que \u00e9 essencial para quem pretende passar grande parte do dia em atividades ao ar livre no ver\u00e3o em Balne\u00e1rio Cambori\u00fa.<\/p>\n\n\n\n<h3 class=\"wp-block-heading\"><strong>Prefira cores claras e neutras<\/strong><\/h3>\n\n\n\n<p>Outra dica importante \u00e9 apostar em cores claras e neutras em suas roupas. Tons como branco, bege, azul-claro e cinza tendem a refletir melhor a luz do sol, mantendo o corpo mais fresco e evitando que absorva tanto calor.<\/p>\n\n\n\n<p>As cores escuras, por outro lado, absorvem mais energia e podem deix\u00e1-lo ainda mais quente. Ent\u00e3o, o morador deve evitar pe\u00e7as em tons escuros, como preto, marrom e verde-escuro, especialmente durante os dias mais intensos de sol.<\/p>\n\n\n\n<p>Al\u00e9m disso, as cores claras e neutras combinam facilmente com diversos acess\u00f3rios e pe\u00e7as, facilitando a cria\u00e7\u00e3o de looks vers\u00e1teis e elegantes. O indiv\u00edduo pode brincar com diferentes combina\u00e7\u00f5es, adaptando seu estilo \u00e0s diversas ocasi\u00f5es do ver\u00e3o em Balne\u00e1rio Cambori\u00fa.<\/p>\n\n\n\n<h3 class=\"wp-block-heading\"><strong>Invista em pe\u00e7as leves e soltas<\/strong><\/h3>\n\n\n\n<p>Outro aspecto importante na hora de se vestir bem durante o ver\u00e3o \u00e9 optar por pe\u00e7as de roupa leves e soltas. Deve-se evitar roupas justas e apertadas, que podem ficar desconfort\u00e1veis com o calor e a umidade.<\/p>\n\n\n\n<p>Vestidos, saias rodadas, camisetas e shorts s\u00e3o excelentes op\u00e7\u00f5es, pois permitem uma maior mobilidade e circula\u00e7\u00e3o de ar. Esses modelos mais soltos e fluidos evitam o ac\u00famulo de suor e proporcionam uma sensa\u00e7\u00e3o de frescor, mesmo nos dias mais quentes.<\/p>\n\n\n\n<p>Al\u00e9m disso, as pe\u00e7as leves e soltas combinam perfeitamente com o estilo descontra\u00eddo e praiano de Balne\u00e1rio Cambori\u00fa. O morador poder\u00e1 se movimentar com mais facilidade durante suas atividades di\u00e1rias, seja caminhando pela orla, nadando no mar ou aproveitando os eventos da cidade.<\/p>\n\n\n\n<h3 class=\"wp-block-heading\"><strong>Aposte em tecidos naturais<\/strong><\/h3>\n\n\n\n<figure class=\"wp-block-image is-resized\"><img decoding=\"async\" src=\"https:\/\/img.freepik.com\/fotos-premium\/vista-traseira-de-bonito-menina-asian-com-chapeu-praia_44289-573.jpg\" alt=\"Vista traseira, de, bonito, menina asian, com, chap\u00e9u, praia | Foto Premium\" style=\"width:840px;height:auto\" title=\"\"><\/figure>\n\n\n\n<p>Al\u00e9m de serem mais respir\u00e1veis, os tecidos naturais, como o algod\u00e3o, o linho e a seda, tendem a ser mais macios e agrad\u00e1veis ao toque. Eles tamb\u00e9m se adaptam melhor \u00e0s varia\u00e7\u00f5es de temperatura, o que \u00e9 essencial durante o ver\u00e3o em Balne\u00e1rio Cambori\u00fa.<\/p>\n\n\n\n<p>Enquanto os tecidos sint\u00e9ticos podem gerar desconforto e irrita\u00e7\u00e3o na pele, os tecidos naturais oferecem um maior conforto e uma sensa\u00e7\u00e3o de frescor. Eles absorvem melhor a umidade, evitando que a pessoa fique suada e desconfort\u00e1vel.<\/p>\n\n\n\n<p>Al\u00e9m disso, os tecidos naturais t\u00eam uma apar\u00eancia mais elegante e refinada, o que combina perfeitamente com o estilo praiano e descontra\u00eddo da cidade. O morador poder\u00e1 criar looks incr\u00edveis e se sentir confort\u00e1vel durante todo o dia.<\/p>\n\n\n\n<h3 class=\"wp-block-heading\"><strong>Invista em pe\u00e7as vers\u00e1teis<\/strong><\/h3>\n\n\n\n<p>Ao montar seu guarda-roupa para a temporada de ver\u00e3o, \u00e9 importante investir em pe\u00e7as vers\u00e1teis, que podem ser facilmente combinadas e adaptadas a diferentes ocasi\u00f5es.<\/p>\n\n\n\n<p>Um vestido b\u00e1sico, por exemplo, pode ser usado tanto para um passeio na praia quanto para um jantar no centro da cidade.<\/p>\n\n\n\n<p>Essa versatilidade facilita a cria\u00e7\u00e3o de looks variados, evitando a necessidade de levar muitas roupas em sua rotina di\u00e1ria.<\/p>\n\n\n\n<p>Ao optar por pe\u00e7as vers\u00e1teis, o morador poder\u00e1 economizar espa\u00e7o no arm\u00e1rio e ter a flexibilidade de se adaptar a diferentes situa\u00e7\u00f5es, desde atividades esportivas e recreativas at\u00e9 eventos mais formais.<\/p>\n\n\n\n<h3 class=\"wp-block-heading\"><strong>N\u00e3o esque\u00e7a os acess\u00f3rios<\/strong><\/h3>\n\n\n\n<p>Por fim, n\u00e3o se deve esquecer de complementar os looks de ver\u00e3o em Balne\u00e1rio Cambori\u00fa com os acess\u00f3rios certos.<\/p>\n\n\n\n<p>Portanto, itens como chap\u00e9us, \u00f3culos de sol, bolsas leves e sand\u00e1lias confort\u00e1veis s\u00e3o essenciais para se proteger do sol forte e manter o estilo.<\/p>\n\n\n\n<p>Esses acess\u00f3rios n\u00e3o apenas protegem a pessoa dos raios UV, mas tamb\u00e9m ajudam a compor diferentes estilos, de acordo com a ocasi\u00e3o.<\/p>\n\n\n\n<p>Um chap\u00e9u de palha, por exemplo, pode dar um toque mais casual a um look de praia, enquanto \u00f3culos de sol sofisticados podem complementar um visual mais elegante para um jantar \u00e0 beira-mar.<\/p>\n\n\n\n<p>Ent\u00e3o, o morador deve investir nesses acess\u00f3rios. Eles ir\u00e3o n\u00e3o apenas real\u00e7ar sua apar\u00eancia, mas tamb\u00e9m garantir seu conforto e prote\u00e7\u00e3o durante os dias de ver\u00e3o em Balne\u00e1rio Cambori\u00fa.<\/p>\n\n\n\n<h2 class=\"wp-block-heading\">Como economizar em looks de ver\u00e3o em Balne\u00e1rio Cambori\u00fa?<\/h2>\n\n\n\n<figure class=\"wp-block-image size-full\"><img decoding=\"async\" width=\"643\" height=\"545\" src=\"https:\/\/localconnect.com.br\/blog\/wp-content\/uploads\/2024\/04\/Como-utilizar-a-telemedicina-em-Balneario-Camboriu-com-a-LocalConnect.png\" alt=\"Como utilizar a telemedicina em Balne\u00e1rio Cambori\u00fa com a LocalConnect?\" class=\"wp-image-3943\" title=\"\" srcset=\"https:\/\/localconnect.com.br\/blog\/wp-content\/uploads\/2024\/04\/Como-utilizar-a-telemedicina-em-Balneario-Camboriu-com-a-LocalConnect.png 643w, https:\/\/localconnect.com.br\/blog\/wp-content\/uploads\/2024\/04\/Como-utilizar-a-telemedicina-em-Balneario-Camboriu-com-a-LocalConnect-300x254.png 300w, https:\/\/localconnect.com.br\/blog\/wp-content\/uploads\/2024\/04\/Como-utilizar-a-telemedicina-em-Balneario-Camboriu-com-a-LocalConnect-150x127.png 150w\" sizes=\"(max-width: 643px) 100vw, 643px\" \/><\/figure>\n\n\n\n<p>A melhor forma de economizar no look de ver\u00e3o em Balne\u00e1rio Cambori\u00fa \u00e9 utilizar o aplicativo Local Connect.<\/p>\n\n\n\n<p>Essa plataforma oferece descontos exclusivos e cashbacks em diversos estabelecimentos parceiros da cidade, desde lojas de roupas, servi\u00e7os de beleza at\u00e9 farm\u00e1cias.<\/p>\n\n\n\n<p>Al\u00e9m dos descontos regulares, a Local Connect tamb\u00e9m disponibiliza promo\u00e7\u00f5es especiais, sorteios e ofertas sazonais, permitindo que o morador aproveite ainda mais as oportunidades de economizar durante o ver\u00e3o em Balne\u00e1rio Cambori\u00fa.<\/p>\n\n\n\n<p>Ao fazer parte do programa de fidelidade da Local Connect, voc\u00ea pode acumular pontos a cada compra realizada, trocando-os posteriormente por pr\u00eamios, brindes ou novos descontos, otimizando ainda mais seus gastos com a renova\u00e7\u00e3o do guarda-roupa de ver\u00e3o.<\/p>\n\n\n\n<div class=\"wp-block-buttons is-content-justification-center is-layout-flex wp-container-core-buttons-is-layout-a89b3969 wp-block-buttons-is-layout-flex\">\n<div class=\"wp-block-button\"><a class=\"wp-block-button__link wp-element-button\" href=\"https:\/\/localconnect.com.br\/app-baixe-agora\/?utm_source=blog&amp;utm_medium=blog-post&amp;utm_campaign=baixe-app-30-dias\">Clique aqui e conhe\u00e7a a Local Connect<\/a><\/div>\n<\/div>\n<div class=\"pld-like-dislike-wrap pld-custom\">\r\n    <div class=\"pld-like-wrap  pld-common-wrap\">\r\n    <a href=\"javascript:void(0)\" class=\"pld-like-trigger pld-like-dislike-trigger  \" title=\"\" data-post-id=\"4070\" data-trigger-type=\"like\" data-restriction=\"no\" data-already-liked=\"0\">\r\n                            <img src=\"https:\/\/localconnect.com.br\/blog\/wp-content\/uploads\/2024\/02\/like-1-2.png\" alt=\"\" \/>\r\n            <\/a>\r\n    <span class=\"pld-like-count-wrap pld-count-wrap\">    <\/span>\r\n<\/div><div class=\"pld-dislike-wrap  pld-common-wrap\">\r\n    <a href=\"javascript:void(0)\" class=\"pld-dislike-trigger pld-like-dislike-trigger  \" title=\"\" data-post-id=\"4070\" data-trigger-type=\"dislike\" data-restriction=\"no\" data-already-liked=\"0\">\r\n                            <img src=\"https:\/\/localconnect.com.br\/blog\/wp-content\/uploads\/2024\/02\/image-2.png\" alt=\"\" \/>\r\n            <\/a>\r\n    <span class=\"pld-dislike-count-wrap pld-count-wrap\"><\/span>\r\n<\/div><\/div>","protected":false},"excerpt":{"rendered":"<p>Como morador, voc\u00ea sabe que o ver\u00e3o em Balne\u00e1rio Cambori\u00fa \u00e9 a esta\u00e7\u00e3o mais animada e movimentada da cidade. Com suas praias lindas, eventos inesquec\u00edveis e o agito nas ruas, \u00e9 preciso estar bem preparado para aproveitar tudo o que a temporada tem a oferecer. Sabendo disso, hoje vamos trazer dicas de pe\u00e7as pr\u00e1ticas e [&hellip;]<\/p>\n","protected":false},"author":3,"featured_media":5126,"comment_status":"open","ping_status":"open","sticky":false,"template":"","format":"standard","meta":{"_joinchat":[],"footnotes":""},"categories":[30,79,81,29],"tags":[88],"class_list":["post-4070","post","type-post","status-publish","format-standard","has-post-thumbnail","hentry","category-balneario-camboriu","category-eventos-noticias","category-novidades-de-bc-e-regiao","category-santa-catarina","tag-balneario-camboriu"],"_links":{"self":[{"href":"https:\/\/localconnect.com.br\/blog\/wp-json\/wp\/v2\/posts\/4070","targetHints":{"allow":["GET"]}}],"collection":[{"href":"https:\/\/localconnect.com.br\/blog\/wp-json\/wp\/v2\/posts"}],"about":[{"href":"https:\/\/localconnect.com.br\/blog\/wp-json\/wp\/v2\/types\/post"}],"author":[{"embeddable":true,"href":"https:\/\/localconnect.com.br\/blog\/wp-json\/wp\/v2\/users\/3"}],"replies":[{"embeddable":true,"href":"https:\/\/localconnect.com.br\/blog\/wp-json\/wp\/v2\/comments?post=4070"}],"version-history":[{"count":0,"href":"https:\/\/localconnect.com.br\/blog\/wp-json\/wp\/v2\/posts\/4070\/revisions"}],"wp:featuredmedia":[{"embeddable":true,"href":"https:\/\/localconnect.com.br\/blog\/wp-json\/wp\/v2\/media\/5126"}],"wp:attachment":[{"href":"https:\/\/localconnect.com.br\/blog\/wp-json\/wp\/v2\/media?parent=4070"}],"wp:term":[{"taxonomy":"category","embeddable":true,"href":"https:\/\/localconnect.com.br\/blog\/wp-json\/wp\/v2\/categories?post=4070"},{"taxonomy":"post_tag","embeddable":true,"href":"https:\/\/localconnect.com.br\/blog\/wp-json\/wp\/v2\/tags?post=4070"}],"curies":[{"name":"wp","href":"https:\/\/api.w.org\/{rel}","templated":true}]}}