{"id":4444,"date":"2024-11-12T16:35:43","date_gmt":"2024-11-12T19:35:43","guid":{"rendered":"https:\/\/localconnect.com.br\/blog\/?p=4444"},"modified":"2026-02-02T16:58:45","modified_gmt":"2026-02-02T19:58:45","slug":"praia-central-de-balneario-camboriu","status":"publish","type":"post","link":"https:\/\/localconnect.com.br\/blog\/santa-catarina\/balneario-camboriu\/praia-central-de-balneario-camboriu\/","title":{"rendered":"Tudo o que voc\u00ea precisa saber sobre a Praia Central de Balne\u00e1rio Cambori\u00fa (Atualizado 2026)"},"content":{"rendered":"\n<p>A Praia Central de Balne\u00e1rio Cambori\u00fa \u00e9 um dos principais s\u00edmbolos do litoral catarinense e uma das mais visitadas do Brasil.<\/p>\n\n\n\n<p>Com seus arranha-c\u00e9us que se estendem ao longo da orla, a praia ganhou o apelido de &#8220;Dubai Brasileira&#8221;. A combina\u00e7\u00e3o \u00fanica de natureza e modernidade faz da Praia Central um ponto atrativo para turistas de todas as partes.<\/p>\n\n\n\n<p>Por isso, hoje voc\u00ea vai conferir as principais informa\u00e7\u00f5es sobre a Praia Central de Balne\u00e1rio Cambori\u00fa. Veja!<\/p>\n\n\n\n<h2 class=\"wp-block-heading\">Hist\u00f3ria e desenvolvimento da Praia Central<\/h2>\n\n\n\n<p>A hist\u00f3ria da Praia Central de Balne\u00e1rio Cambori\u00fa remonta ao in\u00edcio do s\u00e9culo 20, quando ela ainda era um lugar pouco habitado.<\/p>\n\n\n\n<p>O primeiro hotel da regi\u00e3o, o Strand Hotel, surgiu em 1928, atraindo visitantes interessados nos benef\u00edcios terap\u00eauticos dos banhos de mar. A partir dessa \u00e9poca, o crescimento da cidade e o desenvolvimento do turismo come\u00e7aram a moldar a voca\u00e7\u00e3o da praia como um dos principais pontos tur\u00edsticos do sul do Brasil.<\/p>\n\n\n\n<p>Com a emancipa\u00e7\u00e3o de Balne\u00e1rio Cambori\u00fa em 1964, a Praia Central se consolidou como a principal atra\u00e7\u00e3o da cidade. Hoje, ela \u00e9 um reflexo de como o munic\u00edpio conseguiu unir urbaniza\u00e7\u00e3o e preserva\u00e7\u00e3o ambiental, transformando-se em um destino desejado por turistas nacionais e internacionais.<\/p>\n\n\n\n<h2 class=\"wp-block-heading\">Estrutura e infraestrutura completa<\/h2>\n\n\n\n<p>A Praia Central de Balne\u00e1rio Cambori\u00fa se estende por cerca de sete quil\u00f4metros, conectando a Barra Norte \u00e0 Barra Sul. Essa extens\u00e3o oferece um espa\u00e7o bem distribu\u00eddo com um cal\u00e7ad\u00e3o, ciclovia e a <a href=\"https:\/\/localconnect.com.br\/blog\/santa-catarina\/balneario-camboriu\/avenida-atlantica-em-balneario\/\">Avenida Atl\u00e2ntica<\/a>, que acompanha toda a costa.<\/p>\n\n\n\n<p>&nbsp;Essa infraestrutura \u00e9 projetada para garantir que pedestres, ciclistas e ve\u00edculos convivam de forma harmoniosa, criando o espa\u00e7o perfeito tanto para o lazer quanto para a pr\u00e1tica de esportes.<\/p>\n\n\n\n<p>O local \u00e9 repleto de quiosques e barracas que servem bebidas, petiscos e oferecem aluguel de cadeiras e guarda-s\u00f3is. Al\u00e9m disso, h\u00e1 duchas p\u00fablicas ao longo da praia, permitindo que os visitantes retirem a areia antes de retornarem \u00e0s atividades urbanas.<\/p>\n\n\n\n<p>Com op\u00e7\u00f5es variadas de lazer e servi\u00e7o, a Praia Central de Balne\u00e1rio Cambori\u00fa \u00e9, cm com certeza, um dos pontos mais completos para turistas e moradores.<\/p>\n\n\n\n<h2 class=\"wp-block-heading\">Eventos e acontecimentos na Praia Central<\/h2>\n\n\n\n<figure class=\"wp-block-gallery has-nested-images columns-default is-cropped wp-block-gallery-1 is-layout-flex wp-block-gallery-is-layout-flex\">\n<figure class=\"wp-block-image size-large\"><img fetchpriority=\"high\" decoding=\"async\" width=\"956\" height=\"603\" data-id=\"4447\" src=\"https:\/\/localconnect.com.br\/blog\/wp-content\/uploads\/2024\/11\/Carnaval-na-Praia-Central-de-Balneario-Camboriu.jpg\" alt=\"\" class=\"wp-image-4447\" title=\"\" srcset=\"https:\/\/localconnect.com.br\/blog\/wp-content\/uploads\/2024\/11\/Carnaval-na-Praia-Central-de-Balneario-Camboriu.jpg 956w, https:\/\/localconnect.com.br\/blog\/wp-content\/uploads\/2024\/11\/Carnaval-na-Praia-Central-de-Balneario-Camboriu-300x189.jpg 300w, https:\/\/localconnect.com.br\/blog\/wp-content\/uploads\/2024\/11\/Carnaval-na-Praia-Central-de-Balneario-Camboriu-768x484.jpg 768w, https:\/\/localconnect.com.br\/blog\/wp-content\/uploads\/2024\/11\/Carnaval-na-Praia-Central-de-Balneario-Camboriu-150x95.jpg 150w\" sizes=\"(max-width: 956px) 100vw, 956px\" \/><\/figure>\n<\/figure>\n\n\n\n<p>A Praia Central de Balne\u00e1rio Cambori\u00fa \u00e9 muito mais do que apenas um lugar para relaxar ao sol. Ela \u00e9 palco de diversos eventos e comemora\u00e7\u00f5es durante todo o ano.<\/p>\n\n\n\n<p>A Pra\u00e7a Almirante Tamandar\u00e9, localizada na \u00e1rea central da praia, \u00e9 um ponto de encontro popular e recebe shows, manifesta\u00e7\u00f5es culturais e apresenta\u00e7\u00f5es art\u00edsticas. &nbsp;<\/p>\n\n\n\n<p>Durante o Carnaval, a Praia Central de Balne\u00e1rio Cambori\u00fa se transforma em uma verdadeira festa ao ar livre. O carnaval de rua re\u00fane blocos, trios el\u00e9tricos e muita anima\u00e7\u00e3o, tudo acompanhado pelo belo cen\u00e1rio da orla e da Pra\u00e7a Tamandar\u00e9, onde ocorrem shows e apresenta\u00e7\u00f5es.<\/p>\n\n\n\n<p>O R\u00e9veillon, por\u00e9m, \u00e9 o evento mais aguardado. A praia recebe mais de um milh\u00e3o de pessoas para assistir \u00e0 famosa queima de fogos, que dura cerca de 15 minutos, criando um espet\u00e1culo de luzes sobre o oceano.<\/p>\n\n\n\n<p>A experi\u00eancia de virar o ano na Praia Central de Balne\u00e1rio Cambori\u00fa \u00e9 considerada \u00fanica e inesquec\u00edvel, atraindo visitantes de todas as regi\u00f5es.<\/p>\n\n\n\n<h2 class=\"wp-block-heading\">Lazer e atividades na Praia Central<\/h2>\n\n\n\n<p>A Praia Central de Balne\u00e1rio Cambori\u00fa n\u00e3o se limita apenas ao banho de mar e ao bronzeado. Para os esportistas, a praia oferece quadras de beach t\u00eanis e espa\u00e7os para a pr\u00e1tica de bocha.<\/p>\n\n\n\n<p>Na regi\u00e3o da Barra Norte, existe um deque de madeira que garante um passeio tranquilo entre a vegeta\u00e7\u00e3o da mata atl\u00e2ntica e a vista panor\u00e2mica do mar. A partir desse ponto, \u00e9 poss\u00edvel chegar \u00e0 Prainha e \u00e0 Praia do Buraco, conhecidas por sua tranquilidade e beleza natural.<\/p>\n\n\n\n<p>Quem gosta de aventura pode visitar a Barra Sul, onde est\u00e1 localizado o <a href=\"https:\/\/www.unipraias.com.br\/\" target=\"_blank\" rel=\"noopener\">Parque Unipraias.<\/a> O telef\u00e9rico leva os visitantes at\u00e9 o topo do Morro da Aguada, com uma vista da Praia Central de Balne\u00e1rio Cambori\u00fa e permitindo o acesso a atra\u00e7\u00f5es como trilhas e tirolesa. De l\u00e1, \u00e9 poss\u00edvel continuar a viagem at\u00e9 a Praia de Laranjeiras, famosa por suas \u00e1guas calmas e infraestrutura acolhedora.<\/p>\n\n\n\n<p>Leia tamb\u00e9m: <a href=\"https:\/\/localconnect.com.br\/blog\/santa-catarina\/balneario-camboriu\/o-que-fazer-em-balneario-camboriu-a-noite\/\">Balne\u00e1rio Cambori\u00fa \u00e0 noite: Lugares que voc\u00ea precisa conhecer<\/a><\/p>\n\n\n\n<h2 class=\"wp-block-heading\">Pontos tur\u00edsticos pr\u00f3ximos \u00e0 Praia Central<\/h2>\n\n\n\n<p>Al\u00e9m de sua beleza natural e sua infraestrutura, a Praia Central de Balne\u00e1rio Cambori\u00fa \u00e9 cercada por atra\u00e7\u00f5es tur\u00edsticas. Na Barra Sul, o molhe oferece uma excelente op\u00e7\u00e3o para quem deseja passear e apreciar a vista da cidade e do mar. \u00c9 um ponto popular para tirar fotos e observar a paisagem, especialmente durante o p\u00f4r do sol.<\/p>\n\n\n\n<p>O Atracadouro Barra Sul tamb\u00e9m merece destaque. Ele \u00e9 o local onde navios de cruzeiro atracam, trazendo centenas de turistas que contribuem para o movimento e a economia da cidade. Essa infraestrutura n\u00e1utica reflete o potencial tur\u00edstico da Praia Central de Balne\u00e1rio Cambori\u00fa e sua capacidade de receber visitantes de todo o mundo.<\/p>\n\n\n\n<p>Inclusive, outro destaque \u00e9 a FG Big Wheel, a maior roda gigante estaiada da Am\u00e9rica Latina. Com 82 metros de altura, a atra\u00e7\u00e3o oferece uma vista privilegiada da praia e de toda a extens\u00e3o de Balne\u00e1rio Cambori\u00fa.<\/p>\n\n\n\n<h2 class=\"wp-block-heading\">FAQ<\/h2>\n\n\n\n<h3 class=\"wp-block-heading\"><strong>Qual \u00e9 a melhor parte da Praia Central em Balne\u00e1rio Cambori\u00fa?<\/strong><\/h3>\n\n\n\n<p>A regi\u00e3o da Barra Norte costuma ser mais tranquila e menos movimentada, enquanto o trecho central tem mais quiosques, com\u00e9rcio e acesso f\u00e1cil a restaurantes e atra\u00e7\u00f5es.<\/p>\n\n\n\n<h3 class=\"wp-block-heading\"><strong>O que tem na Praia Central de Balne\u00e1rio Cambori\u00fa?<\/strong><\/h3>\n\n\n\n<p>A praia oferece cal\u00e7ad\u00e3o, ciclovia, quiosques, aluguel de cadeiras e guarda-s\u00f3is, \u00e1reas para esportes, al\u00e9m de estar pr\u00f3xima a shoppings, bares, restaurantes e pontos tur\u00edsticos como a FG Big Wheel.<\/p>\n\n\n\n<h3 class=\"wp-block-heading\"><strong>Onde fica a Praia Central?<\/strong><\/h3>\n\n\n\n<p>Ela est\u00e1 localizada no cora\u00e7\u00e3o de Balne\u00e1rio Cambori\u00fa, acompanhando toda a Avenida Atl\u00e2ntica, entre a Barra Norte e a Barra Sul.<\/p>\n\n\n\n<h3 class=\"wp-block-heading\"><strong>A Praia Central de Balne\u00e1rio Cambori\u00fa \u00e9 boa?<\/strong><\/h3>\n\n\n\n<p>Sim, \u00e9 uma das praias urbanas mais conhecidas do Brasil, com \u00f3tima infraestrutura, ampla faixa de areia ap\u00f3s o alargamento e muitas op\u00e7\u00f5es de lazer ao redor.<\/p>\n\n\n\n<p><\/p>\n<div class=\"pld-like-dislike-wrap pld-custom\">\r\n    <div class=\"pld-like-wrap  pld-common-wrap\">\r\n    <a href=\"javascript:void(0)\" class=\"pld-like-trigger pld-like-dislike-trigger  \" title=\"\" data-post-id=\"4444\" data-trigger-type=\"like\" data-restriction=\"no\" data-already-liked=\"0\">\r\n                            <img src=\"https:\/\/localconnect.com.br\/blog\/wp-content\/uploads\/2024\/02\/like-1-2.png\" alt=\"\" \/>\r\n            <\/a>\r\n    <span class=\"pld-like-count-wrap pld-count-wrap\">    <\/span>\r\n<\/div><div class=\"pld-dislike-wrap  pld-common-wrap\">\r\n    <a href=\"javascript:void(0)\" class=\"pld-dislike-trigger pld-like-dislike-trigger  \" title=\"\" data-post-id=\"4444\" data-trigger-type=\"dislike\" data-restriction=\"no\" data-already-liked=\"0\">\r\n                            <img src=\"https:\/\/localconnect.com.br\/blog\/wp-content\/uploads\/2024\/02\/image-2.png\" alt=\"\" \/>\r\n            <\/a>\r\n    <span class=\"pld-dislike-count-wrap pld-count-wrap\"><\/span>\r\n<\/div><\/div>","protected":false},"excerpt":{"rendered":"<p>A Praia Central de Balne\u00e1rio Cambori\u00fa \u00e9 um dos principais s\u00edmbolos do litoral catarinense e uma das mais visitadas do Brasil. Com seus arranha-c\u00e9us que se estendem ao longo da orla, a praia ganhou o apelido de &#8220;Dubai Brasileira&#8221;. A combina\u00e7\u00e3o \u00fanica de natureza e modernidade faz da Praia Central um ponto atrativo para turistas [&hellip;]<\/p>\n","protected":false},"author":3,"featured_media":5106,"comment_status":"open","ping_status":"open","sticky":false,"template":"","format":"standard","meta":{"_joinchat":[],"footnotes":""},"categories":[30,69,73,29],"tags":[88],"class_list":["post-4444","post","type-post","status-publish","format-standard","has-post-thumbnail","hentry","category-balneario-camboriu","category-guias-roteiros","category-praias","category-santa-catarina","tag-balneario-camboriu"],"_links":{"self":[{"href":"https:\/\/localconnect.com.br\/blog\/wp-json\/wp\/v2\/posts\/4444","targetHints":{"allow":["GET"]}}],"collection":[{"href":"https:\/\/localconnect.com.br\/blog\/wp-json\/wp\/v2\/posts"}],"about":[{"href":"https:\/\/localconnect.com.br\/blog\/wp-json\/wp\/v2\/types\/post"}],"author":[{"embeddable":true,"href":"https:\/\/localconnect.com.br\/blog\/wp-json\/wp\/v2\/users\/3"}],"replies":[{"embeddable":true,"href":"https:\/\/localconnect.com.br\/blog\/wp-json\/wp\/v2\/comments?post=4444"}],"version-history":[{"count":0,"href":"https:\/\/localconnect.com.br\/blog\/wp-json\/wp\/v2\/posts\/4444\/revisions"}],"wp:featuredmedia":[{"embeddable":true,"href":"https:\/\/localconnect.com.br\/blog\/wp-json\/wp\/v2\/media\/5106"}],"wp:attachment":[{"href":"https:\/\/localconnect.com.br\/blog\/wp-json\/wp\/v2\/media?parent=4444"}],"wp:term":[{"taxonomy":"category","embeddable":true,"href":"https:\/\/localconnect.com.br\/blog\/wp-json\/wp\/v2\/categories?post=4444"},{"taxonomy":"post_tag","embeddable":true,"href":"https:\/\/localconnect.com.br\/blog\/wp-json\/wp\/v2\/tags?post=4444"}],"curies":[{"name":"wp","href":"https:\/\/api.w.org\/{rel}","templated":true}]}}