{"id":5457,"date":"2025-05-22T14:13:31","date_gmt":"2025-05-22T17:13:31","guid":{"rendered":"https:\/\/localconnect.com.br\/blog\/?p=5457"},"modified":"2025-09-29T10:39:06","modified_gmt":"2025-09-29T13:39:06","slug":"tudo-que-voce-precisa-saber-sobre-urubici","status":"publish","type":"post","link":"https:\/\/localconnect.com.br\/blog\/santa-catarina\/tudo-que-voce-precisa-saber-sobre-urubici\/","title":{"rendered":"Tudo que voc\u00ea precisa saber sobre Urubici"},"content":{"rendered":"\n<p>A seguir, confira <strong>tudo que voc\u00ea precisa saber sobre <a href=\"https:\/\/pt.wikipedia.org\/wiki\/Urubici\" data-type=\"link\" data-id=\"https:\/\/pt.wikipedia.org\/wiki\/Urubici\" target=\"_blank\" rel=\"noopener\">Urubici<\/a><\/strong>: como chegar, onde ficar, o que visitar, onde comer e muito mais!Quem conhece a Serra Catarinense se apaixona de cara, ainda mais quando o destino \u00e9 Urubici. Localizada a cerca de 170 km de Florian\u00f3polis, essa charmosa cidade \u00e9 um dos principais polos de turismo de montanha do Brasil. Com natureza exuberante, clima frio, gastronomia regional e vin\u00edcolas incr\u00edveis ao redor, Urubici oferece experi\u00eancias inesquec\u00edveis em qualquer \u00e9poca do ano. Se voc\u00ea est\u00e1 pensando em visitar ou quer montar seu roteiro por esse destino encantador, chegou ao lugar certo.<\/p>\n\n\n\n<figure class=\"wp-block-image size-large\"><img fetchpriority=\"high\" decoding=\"async\" width=\"1024\" height=\"576\" src=\"https:\/\/localconnect.com.br\/blog\/wp-content\/uploads\/2025\/05\/Urubici-visto-de-cima-historia-economia-e-cultura-do-tesouro-da-Serra-de-SC-11-1024x576.jpg\" alt=\"\" class=\"wp-image-5460\" title=\"\" srcset=\"https:\/\/localconnect.com.br\/blog\/wp-content\/uploads\/2025\/05\/Urubici-visto-de-cima-historia-economia-e-cultura-do-tesouro-da-Serra-de-SC-11-1024x576.jpg 1024w, https:\/\/localconnect.com.br\/blog\/wp-content\/uploads\/2025\/05\/Urubici-visto-de-cima-historia-economia-e-cultura-do-tesouro-da-Serra-de-SC-11-300x169.jpg 300w, https:\/\/localconnect.com.br\/blog\/wp-content\/uploads\/2025\/05\/Urubici-visto-de-cima-historia-economia-e-cultura-do-tesouro-da-Serra-de-SC-11-768x432.jpg 768w, https:\/\/localconnect.com.br\/blog\/wp-content\/uploads\/2025\/05\/Urubici-visto-de-cima-historia-economia-e-cultura-do-tesouro-da-Serra-de-SC-11-150x84.jpg 150w, https:\/\/localconnect.com.br\/blog\/wp-content\/uploads\/2025\/05\/Urubici-visto-de-cima-historia-economia-e-cultura-do-tesouro-da-Serra-de-SC-11.jpg 1200w\" sizes=\"(max-width: 1024px) 100vw, 1024px\" \/><\/figure>\n\n\n\n<hr class=\"wp-block-separator has-alpha-channel-opacity\"\/>\n\n\n\n<h2 class=\"wp-block-heading\">\ud83d\udee3\ufe0f Como chegar e tudo que voc\u00ea precisa saber sobre Urubici<\/h2>\n\n\n\n<p>Urubici est\u00e1 localizada na Serra Catarinense e o acesso principal \u00e9 pela <strong>SC-110<\/strong>, a partir de <strong>Bom Retiro<\/strong> ou pela <strong>SC-370<\/strong>, vindo de Gr\u00e3o-Par\u00e1 via <strong>Serra do Corvo Branco<\/strong>. As cidades de refer\u00eancia mais pr\u00f3ximas s\u00e3o <strong>Lages (110 km)<\/strong> e <strong>Florian\u00f3polis (170 km)<\/strong>.<\/p>\n\n\n\n<p>\ud83d\ude98 <strong>Dica<\/strong>: o ideal \u00e9 ir de carro para ter liberdade nos deslocamentos, j\u00e1 que muitos atrativos ficam afastados do centro.<\/p>\n\n\n\n<figure class=\"wp-block-image size-large\"><img decoding=\"async\" width=\"1024\" height=\"639\" src=\"https:\/\/localconnect.com.br\/blog\/wp-content\/uploads\/2025\/05\/pontos-turisticos-em-urubici-33-1024x639.webp\" alt=\"\" class=\"wp-image-5461\" title=\"\" srcset=\"https:\/\/localconnect.com.br\/blog\/wp-content\/uploads\/2025\/05\/pontos-turisticos-em-urubici-33-1024x639.webp 1024w, https:\/\/localconnect.com.br\/blog\/wp-content\/uploads\/2025\/05\/pontos-turisticos-em-urubici-33-300x187.webp 300w, https:\/\/localconnect.com.br\/blog\/wp-content\/uploads\/2025\/05\/pontos-turisticos-em-urubici-33-768x479.webp 768w, https:\/\/localconnect.com.br\/blog\/wp-content\/uploads\/2025\/05\/pontos-turisticos-em-urubici-33-150x94.webp 150w, https:\/\/localconnect.com.br\/blog\/wp-content\/uploads\/2025\/05\/pontos-turisticos-em-urubici-33.webp 1170w\" sizes=\"(max-width: 1024px) 100vw, 1024px\" \/><\/figure>\n\n\n\n<hr class=\"wp-block-separator has-alpha-channel-opacity\"\/>\n\n\n\n<h2 class=\"wp-block-heading\">\ud83c\udfe8 Onde se hospedar em Urubici<\/h2>\n\n\n\n<p>A cidade tem op\u00e7\u00f5es para todos os gostos, desde pousadas aconchegantes at\u00e9 hot\u00e9is boutique e cabanas com vista para as montanhas. Algumas sugest\u00f5es:<\/p>\n\n\n\n<ul class=\"wp-block-list\">\n<li><strong>Cabanas Charme da Serra<\/strong> \u2013 Para quem quer privacidade, vista e conforto.<\/li>\n\n\n\n<li><strong>Pousada Avenida<\/strong> \u2013 No centro, com \u00f3timo custo-benef\u00edcio.<\/li>\n\n\n\n<li><strong>Eco Resort Rio do Rastro<\/strong> \u2013 Luxo e natureza integrados.<\/li>\n<\/ul>\n\n\n\n<figure class=\"wp-block-image size-full\"><img decoding=\"async\" width=\"990\" height=\"557\" src=\"https:\/\/localconnect.com.br\/blog\/wp-content\/uploads\/2025\/05\/santa-vista-urubici-2.jpeg\" alt=\"\" class=\"wp-image-5462\" title=\"\" srcset=\"https:\/\/localconnect.com.br\/blog\/wp-content\/uploads\/2025\/05\/santa-vista-urubici-2.jpeg 990w, https:\/\/localconnect.com.br\/blog\/wp-content\/uploads\/2025\/05\/santa-vista-urubici-2-300x169.jpeg 300w, https:\/\/localconnect.com.br\/blog\/wp-content\/uploads\/2025\/05\/santa-vista-urubici-2-768x432.jpeg 768w, https:\/\/localconnect.com.br\/blog\/wp-content\/uploads\/2025\/05\/santa-vista-urubici-2-150x84.jpeg 150w\" sizes=\"(max-width: 990px) 100vw, 990px\" \/><figcaption class=\"wp-element-caption\">DCIM\\100MEDIA\\DJI_0109.JPG<\/figcaption><\/figure>\n\n\n\n<hr class=\"wp-block-separator has-alpha-channel-opacity\"\/>\n\n\n\n<h2 class=\"wp-block-heading\">\ud83c\udf04 O que fazer em Urubici<\/h2>\n\n\n\n<p>Prepare-se para viver dias intensos de conex\u00e3o com a natureza e paisagens de tirar o f\u00f4lego! Aqui est\u00e3o os principais atrativos:<\/p>\n\n\n\n<h3 class=\"wp-block-heading\">\u2714\ufe0f Morro da Igreja e Pedra Furada<\/h3>\n\n\n\n<p>O ponto mais alto habitado do sul do Brasil (1.822 m de altitude), com vista para a famosa forma\u00e7\u00e3o rochosa Pedra Furada. Acesso com agendamento obrigat\u00f3rio.<\/p>\n\n\n\n<h3 class=\"wp-block-heading\">\u2714\ufe0f Cascata do Avencal<\/h3>\n\n\n\n<p>Uma das mais impressionantes cachoeiras da regi\u00e3o, com mais de 100 metros de altura. D\u00e1 para admirar do mirante ou encarar a tirolesa!<\/p>\n\n\n\n<h3 class=\"wp-block-heading\">\u2714\ufe0f Serra do Corvo Branco<\/h3>\n\n\n\n<p>Estrada espetacular esculpida entre rochas. Um dos cart\u00f5es-postais de Santa Catarina, ideal para fotos e contempla\u00e7\u00e3o.<\/p>\n\n\n\n<h3 class=\"wp-block-heading\">\u2714\ufe0f C\u00e2nion Espraiado<\/h3>\n\n\n\n<p>Menos conhecido, mas um espet\u00e1culo \u00e0 parte. Trilha de n\u00edvel m\u00e9dio com uma das vistas mais impressionantes da regi\u00e3o.<\/p>\n\n\n\n<h3 class=\"wp-block-heading\">\u2714\ufe0f Vin\u00edcolas pr\u00f3ximas<\/h3>\n\n\n\n<p>Voc\u00ea pode incluir no roteiro visitas \u00e0 <strong>Vin\u00edcola Serra do Sol<\/strong> (em Urubici mesmo), <strong>Villa Francioni<\/strong>, <strong>Leone di Venezia<\/strong> e <strong>Monte Agudo<\/strong> (em S\u00e3o Joaquim), todas a cerca de 1 hora de dist\u00e2ncia.<\/p>\n\n\n\n<figure class=\"wp-block-image size-large\"><img loading=\"lazy\" decoding=\"async\" width=\"1024\" height=\"683\" src=\"https:\/\/localconnect.com.br\/blog\/wp-content\/uploads\/2025\/05\/urubici-sc-2-1024x683.webp\" alt=\"\" class=\"wp-image-5463\" title=\"\" srcset=\"https:\/\/localconnect.com.br\/blog\/wp-content\/uploads\/2025\/05\/urubici-sc-2-1024x683.webp 1024w, https:\/\/localconnect.com.br\/blog\/wp-content\/uploads\/2025\/05\/urubici-sc-2-300x200.webp 300w, https:\/\/localconnect.com.br\/blog\/wp-content\/uploads\/2025\/05\/urubici-sc-2-768x512.webp 768w, https:\/\/localconnect.com.br\/blog\/wp-content\/uploads\/2025\/05\/urubici-sc-2-150x100.webp 150w, https:\/\/localconnect.com.br\/blog\/wp-content\/uploads\/2025\/05\/urubici-sc-2.webp 1200w\" sizes=\"(max-width: 1024px) 100vw, 1024px\" \/><\/figure>\n\n\n\n<hr class=\"wp-block-separator has-alpha-channel-opacity\"\/>\n\n\n\n<h2 class=\"wp-block-heading\">\ud83c\udf7d\ufe0f Onde comer em Urubici<\/h2>\n\n\n\n<p>A gastronomia local \u00e9 um dos pontos altos da experi\u00eancia. Pratos com truta, pinh\u00e3o, fondue, carnes de cordeiro e del\u00edcias caseiras fazem parte do card\u00e1pio t\u00edpico da serra.<\/p>\n\n\n\n<ul class=\"wp-block-list\">\n<li><strong>Restaurante Mont\u00eas<\/strong> \u2013 Alta gastronomia da serra.<\/li>\n\n\n\n<li><strong>Caf\u00e9 &amp; Cerveja Arte Valtellina<\/strong> \u2013 Clima r\u00fastico e excelente carta de vinhos e cervejas artesanais.<\/li>\n\n\n\n<li><strong>Bodeguita \u2013 Empanadas &amp; Vinhos<\/strong> \u2013 Ideal para um lanche com sabor argentino e vinhos locais.<\/li>\n<\/ul>\n\n\n\n<hr class=\"wp-block-separator has-alpha-channel-opacity\"\/>\n\n\n\n<h2 class=\"wp-block-heading\">\ud83c\udf24\ufe0f Clima em Urubici<\/h2>\n\n\n\n<p>Urubici \u00e9 uma das cidades mais frias do Brasil. No inverno, as temperaturas frequentemente ficam abaixo de zero e h\u00e1 at\u00e9 registro de neve. No ver\u00e3o, o clima \u00e9 ameno, com noites frescas.<\/p>\n\n\n\n<p>\ud83d\udccc <strong>Dica<\/strong>: leve roupas adequadas para o frio o ano todo, especialmente se for visitar \u00e1reas mais altas.<\/p>\n\n\n\n<hr class=\"wp-block-separator has-alpha-channel-opacity\"\/>\n\n\n\n<h2 class=\"wp-block-heading\">\ud83d\udcc6 Quando visitar Urubici<\/h2>\n\n\n\n<ul class=\"wp-block-list\">\n<li>\u2744\ufe0f <strong>Inverno (junho a agosto)<\/strong>: mais frio, clima europeu, possibilidade de neve.<\/li>\n\n\n\n<li>\ud83c\udf38 <strong>Primavera (setembro a novembro)<\/strong>: paisagens floridas e agrad\u00e1veis.<\/li>\n\n\n\n<li>\ud83c\udf42 <strong>Outono (mar\u00e7o a maio)<\/strong>: tons dourados, tempo est\u00e1vel e noites frias.<\/li>\n\n\n\n<li>\u2600\ufe0f <strong>Ver\u00e3o (dezembro a fevereiro)<\/strong>: dias mais longos, bom para trilhas e cachoeiras.<\/li>\n<\/ul>\n\n\n\n<hr class=\"wp-block-separator has-alpha-channel-opacity\"\/>\n\n\n\n<h2 class=\"wp-block-heading\">\u2728 Por que incluir Urubici no seu roteiro?<\/h2>\n\n\n\n<p>Porque \u00e9 um destino completo, com natureza preservada, gastronomia deliciosa, clima rom\u00e2ntico, e muitas op\u00e7\u00f5es de lazer. Ideal para casais, fam\u00edlias e at\u00e9 viajantes solo em busca de paz e contempla\u00e7\u00e3o.<\/p>\n\n\n\n<hr class=\"wp-block-separator has-alpha-channel-opacity\"\/>\n\n\n\n<p><strong>Gostou de saber tudo sobre Urubici com o <a href=\"https:\/\/localconnect.com.br\/app-baixe-agora\/\" data-type=\"link\" data-id=\"https:\/\/localconnect.com.br\/app-baixe-agora\/\">Local Connect<\/a>?<\/strong><\/p>\n\n\n\n<p><br>Aproveite para seguir o <strong><a href=\"https:\/\/www.instagram.com\/localconnect.bc\/\" data-type=\"link\" data-id=\"https:\/\/www.instagram.com\/localconnect.bc\/\" target=\"_blank\" rel=\"noopener\">Local Connect<\/a><\/strong> nas redes sociais e descubra ainda mais destinos apaixonantes na Serra Catarinense. Acompanhe roteiros atualizados, dicas de hospedagem, experi\u00eancias exclusivas em vin\u00edcolas e muito mais. Viajar \u00e9 viver, e com a gente, voc\u00ea descobre lugares que aquecem o cora\u00e7\u00e3o em qualquer esta\u00e7\u00e3o!<\/p>\n<div class=\"pld-like-dislike-wrap pld-custom\">\r\n    <div class=\"pld-like-wrap  pld-common-wrap\">\r\n    <a href=\"javascript:void(0)\" class=\"pld-like-trigger pld-like-dislike-trigger  \" title=\"\" data-post-id=\"5457\" data-trigger-type=\"like\" data-restriction=\"no\" data-already-liked=\"0\">\r\n                            <img src=\"https:\/\/localconnect.com.br\/blog\/wp-content\/uploads\/2024\/02\/like-1-2.png\" alt=\"\" \/>\r\n            <\/a>\r\n    <span class=\"pld-like-count-wrap pld-count-wrap\">    <\/span>\r\n<\/div><div class=\"pld-dislike-wrap  pld-common-wrap\">\r\n    <a href=\"javascript:void(0)\" class=\"pld-dislike-trigger pld-like-dislike-trigger  \" title=\"\" data-post-id=\"5457\" data-trigger-type=\"dislike\" data-restriction=\"no\" data-already-liked=\"0\">\r\n                            <img src=\"https:\/\/localconnect.com.br\/blog\/wp-content\/uploads\/2024\/02\/image-2.png\" alt=\"\" \/>\r\n            <\/a>\r\n    <span class=\"pld-dislike-count-wrap pld-count-wrap\"><\/span>\r\n<\/div><\/div>","protected":false},"excerpt":{"rendered":"<p>A seguir, confira tudo que voc\u00ea precisa saber sobre Urubici: como chegar, onde ficar, o que visitar, onde comer e muito mais!Quem conhece a Serra Catarinense se apaixona de cara, ainda mais quando o destino \u00e9 Urubici. Localizada a cerca de 170 km de Florian\u00f3polis, essa charmosa cidade \u00e9 um dos principais polos de turismo [&hellip;]<\/p>\n","protected":false},"author":4,"featured_media":5459,"comment_status":"open","ping_status":"open","sticky":false,"template":"","format":"standard","meta":{"_joinchat":[],"footnotes":""},"categories":[29,69,71],"tags":[],"class_list":["post-5457","post","type-post","status-publish","format-standard","has-post-thumbnail","hentry","category-santa-catarina","category-guias-roteiros","category-onde-ir"],"_links":{"self":[{"href":"https:\/\/localconnect.com.br\/blog\/wp-json\/wp\/v2\/posts\/5457","targetHints":{"allow":["GET"]}}],"collection":[{"href":"https:\/\/localconnect.com.br\/blog\/wp-json\/wp\/v2\/posts"}],"about":[{"href":"https:\/\/localconnect.com.br\/blog\/wp-json\/wp\/v2\/types\/post"}],"author":[{"embeddable":true,"href":"https:\/\/localconnect.com.br\/blog\/wp-json\/wp\/v2\/users\/4"}],"replies":[{"embeddable":true,"href":"https:\/\/localconnect.com.br\/blog\/wp-json\/wp\/v2\/comments?post=5457"}],"version-history":[{"count":0,"href":"https:\/\/localconnect.com.br\/blog\/wp-json\/wp\/v2\/posts\/5457\/revisions"}],"wp:featuredmedia":[{"embeddable":true,"href":"https:\/\/localconnect.com.br\/blog\/wp-json\/wp\/v2\/media\/5459"}],"wp:attachment":[{"href":"https:\/\/localconnect.com.br\/blog\/wp-json\/wp\/v2\/media?parent=5457"}],"wp:term":[{"taxonomy":"category","embeddable":true,"href":"https:\/\/localconnect.com.br\/blog\/wp-json\/wp\/v2\/categories?post=5457"},{"taxonomy":"post_tag","embeddable":true,"href":"https:\/\/localconnect.com.br\/blog\/wp-json\/wp\/v2\/tags?post=5457"}],"curies":[{"name":"wp","href":"https:\/\/api.w.org\/{rel}","templated":true}]}}