{"id":5731,"date":"2025-06-17T09:21:24","date_gmt":"2025-06-17T12:21:24","guid":{"rendered":"https:\/\/localconnect.com.br\/blog\/?p=5731"},"modified":"2025-10-24T20:41:24","modified_gmt":"2025-10-24T23:41:24","slug":"festa-dos-amigos-de-balneario-camboriu","status":"publish","type":"post","link":"https:\/\/localconnect.com.br\/blog\/santa-catarina\/balneario-camboriu\/festa-dos-amigos-de-balneario-camboriu\/","title":{"rendered":"Festa dos Amigos de Balne\u00e1rio Cambori\u00fa"},"content":{"rendered":"\n<p>A aguardada Festa dos Amigos de Balne\u00e1rio Cambori\u00fa j\u00e1 tem data marcada: 19 de julho (s\u00e1bado), das 11h \u00e0s 17h, na Avenida Atl\u00e2ntica. O evento, que \u00e9 um dos destaques do m\u00eas de anivers\u00e1rio da cidade, abre espa\u00e7o para 160 grupos de amigos se reunirem para celebrar a amizade, a cultura e a gastronomia local em um ambiente festivo e descontra\u00eddo.<\/p>\n\n\n\n<figure class=\"wp-block-image size-large\"><img fetchpriority=\"high\" decoding=\"async\" width=\"1024\" height=\"576\" src=\"https:\/\/localconnect.com.br\/blog\/wp-content\/uploads\/2025\/06\/eh7zd9ys-1024x576.webp\" alt=\"\" class=\"wp-image-5734\" title=\"\" srcset=\"https:\/\/localconnect.com.br\/blog\/wp-content\/uploads\/2025\/06\/eh7zd9ys-1024x576.webp 1024w, https:\/\/localconnect.com.br\/blog\/wp-content\/uploads\/2025\/06\/eh7zd9ys-300x169.webp 300w, https:\/\/localconnect.com.br\/blog\/wp-content\/uploads\/2025\/06\/eh7zd9ys-768x432.webp 768w, https:\/\/localconnect.com.br\/blog\/wp-content\/uploads\/2025\/06\/eh7zd9ys-1536x864.webp 1536w, https:\/\/localconnect.com.br\/blog\/wp-content\/uploads\/2025\/06\/eh7zd9ys-150x84.webp 150w, https:\/\/localconnect.com.br\/blog\/wp-content\/uploads\/2025\/06\/eh7zd9ys.webp 1920w\" sizes=\"(max-width: 1024px) 100vw, 1024px\" \/><\/figure>\n\n\n\n<p>Os espa\u00e7os reservados para os grupos ser\u00e3o montados entre a Rua 3.000 e a Pra\u00e7a Almirante Tamandar\u00e9, em tendas de 5&#215;5 metros cada. A procura costuma ser alta, j\u00e1 que muitos grupos tradicionais garantem suas vagas todos os anos na Festa dos Amigos de Balne\u00e1rio Cambori\u00fa.<\/p>\n\n\n\n<h3 class=\"wp-block-heading\">Como participar da Festa dos Amigos 2025<\/h3>\n\n\n\n<p>O edital de participa\u00e7\u00e3o j\u00e1 est\u00e1 dispon\u00edvel e os interessados t\u00eam 20 dias para realizar a inscri\u00e7\u00e3o a partir da data de publica\u00e7\u00e3o, ou at\u00e9 o preenchimento total das vagas \u2014 o que costuma acontecer rapidamente.<\/p>\n\n\n\n<p>Para participar, \u00e9 necess\u00e1rio:<\/p>\n\n\n\n<ol class=\"wp-block-list\">\n<li>Preencher a ficha de inscri\u00e7\u00e3o, o termo de responsabilidade e o Anexo B da IN 24 do CBMSC (dispon\u00edveis no edital).<\/li>\n\n\n\n<li>Entregar os documentos pessoalmente na Secretaria de Turismo (Rua 2850, 566, Centro, Balne\u00e1rio Cambori\u00fa\/SC), das 13h \u00e0s 18h.<\/li>\n\n\n\n<li>Anexar c\u00f3pias de documento de identidade com foto e comprovante de resid\u00eancia dos respons\u00e1veis.<\/li>\n<\/ol>\n\n\n\n<p>Cada grupo poder\u00e1 solicitar at\u00e9 <strong>tr\u00eas espa\u00e7os<\/strong> para a Festa dos Amigos de Balne\u00e1rio Cambori\u00fa \u2014 uma novidade deste ano, pois anteriormente o limite era de dois. Al\u00e9m disso, ser\u00e3o exigidos <strong>dois respons\u00e1veis por grupo<\/strong>, sendo obrigat\u00f3ria a participa\u00e7\u00e3o de pelo menos um deles na reuni\u00e3o de alinhamento que ocorrer\u00e1 no dia <strong>17 de julho, \u00e0s 19h<\/strong>, no audit\u00f3rio da Secretaria de Seguran\u00e7a P\u00fablica.<\/p>\n\n\n\n<figure class=\"wp-block-image size-full\"><img decoding=\"async\" width=\"678\" height=\"381\" src=\"https:\/\/localconnect.com.br\/blog\/wp-content\/uploads\/2025\/06\/festa-dos-amigos-de-balneario-camboriu.jpg\" alt=\"\" class=\"wp-image-5735\" title=\"\" srcset=\"https:\/\/localconnect.com.br\/blog\/wp-content\/uploads\/2025\/06\/festa-dos-amigos-de-balneario-camboriu.jpg 678w, https:\/\/localconnect.com.br\/blog\/wp-content\/uploads\/2025\/06\/festa-dos-amigos-de-balneario-camboriu-300x169.jpg 300w, https:\/\/localconnect.com.br\/blog\/wp-content\/uploads\/2025\/06\/festa-dos-amigos-de-balneario-camboriu-150x84.jpg 150w\" sizes=\"(max-width: 678px) 100vw, 678px\" \/><\/figure>\n\n\n\n<p>A aus\u00eancia na reuni\u00e3o poder\u00e1 acarretar a impossibilidade de participa\u00e7\u00e3o da equipe na edi\u00e7\u00e3o de 2026.<\/p>\n\n\n\n<h3 class=\"wp-block-heading\">Contribui\u00e7\u00e3o para o Fundo Municipal de Amparo aos Animais<\/h3>\n\n\n\n<p>Outra novidade importante \u00e9 que, neste ano, a contribui\u00e7\u00e3o social que antes era feita por meio da doa\u00e7\u00e3o de alimentos foi substitu\u00edda por uma <strong>transfer\u00eancia banc\u00e1ria obrigat\u00f3ria<\/strong> para o Fundo Municipal de Amparo aos Animais (FAMA), com os seguintes valores fixos:<\/p>\n\n\n\n<ul class=\"wp-block-list\">\n<li>R$ 700 por um espa\u00e7o;<\/li>\n\n\n\n<li>R$ 1.500 por dois espa\u00e7os;<\/li>\n\n\n\n<li>R$ 2.300 por tr\u00eas espa\u00e7os.<\/li>\n<\/ul>\n\n\n\n<p>Essa mudan\u00e7a garante maior controle e transpar\u00eancia no repasse, beneficiando diretamente projetos de prote\u00e7\u00e3o animal no munic\u00edpio.<\/p>\n\n\n\n<h3 class=\"wp-block-heading\">Um final de semana de festa em Balne\u00e1rio Cambori\u00fa<\/h3>\n\n\n\n<p>A Festa dos Amigos de Balne\u00e1rio Cambori\u00fa, ser\u00e1 realizada no s\u00e1bado, <strong>v\u00e9spera do anivers\u00e1rio de 61 anos da cidade<\/strong>, comemorado no domingo, 20 de julho. O fim de semana promete ser um dos mais animados do ano, com diversas atra\u00e7\u00f5es, incluindo o aguardado show nacional do Jota Quest, em formato sunset, \u00e0s 17h30, na Praia Central. Al\u00e9m disso, o p\u00fablico poder\u00e1 curtir o BC Music Festival, com apresenta\u00e7\u00f5es espalhadas pela cidade.<\/p>\n\n\n\n<p>A expectativa da organiza\u00e7\u00e3o \u00e9 superar o p\u00fablico de 2024, atraindo mais de 50 mil pessoas durante a Festa dos Amigos de Balne\u00e1rio Cambori\u00fa.<\/p>\n\n\n\n<hr class=\"wp-block-separator has-alpha-channel-opacity\"\/>\n\n\n\n<h3 class=\"wp-block-heading\"><strong>Antes de reunir os amigos e curtir uma das festas mais esperadas de Balne\u00e1rio Cambori\u00fa, aproveite para garantir ainda mais vantagens baixando o app <a href=\"https:\/\/localconnect.com.br\/app-baixe-agora\/\" data-type=\"link\" data-id=\"https:\/\/localconnect.com.br\/app-baixe-agora\/\">Local Connect<\/a>, dispon\u00edvel na Play Store e Apple Store. Com ele, voc\u00ea descobre uma sele\u00e7\u00e3o de cupons de desconto e benef\u00edcios especiais nos melhores bares, cafeterias, restaurantes, mercados e servi\u00e7os da cidade \u2014 tudo isso de forma simples, pr\u00e1tica e direto no seu celular.<\/strong><\/h3>\n\n\n\n<p>Seja para aquele almo\u00e7o especial antes da Festa dos Amigos, para garantir uma bebida gelada com desconto, comprar ingredientes para o churrasco do grupo ou at\u00e9 para economizar na hospedagem dos amigos que v\u00eam de fora, o Local Connect tem sempre uma oferta pensada para quem quer aproveitar o melhor da cidade gastando menos.<\/p>\n\n\n\n<p>E n\u00e3o para por a\u00ed: o app tamb\u00e9m oferece promo\u00e7\u00f5es em lojas online, sorteios exclusivos e pontos acumulativos que podem ser trocados por pr\u00eamios, al\u00e9m de te manter informado sobre eventos e oportunidades em Balne\u00e1rio Cambori\u00fa e regi\u00e3o.<\/p>\n\n\n\n<p>Viajar, curtir e economizar nunca foi t\u00e3o f\u00e1cil e vantajoso. Fa\u00e7a parte de quem j\u00e1 descobriu esse jeito inteligente de aproveitar cada momento \u2014 baixe agora o <strong><a href=\"https:\/\/www.instagram.com\/localconnect.bc\/\" data-type=\"link\" data-id=\"https:\/\/www.instagram.com\/localconnect.bc\/\" target=\"_blank\" rel=\"noopener\">Local Connect<\/a><\/strong> e leve descontos e benef\u00edcios com voc\u00ea para onde for!<\/p>\n\n\n\n<p><\/p>\n<div class=\"pld-like-dislike-wrap pld-custom\">\r\n    <div class=\"pld-like-wrap  pld-common-wrap\">\r\n    <a href=\"javascript:void(0)\" class=\"pld-like-trigger pld-like-dislike-trigger  \" title=\"\" data-post-id=\"5731\" data-trigger-type=\"like\" data-restriction=\"no\" data-already-liked=\"0\">\r\n                            <img src=\"https:\/\/localconnect.com.br\/blog\/wp-content\/uploads\/2024\/02\/like-1-2.png\" alt=\"\" \/>\r\n            <\/a>\r\n    <span class=\"pld-like-count-wrap pld-count-wrap\">    <\/span>\r\n<\/div><div class=\"pld-dislike-wrap  pld-common-wrap\">\r\n    <a href=\"javascript:void(0)\" class=\"pld-dislike-trigger pld-like-dislike-trigger  \" title=\"\" data-post-id=\"5731\" data-trigger-type=\"dislike\" data-restriction=\"no\" data-already-liked=\"0\">\r\n                            <img src=\"https:\/\/localconnect.com.br\/blog\/wp-content\/uploads\/2024\/02\/image-2.png\" alt=\"\" \/>\r\n            <\/a>\r\n    <span class=\"pld-dislike-count-wrap pld-count-wrap\"><\/span>\r\n<\/div><\/div>","protected":false},"excerpt":{"rendered":"<p>A aguardada Festa dos Amigos de Balne\u00e1rio Cambori\u00fa j\u00e1 tem data marcada: 19 de julho (s\u00e1bado), das 11h \u00e0s 17h, na Avenida Atl\u00e2ntica. O evento, que \u00e9 um dos destaques do m\u00eas de anivers\u00e1rio da cidade, abre espa\u00e7o para 160 grupos de amigos se reunirem para celebrar a amizade, a cultura e a gastronomia local [&hellip;]<\/p>\n","protected":false},"author":4,"featured_media":5732,"comment_status":"open","ping_status":"open","sticky":false,"template":"","format":"standard","meta":{"_joinchat":[],"footnotes":""},"categories":[30,79,81,29],"tags":[88],"class_list":["post-5731","post","type-post","status-publish","format-standard","has-post-thumbnail","hentry","category-balneario-camboriu","category-eventos-noticias","category-novidades-de-bc-e-regiao","category-santa-catarina","tag-balneario-camboriu"],"_links":{"self":[{"href":"https:\/\/localconnect.com.br\/blog\/wp-json\/wp\/v2\/posts\/5731","targetHints":{"allow":["GET"]}}],"collection":[{"href":"https:\/\/localconnect.com.br\/blog\/wp-json\/wp\/v2\/posts"}],"about":[{"href":"https:\/\/localconnect.com.br\/blog\/wp-json\/wp\/v2\/types\/post"}],"author":[{"embeddable":true,"href":"https:\/\/localconnect.com.br\/blog\/wp-json\/wp\/v2\/users\/4"}],"replies":[{"embeddable":true,"href":"https:\/\/localconnect.com.br\/blog\/wp-json\/wp\/v2\/comments?post=5731"}],"version-history":[{"count":0,"href":"https:\/\/localconnect.com.br\/blog\/wp-json\/wp\/v2\/posts\/5731\/revisions"}],"wp:featuredmedia":[{"embeddable":true,"href":"https:\/\/localconnect.com.br\/blog\/wp-json\/wp\/v2\/media\/5732"}],"wp:attachment":[{"href":"https:\/\/localconnect.com.br\/blog\/wp-json\/wp\/v2\/media?parent=5731"}],"wp:term":[{"taxonomy":"category","embeddable":true,"href":"https:\/\/localconnect.com.br\/blog\/wp-json\/wp\/v2\/categories?post=5731"},{"taxonomy":"post_tag","embeddable":true,"href":"https:\/\/localconnect.com.br\/blog\/wp-json\/wp\/v2\/tags?post=5731"}],"curies":[{"name":"wp","href":"https:\/\/api.w.org\/{rel}","templated":true}]}}