{"id":6242,"date":"2025-07-28T10:22:25","date_gmt":"2025-07-28T13:22:25","guid":{"rendered":"https:\/\/localconnect.com.br\/blog\/?p=6242"},"modified":"2025-10-07T15:42:05","modified_gmt":"2025-10-07T18:42:05","slug":"mirantes-canions-de-sc","status":"publish","type":"post","link":"https:\/\/localconnect.com.br\/blog\/santa-catarina\/mirantes-canions-de-sc\/","title":{"rendered":"Mirantes &amp; c\u00e2nions de SC: roteiro fotogr\u00e1fico de inverno"},"content":{"rendered":"\n<p>Santa Catarina \u00e9 um verdadeiro para\u00edso para quem ama Mirantes &amp; c\u00e2nions de SC: roteiro fotogr\u00e1fico de inverno \u2014 e o inverno torna tudo ainda mais especial. Com temperaturas amenas, neblinas que real\u00e7am a atmosfera e pores do sol dourados, a esta\u00e7\u00e3o \u00e9 perfeita para explorar mirantes e c\u00e2nions que parecem sa\u00eddos de um cart\u00e3o-postal. Se voc\u00ea est\u00e1 em busca de um roteiro fotogr\u00e1fico inesquec\u00edvel, prepare sua c\u00e2mera e confira os destinos que separamos para viver e registrar o melhor do frio catarinense!<\/p>\n\n\n\n<hr class=\"wp-block-separator has-alpha-channel-opacity\"\/>\n\n\n\n<h3 class=\"wp-block-heading\"><strong>1. C\u00e2nion do Funil (Bom Jardim da Serra)<\/strong><\/h3>\n\n\n\n<figure class=\"wp-block-image size-large\"><img fetchpriority=\"high\" decoding=\"async\" width=\"1024\" height=\"682\" src=\"https:\/\/localconnect.com.br\/blog\/wp-content\/uploads\/2025\/07\/image-64-1024x682.png\" alt=\"\" class=\"wp-image-6244\" title=\"\" srcset=\"https:\/\/localconnect.com.br\/blog\/wp-content\/uploads\/2025\/07\/image-64-1024x682.png 1024w, https:\/\/localconnect.com.br\/blog\/wp-content\/uploads\/2025\/07\/image-64-300x200.png 300w, https:\/\/localconnect.com.br\/blog\/wp-content\/uploads\/2025\/07\/image-64-768x512.png 768w, https:\/\/localconnect.com.br\/blog\/wp-content\/uploads\/2025\/07\/image-64-150x100.png 150w, https:\/\/localconnect.com.br\/blog\/wp-content\/uploads\/2025\/07\/image-64.png 1280w\" sizes=\"(max-width: 1024px) 100vw, 1024px\" \/><\/figure>\n\n\n\n<p>Um dos grandes destaques da Serra Catarinense, o C\u00e2nion do Funil oferece uma vista panor\u00e2mica impressionante do alto da serra. No inverno, o visual ganha ainda mais charme com a vegeta\u00e7\u00e3o seca, o c\u00e9u limpo e a n\u00e9voa que forma verdadeiros \u201crios de nuvem\u201d entre as montanhas.<\/p>\n\n\n\n<ul class=\"wp-block-list\">\n<li><strong>Melhor hor\u00e1rio para fotos:<\/strong>&nbsp;amanhecer e entardecer.<\/li>\n\n\n\n<li><strong>Dica extra:<\/strong>&nbsp;leve agasalho e v\u00e1 preparado para vento gelado. Drone \u00e9 bem-vindo para capturas a\u00e9reas.<\/li>\n<\/ul>\n\n\n\n<hr class=\"wp-block-separator has-alpha-channel-opacity\"\/>\n\n\n\n<h3 class=\"wp-block-heading\"><strong>2. Mirante da Serra do Rio do Rastro (Lauro M\u00fcller\/Bom Jardim da Serra)<\/strong><\/h3>\n\n\n\n<figure class=\"wp-block-image size-full\"><img decoding=\"async\" width=\"900\" height=\"500\" src=\"https:\/\/localconnect.com.br\/blog\/wp-content\/uploads\/2025\/07\/image-65.png\" alt=\"\" class=\"wp-image-6245\" title=\"\" srcset=\"https:\/\/localconnect.com.br\/blog\/wp-content\/uploads\/2025\/07\/image-65.png 900w, https:\/\/localconnect.com.br\/blog\/wp-content\/uploads\/2025\/07\/image-65-300x167.png 300w, https:\/\/localconnect.com.br\/blog\/wp-content\/uploads\/2025\/07\/image-65-768x427.png 768w, https:\/\/localconnect.com.br\/blog\/wp-content\/uploads\/2025\/07\/image-65-150x83.png 150w\" sizes=\"(max-width: 900px) 100vw, 900px\" \/><\/figure>\n\n\n\n<p>Imposs\u00edvel falar de mirantes sem mencionar a ic\u00f4nica Serra do Rio do Rastro. O mirante principal, localizado pr\u00f3ximo ao topo da serra, permite ver toda a estrada sinuosa que corta a montanha \u2014 um espet\u00e1culo \u00e0 parte.<\/p>\n\n\n\n<ul class=\"wp-block-list\">\n<li><strong>Melhor hor\u00e1rio para fotos:<\/strong>&nbsp;manh\u00e3 cedo, com luz lateral suave e menos neblina.<\/li>\n\n\n\n<li><strong>Estrutura:<\/strong>&nbsp;possui estacionamento, lanchonetes e sinaliza\u00e7\u00e3o.<\/li>\n<\/ul>\n\n\n\n<hr class=\"wp-block-separator has-alpha-channel-opacity\"\/>\n\n\n\n<h3 class=\"wp-block-heading\"><strong>3. Morro da Igreja &amp; Pedra Furada (Urubici)<\/strong><\/h3>\n\n\n\n<p>Localizado a 1.822 metros de altitude, o Morro da Igreja \u00e9 o ponto habitado mais alto de SC. De l\u00e1, \u00e9 poss\u00edvel avistar a famosa Pedra Furada, forma\u00e7\u00e3o rochosa \u00fanica. Em dias frios e limpos, o c\u00e9u azul contrasta lindamente com as montanhas.<\/p>\n\n\n\n<ul class=\"wp-block-list\">\n<li><strong>Aten\u00e7\u00e3o:<\/strong>&nbsp;\u00e9 necess\u00e1rio agendamento pr\u00e9vio gratuito para visita.<\/li>\n\n\n\n<li><strong>Melhor \u00e9poca:<\/strong>&nbsp;junho e julho, com chance de geadas e, ocasionalmente, neve.<\/li>\n<\/ul>\n\n\n\n<hr class=\"wp-block-separator has-alpha-channel-opacity\"\/>\n\n\n\n<h3 class=\"wp-block-heading\"><strong>4. C\u00e2nion Espraiado (Urubici)<\/strong><\/h3>\n\n\n\n<figure class=\"wp-block-image size-large\"><img decoding=\"async\" width=\"1024\" height=\"575\" src=\"https:\/\/localconnect.com.br\/blog\/wp-content\/uploads\/2025\/07\/image-68-1024x575.png\" alt=\"\" class=\"wp-image-6248\" title=\"\" srcset=\"https:\/\/localconnect.com.br\/blog\/wp-content\/uploads\/2025\/07\/image-68-1024x575.png 1024w, https:\/\/localconnect.com.br\/blog\/wp-content\/uploads\/2025\/07\/image-68-300x169.png 300w, https:\/\/localconnect.com.br\/blog\/wp-content\/uploads\/2025\/07\/image-68-768x432.png 768w, https:\/\/localconnect.com.br\/blog\/wp-content\/uploads\/2025\/07\/image-68-1536x863.png 1536w, https:\/\/localconnect.com.br\/blog\/wp-content\/uploads\/2025\/07\/image-68-150x84.png 150w, https:\/\/localconnect.com.br\/blog\/wp-content\/uploads\/2025\/07\/image-68.png 1600w\" sizes=\"(max-width: 1024px) 100vw, 1024px\" \/><\/figure>\n\n\n\n<p>Menos conhecido e mais selvagem, o Espraiado \u00e9 um dos c\u00e2nions mais impressionantes da regi\u00e3o. A trilha exige um pouco mais de preparo, mas a recompensa s\u00e3o paisagens incr\u00edveis e fotos dignas de capa de revista.<\/p>\n\n\n\n<ul class=\"wp-block-list\">\n<li><strong>Recomenda-se:<\/strong>&nbsp;visita com guia local.<\/li>\n\n\n\n<li><strong>Dura\u00e7\u00e3o da trilha:<\/strong>&nbsp;m\u00e9dia de 3h (ida e volta).<\/li>\n<\/ul>\n\n\n\n<hr class=\"wp-block-separator has-alpha-channel-opacity\"\/>\n\n\n\n<h3 class=\"wp-block-heading\"><strong>5. Mirante do Alto Cedros (Palmeira\/SC)<\/strong><\/h3>\n\n\n\n<figure class=\"wp-block-image size-full\"><img loading=\"lazy\" decoding=\"async\" width=\"686\" height=\"386\" src=\"https:\/\/localconnect.com.br\/blog\/wp-content\/uploads\/2025\/07\/image-67.png\" alt=\"\" class=\"wp-image-6247\" title=\"\" srcset=\"https:\/\/localconnect.com.br\/blog\/wp-content\/uploads\/2025\/07\/image-67.png 686w, https:\/\/localconnect.com.br\/blog\/wp-content\/uploads\/2025\/07\/image-67-300x169.png 300w, https:\/\/localconnect.com.br\/blog\/wp-content\/uploads\/2025\/07\/image-67-150x84.png 150w\" sizes=\"(max-width: 686px) 100vw, 686px\" \/><\/figure>\n\n\n\n<p>Um destino ainda pouco explorado, com vista ampla para a Represa Alto Cedros e as montanhas ao redor. O mirante \u00e9 ideal para quem busca um visual diferente dos c\u00e2nions \u2014 mais buc\u00f3lico e sereno.<\/p>\n\n\n\n<ul class=\"wp-block-list\">\n<li><strong>Ideal para:<\/strong>&nbsp;fotos de longa exposi\u00e7\u00e3o, retratos e ensaios fotogr\u00e1ficos.<\/li>\n<\/ul>\n\n\n\n<hr class=\"wp-block-separator has-alpha-channel-opacity\"\/>\n\n\n\n<h2 class=\"wp-block-heading\">O que levar para seu roteiro fotogr\u00e1fico de inverno em SC:<\/h2>\n\n\n\n<ul class=\"wp-block-list\">\n<li>Roupas t\u00e9rmicas e corta-vento<\/li>\n\n\n\n<li>Botas ou t\u00eanis de trilha<\/li>\n\n\n\n<li>\u00c1gua, lanche e protetor solar<\/li>\n\n\n\n<li>Trip\u00e9 e baterias extras para c\u00e2mera<\/li>\n\n\n\n<li>GPS ou aplicativo com mapas offline<\/li>\n<\/ul>\n\n\n\n<hr class=\"wp-block-separator has-alpha-channel-opacity\"\/>\n\n\n\n<h3 class=\"wp-block-heading\"><a href=\"https:\/\/localconnect.com.br\/app-baixe-agora\/\">Dica Local Connect<\/a> Mirantes &amp; c\u00e2nions de SC: roteiro fotogr\u00e1fico de inverno:<\/h3>\n\n\n\n<p>Quer descobrir ainda mais experi\u00eancias \u00fanicas, roteiros incr\u00edveis e segredos escondidos na natureza de Santa Catarina? No blog e no app do Local Connect, voc\u00ea encontra um universo completo de sugest\u00f5es personalizadas para todos os perfis de viajantes \u2014 desde trilhas acess\u00edveis at\u00e9 destinos mais desafiadores para aventureiros experientes. Com guias sempre atualizados, dicas de seguran\u00e7a essenciais, mapas detalhados e rotas planejadas para oferecer tranquilidade em cada passo, voc\u00ea estar\u00e1 sempre preparado para explorar os cen\u00e1rios mais deslumbrantes do estado com Mirantes &amp; c\u00e2nions de SC: roteiro fotogr\u00e1fico de inverno.<\/p>\n\n\n\n<p>Al\u00e9m disso, o Local Connect oferece descontos exclusivos em hospedagens charmosas, passeios guiados, restaurantes t\u00edpicos e experi\u00eancias locais que far\u00e3o sua viagem ainda mais especial, sem pesar no bolso. Queremos que voc\u00ea aproveite Santa Catarina ao m\u00e1ximo, com a certeza de estar fazendo escolhas inteligentes, sustent\u00e1veis e cheias de valor nos Mirantes &amp; c\u00e2nions de SC: roteiro fotogr\u00e1fico de inverno.<\/p>\n\n\n\n<p>Por isso, curta, compartilhe e salve estes Mirantes &amp; c\u00e2nions de SC: roteiro fotogr\u00e1fico de inverno para planejar sua pr\u00f3xima aventura com tranquilidade e praticidade. Prepare sua c\u00e2mera, organize seu equipamento e prepare-se para registrar paisagens inesquec\u00edveis que v\u00e3o desde os c\u00e2nions majestosos at\u00e9 os mirantes panor\u00e2micos com vistas de tirar o f\u00f4lego.<\/p>\n\n\n\n<p>Santa Catarina te espera com toda a sua beleza natural e diversidade \u00fanica \u2014 e o <a href=\"https:\/\/www.instagram.com\/localconnect.bc\/\" target=\"_blank\" rel=\"noopener\">Local Connect<\/a> estar\u00e1 ao seu lado em cada passo, tornando sua viagem mais segura, econ\u00f4mica e repleta de descobertas memor\u00e1veis nos Mirantes &amp; c\u00e2nions de SC: roteiro fotogr\u00e1fico de inverno.<br><br>Lei tamb\u00e9m: <a href=\"https:\/\/localconnect.com.br\/blog\/santa-catarina\/tudo-que-voce-precisa-saber-sobre-urubici\/\">Tudo que voc\u00ea precisa saber sobre Urubici<\/a><\/p>\n<div class=\"pld-like-dislike-wrap pld-custom\">\r\n    <div class=\"pld-like-wrap  pld-common-wrap\">\r\n    <a href=\"javascript:void(0)\" class=\"pld-like-trigger pld-like-dislike-trigger  \" title=\"\" data-post-id=\"6242\" data-trigger-type=\"like\" data-restriction=\"no\" data-already-liked=\"0\">\r\n                            <img src=\"https:\/\/localconnect.com.br\/blog\/wp-content\/uploads\/2024\/02\/like-1-2.png\" alt=\"\" \/>\r\n            <\/a>\r\n    <span class=\"pld-like-count-wrap pld-count-wrap\">    <\/span>\r\n<\/div><div class=\"pld-dislike-wrap  pld-common-wrap\">\r\n    <a href=\"javascript:void(0)\" class=\"pld-dislike-trigger pld-like-dislike-trigger  \" title=\"\" data-post-id=\"6242\" data-trigger-type=\"dislike\" data-restriction=\"no\" data-already-liked=\"0\">\r\n                            <img src=\"https:\/\/localconnect.com.br\/blog\/wp-content\/uploads\/2024\/02\/image-2.png\" alt=\"\" \/>\r\n            <\/a>\r\n    <span class=\"pld-dislike-count-wrap pld-count-wrap\"><\/span>\r\n<\/div><\/div>","protected":false},"excerpt":{"rendered":"<p>Santa Catarina \u00e9 um verdadeiro para\u00edso para quem ama Mirantes &amp; c\u00e2nions de SC: roteiro fotogr\u00e1fico de inverno \u2014 e o inverno torna tudo ainda mais especial. Com temperaturas amenas, neblinas que real\u00e7am a atmosfera e pores do sol dourados, a esta\u00e7\u00e3o \u00e9 perfeita para explorar mirantes e c\u00e2nions que parecem sa\u00eddos de um cart\u00e3o-postal. [&hellip;]<\/p>\n","protected":false},"author":4,"featured_media":6239,"comment_status":"open","ping_status":"open","sticky":false,"template":"","format":"standard","meta":{"_joinchat":[],"footnotes":""},"categories":[29,55,69,71],"tags":[],"class_list":["post-6242","post","type-post","status-publish","format-standard","has-post-thumbnail","hentry","category-santa-catarina","category-bombinhas","category-guias-roteiros","category-onde-ir"],"_links":{"self":[{"href":"https:\/\/localconnect.com.br\/blog\/wp-json\/wp\/v2\/posts\/6242","targetHints":{"allow":["GET"]}}],"collection":[{"href":"https:\/\/localconnect.com.br\/blog\/wp-json\/wp\/v2\/posts"}],"about":[{"href":"https:\/\/localconnect.com.br\/blog\/wp-json\/wp\/v2\/types\/post"}],"author":[{"embeddable":true,"href":"https:\/\/localconnect.com.br\/blog\/wp-json\/wp\/v2\/users\/4"}],"replies":[{"embeddable":true,"href":"https:\/\/localconnect.com.br\/blog\/wp-json\/wp\/v2\/comments?post=6242"}],"version-history":[{"count":0,"href":"https:\/\/localconnect.com.br\/blog\/wp-json\/wp\/v2\/posts\/6242\/revisions"}],"wp:featuredmedia":[{"embeddable":true,"href":"https:\/\/localconnect.com.br\/blog\/wp-json\/wp\/v2\/media\/6239"}],"wp:attachment":[{"href":"https:\/\/localconnect.com.br\/blog\/wp-json\/wp\/v2\/media?parent=6242"}],"wp:term":[{"taxonomy":"category","embeddable":true,"href":"https:\/\/localconnect.com.br\/blog\/wp-json\/wp\/v2\/categories?post=6242"},{"taxonomy":"post_tag","embeddable":true,"href":"https:\/\/localconnect.com.br\/blog\/wp-json\/wp\/v2\/tags?post=6242"}],"curies":[{"name":"wp","href":"https:\/\/api.w.org\/{rel}","templated":true}]}}