{"id":6485,"date":"2025-08-01T09:25:59","date_gmt":"2025-08-01T12:25:59","guid":{"rendered":"https:\/\/localconnect.com.br\/blog\/?p=6485"},"modified":"2025-10-24T20:40:06","modified_gmt":"2025-10-24T23:40:06","slug":"8-ciidades-catarinenses-para-fotos","status":"publish","type":"post","link":"https:\/\/localconnect.com.br\/blog\/santa-catarina\/8-ciidades-catarinenses-para-fotos\/","title":{"rendered":"8 cidades catarinenses perfeitas para fotos no inverno"},"content":{"rendered":"\n<p>Santa Catarina \u00e9 um destino queridinho dos amantes de paisagens naturais, cultura europeia e temperaturas amenas \u2014 e no inverno, tudo isso ganha um charme ainda mais especial com as 8 cidades catarinenses perfeitas para fotos no inverno. Com neblina nas montanhas, vinhedos dourados, lareiras acesas e cidades decoradas com arquitetura colonial, o estado se transforma em um verdadeiro cen\u00e1rio de filme. Se voc\u00ea ama viajar e registrar cada momento, conhe\u00e7a agora&nbsp;<strong>8 cidades catarinenses perfeitas para fotos no inverno<\/strong>.<\/p>\n\n\n\n<hr class=\"wp-block-separator has-alpha-channel-opacity\"\/>\n\n\n\n<h2 class=\"wp-block-heading\">1. Urubici<\/h2>\n\n\n\n<p>Urubici \u00e9 uma das cidades mais geladas do Brasil e um dos destinos mais procurados do inverno catarinense. Al\u00e9m de ser cercada por c\u00e2nions e vales, oferece atra\u00e7\u00f5es como a Serra do Corvo Branco, a Cascata do Avencal e o Morro da Igreja. No frio intenso, \u00e9 comum registrar geada e at\u00e9 neve \u2014 paisagens perfeitas para quem busca cliques marcantes.<br><br>Descubra tamb\u00e9m <a href=\"https:\/\/localconnect.com.br\/blog\/santa-catarina\/tudo-que-voce-precisa-saber-sobre-urubici\/\">Tudo que voc\u00ea precisa saber sobre Urubici<\/a><\/p>\n\n\n\n<figure class=\"wp-block-image size-large\"><img fetchpriority=\"high\" decoding=\"async\" width=\"1024\" height=\"768\" src=\"https:\/\/localconnect.com.br\/blog\/wp-content\/uploads\/2025\/07\/image-139-1024x768.png\" alt=\"\" class=\"wp-image-6489\" title=\"\" srcset=\"https:\/\/localconnect.com.br\/blog\/wp-content\/uploads\/2025\/07\/image-139-1024x768.png 1024w, https:\/\/localconnect.com.br\/blog\/wp-content\/uploads\/2025\/07\/image-139-300x225.png 300w, https:\/\/localconnect.com.br\/blog\/wp-content\/uploads\/2025\/07\/image-139-768x576.png 768w, https:\/\/localconnect.com.br\/blog\/wp-content\/uploads\/2025\/07\/image-139-150x113.png 150w, https:\/\/localconnect.com.br\/blog\/wp-content\/uploads\/2025\/07\/image-139.png 1200w\" sizes=\"(max-width: 1024px) 100vw, 1024px\" \/><\/figure>\n\n\n\n<h2 class=\"wp-block-heading\">2. S\u00e3o Joaquim<\/h2>\n\n\n\n<p>Vizinha de Urubici, S\u00e3o Joaquim \u00e9 famosa pelas vin\u00edcolas de altitude e pelas macieiras que dominam o horizonte rural. Durante o inverno, a cidade se cobre de n\u00e9voa e encanta com sua arquitetura charmosa. O Mirante dos Pinheiros, as estradas rurais e os parreirais garantem fotos cinematogr\u00e1ficas, especialmente ao amanhecer.<\/p>\n\n\n\n<h2 class=\"wp-block-heading\">3. Bom Jardim da Serra<\/h2>\n\n\n\n<p>Cercada por c\u00e2nions e conhecida como o portal da&nbsp;<strong>Serra do Rio do Rastro<\/strong>, Bom Jardim da Serra oferece visuais \u00fanicos. O mirante da estrada \u00e9 um dos pontos mais fotografados do pa\u00eds. Em dias frios, a serra\u00e7\u00e3o cria uma atmosfera m\u00edstica que transforma qualquer registro em uma imagem de impacto.<\/p>\n\n\n\n<h2 class=\"wp-block-heading\">4. Treze T\u00edlias<\/h2>\n\n\n\n<p>Conhecida como \u201ca \u00c1ustria brasileira\u201d, Treze T\u00edlias \u00e9 uma cidade colonizada por imigrantes tiroleses, com arquitetura alpina e jardins floridos mesmo no inverno. O colorido das casas e o contraste com o clima frio rendem fotos encantadoras. As fontes, esculturas em madeira e hot\u00e9is tem\u00e1ticos completam o cen\u00e1rio perfeito.<\/p>\n\n\n\n<h2 class=\"wp-block-heading\">5. Rancho Queimado<\/h2>\n\n\n\n<figure class=\"wp-block-image size-large\"><img decoding=\"async\" width=\"1024\" height=\"576\" src=\"https:\/\/localconnect.com.br\/blog\/wp-content\/uploads\/2025\/07\/image-140-1024x576.png\" alt=\"\" class=\"wp-image-6490\" title=\"\" srcset=\"https:\/\/localconnect.com.br\/blog\/wp-content\/uploads\/2025\/07\/image-140-1024x576.png 1024w, https:\/\/localconnect.com.br\/blog\/wp-content\/uploads\/2025\/07\/image-140-300x169.png 300w, https:\/\/localconnect.com.br\/blog\/wp-content\/uploads\/2025\/07\/image-140-768x432.png 768w, https:\/\/localconnect.com.br\/blog\/wp-content\/uploads\/2025\/07\/image-140-1536x864.png 1536w, https:\/\/localconnect.com.br\/blog\/wp-content\/uploads\/2025\/07\/image-140-2048x1152.png 2048w, https:\/\/localconnect.com.br\/blog\/wp-content\/uploads\/2025\/07\/image-140-150x84.png 150w\" sizes=\"(max-width: 1024px) 100vw, 1024px\" \/><\/figure>\n\n\n\n<p>A cerca de uma hora de Florian\u00f3polis, Rancho Queimado \u00e9 um ref\u00fagio tranquilo com clima serrano e constru\u00e7\u00f5es em estilo enxaimel. Os campos abertos, colinas com neblina e o Parque do Morro da Boa Vista s\u00e3o ideais para fotos ao ar livre, especialmente ao entardecer.<\/p>\n\n\n\n<h2 class=\"wp-block-heading\">6. Lages<\/h2>\n\n\n\n<figure class=\"wp-block-image size-large\"><img decoding=\"async\" width=\"1024\" height=\"768\" src=\"https:\/\/localconnect.com.br\/blog\/wp-content\/uploads\/2025\/07\/image-141-1024x768.png\" alt=\"\" class=\"wp-image-6491\" title=\"\" srcset=\"https:\/\/localconnect.com.br\/blog\/wp-content\/uploads\/2025\/07\/image-141-1024x768.png 1024w, https:\/\/localconnect.com.br\/blog\/wp-content\/uploads\/2025\/07\/image-141-300x225.png 300w, https:\/\/localconnect.com.br\/blog\/wp-content\/uploads\/2025\/07\/image-141-768x576.png 768w, https:\/\/localconnect.com.br\/blog\/wp-content\/uploads\/2025\/07\/image-141-150x113.png 150w, https:\/\/localconnect.com.br\/blog\/wp-content\/uploads\/2025\/07\/image-141.png 1200w\" sizes=\"(max-width: 1024px) 100vw, 1024px\" \/><\/figure>\n\n\n\n<p>A maior cidade da Serra Catarinense combina natureza, hist\u00f3ria e tradi\u00e7\u00e3o ga\u00facha. Lages tem campos de arauc\u00e1rias, ch\u00e1caras, festas t\u00edpicas e uma luz suave nos meses de inverno. O Parque Jonas Ramos e o interior rural s\u00e3o cen\u00e1rios ideais para ensaios fotogr\u00e1ficos e imagens de viagem.<\/p>\n\n\n\n<h2 class=\"wp-block-heading\">7. Alfredo Wagner<\/h2>\n\n\n\n<figure class=\"wp-block-image size-large\"><img loading=\"lazy\" decoding=\"async\" width=\"1024\" height=\"768\" src=\"https:\/\/localconnect.com.br\/blog\/wp-content\/uploads\/2025\/07\/image-143-1024x768.png\" alt=\"\" class=\"wp-image-6493\" title=\"\" srcset=\"https:\/\/localconnect.com.br\/blog\/wp-content\/uploads\/2025\/07\/image-143-1024x768.png 1024w, https:\/\/localconnect.com.br\/blog\/wp-content\/uploads\/2025\/07\/image-143-300x225.png 300w, https:\/\/localconnect.com.br\/blog\/wp-content\/uploads\/2025\/07\/image-143-768x576.png 768w, https:\/\/localconnect.com.br\/blog\/wp-content\/uploads\/2025\/07\/image-143-150x113.png 150w, https:\/\/localconnect.com.br\/blog\/wp-content\/uploads\/2025\/07\/image-143.png 1180w\" sizes=\"(max-width: 1024px) 100vw, 1024px\" \/><\/figure>\n\n\n\n<p>Alfredo Wagner \u00e9 um destino pouco conhecido, mas com enorme potencial fotogr\u00e1fico. As forma\u00e7\u00f5es rochosas, c\u00e2nions e cachoeiras contrastam com a vegeta\u00e7\u00e3o seca do inverno, criando paisagens inusitadas. \u00c9 tamb\u00e9m uma \u00f3tima pedida para quem quer explorar trilhas e fazer registros mais r\u00fasticos e aut\u00eanticos.<\/p>\n\n\n\n<h2 class=\"wp-block-heading\">8. Pomerode<\/h2>\n\n\n\n<figure class=\"wp-block-image size-large\"><img loading=\"lazy\" decoding=\"async\" width=\"1024\" height=\"577\" src=\"https:\/\/localconnect.com.br\/blog\/wp-content\/uploads\/2025\/07\/image-144-1024x577.png\" alt=\"\" class=\"wp-image-6494\" title=\"\" srcset=\"https:\/\/localconnect.com.br\/blog\/wp-content\/uploads\/2025\/07\/image-144-1024x577.png 1024w, https:\/\/localconnect.com.br\/blog\/wp-content\/uploads\/2025\/07\/image-144-300x169.png 300w, https:\/\/localconnect.com.br\/blog\/wp-content\/uploads\/2025\/07\/image-144-768x432.png 768w, https:\/\/localconnect.com.br\/blog\/wp-content\/uploads\/2025\/07\/image-144-150x84.png 150w, https:\/\/localconnect.com.br\/blog\/wp-content\/uploads\/2025\/07\/image-144.png 1300w\" sizes=\"(max-width: 1024px) 100vw, 1024px\" \/><\/figure>\n\n\n\n<p>Pomerode \u00e9 uma das cidades mais fotog\u00eanicas do Brasil em qualquer esta\u00e7\u00e3o, mas no inverno ela ganha ainda mais charme. O estilo germ\u00e2nico das casas, os jardins bem cuidados e a neblina da manh\u00e3 tornam qualquer caminhada uma oportunidade para fotos incr\u00edveis. Eventos como o Festival Gastron\u00f4mico tamb\u00e9m embelezam a cidade com decora\u00e7\u00e3o tem\u00e1tica e luzes aconchegantes.<\/p>\n\n\n\n<hr class=\"wp-block-separator has-alpha-channel-opacity\"\/>\n\n\n\n<h2 class=\"wp-block-heading\">Dicas extras das 8 cidades catarinenses perfeitas para fotos no inverno:<\/h2>\n\n\n\n<p>Fotografar no inverno catarinense \u00e9 uma experi\u00eancia que vai muito al\u00e9m do clique: envolve paisagens intocadas, tradi\u00e7\u00e3o cultural e aquela atmosfera acolhedora t\u00edpica da esta\u00e7\u00e3o. Seja na serra ou no interior, cada uma dessas&nbsp;<strong>8 cidades catarinenses perfeitas para fotos no inverno<\/strong>&nbsp;reserva cen\u00e1rios \u00fanicos para quem ama registrar viagens com personalidade.<\/p>\n\n\n\n<p>Seja voc\u00ea um fot\u00f3grafo amador ou apenas algu\u00e9m que curte deixar o feed do Instagram mais bonito, Santa Catarina \u00e9 um prato cheio de inspira\u00e7\u00e3o nesta \u00e9poca do ano com as 8 cidades catarinenses perfeitas para fotos no inverno.<br><br>Agora se voc\u00ea \u00e9 daqueles que gosta de praia no inverno, aqui vai outro artigo para voc\u00ea tamb\u00e9m anotas as dicas daste artigo sobre:<br><br><a href=\"https:\/\/localconnect.com.br\/blog\/santa-catarina\/7-praias-de-santa-catarina-para-curtir-no-inverno\/\">7 praias de Santa Catarina para curtir no inverno<\/a><\/p>\n\n\n\n<hr class=\"wp-block-separator has-alpha-channel-opacity\"\/>\n\n\n\n<p><strong><a href=\"https:\/\/localconnect.com.br\/app-baixe-agora\/\">\ud83d\udccd <\/a><\/strong><a href=\"https:\/\/localconnect.com.br\/app-baixe-agora\/\"><strong>Dica Local Connect<\/strong> das 8 cidades catarinenses perfeitas para fotos no inverno:<\/a><\/p>\n\n\n\n<p>Quer descobrir mais 8 cidades catarinenses perfeitas para fotos no inverno? No blog e app do <a href=\"https:\/\/www.instagram.com\/localconnect.bc\/\" target=\"_blank\" rel=\"noopener\">Local Connect<\/a>, voc\u00ea encontra sugest\u00f5es personalizadas, mapas atualizados, conte\u00fados exclusivos e ainda cupons de desconto em hospedagens e passeios.<\/p>\n\n\n\n<p>\ud83d\udc49 Curta, compartilhe e salve este guia das 8 cidades catarinenses perfeitas para fotos no inverno para planejar seu roteiro de inverno com registros inesquec\u00edveis. Com o Local Connect, suas mem\u00f3rias ganham novos \u00e2ngulos \u2014 e a viagem, muito mais valor.<\/p>\n<div class=\"pld-like-dislike-wrap pld-custom\">\r\n    <div class=\"pld-like-wrap  pld-common-wrap\">\r\n    <a href=\"javascript:void(0)\" class=\"pld-like-trigger pld-like-dislike-trigger  \" title=\"\" data-post-id=\"6485\" data-trigger-type=\"like\" data-restriction=\"no\" data-already-liked=\"0\">\r\n                            <img src=\"https:\/\/localconnect.com.br\/blog\/wp-content\/uploads\/2024\/02\/like-1-2.png\" alt=\"\" \/>\r\n            <\/a>\r\n    <span class=\"pld-like-count-wrap pld-count-wrap\">    <\/span>\r\n<\/div><div class=\"pld-dislike-wrap  pld-common-wrap\">\r\n    <a href=\"javascript:void(0)\" class=\"pld-dislike-trigger pld-like-dislike-trigger  \" title=\"\" data-post-id=\"6485\" data-trigger-type=\"dislike\" data-restriction=\"no\" data-already-liked=\"0\">\r\n                            <img src=\"https:\/\/localconnect.com.br\/blog\/wp-content\/uploads\/2024\/02\/image-2.png\" alt=\"\" \/>\r\n            <\/a>\r\n    <span class=\"pld-dislike-count-wrap pld-count-wrap\"><\/span>\r\n<\/div><\/div>","protected":false},"excerpt":{"rendered":"<p>Santa Catarina \u00e9 um destino queridinho dos amantes de paisagens naturais, cultura europeia e temperaturas amenas \u2014 e no inverno, tudo isso ganha um charme ainda mais especial com as 8 cidades catarinenses perfeitas para fotos no inverno. Com neblina nas montanhas, vinhedos dourados, lareiras acesas e cidades decoradas com arquitetura colonial, o estado se [&hellip;]<\/p>\n","protected":false},"author":4,"featured_media":6487,"comment_status":"open","ping_status":"open","sticky":false,"template":"","format":"standard","meta":{"_joinchat":[],"footnotes":""},"categories":[29,30,69,71],"tags":[88],"class_list":["post-6485","post","type-post","status-publish","format-standard","has-post-thumbnail","hentry","category-santa-catarina","category-balneario-camboriu","category-guias-roteiros","category-onde-ir","tag-balneario-camboriu"],"_links":{"self":[{"href":"https:\/\/localconnect.com.br\/blog\/wp-json\/wp\/v2\/posts\/6485","targetHints":{"allow":["GET"]}}],"collection":[{"href":"https:\/\/localconnect.com.br\/blog\/wp-json\/wp\/v2\/posts"}],"about":[{"href":"https:\/\/localconnect.com.br\/blog\/wp-json\/wp\/v2\/types\/post"}],"author":[{"embeddable":true,"href":"https:\/\/localconnect.com.br\/blog\/wp-json\/wp\/v2\/users\/4"}],"replies":[{"embeddable":true,"href":"https:\/\/localconnect.com.br\/blog\/wp-json\/wp\/v2\/comments?post=6485"}],"version-history":[{"count":0,"href":"https:\/\/localconnect.com.br\/blog\/wp-json\/wp\/v2\/posts\/6485\/revisions"}],"wp:featuredmedia":[{"embeddable":true,"href":"https:\/\/localconnect.com.br\/blog\/wp-json\/wp\/v2\/media\/6487"}],"wp:attachment":[{"href":"https:\/\/localconnect.com.br\/blog\/wp-json\/wp\/v2\/media?parent=6485"}],"wp:term":[{"taxonomy":"category","embeddable":true,"href":"https:\/\/localconnect.com.br\/blog\/wp-json\/wp\/v2\/categories?post=6485"},{"taxonomy":"post_tag","embeddable":true,"href":"https:\/\/localconnect.com.br\/blog\/wp-json\/wp\/v2\/tags?post=6485"}],"curies":[{"name":"wp","href":"https:\/\/api.w.org\/{rel}","templated":true}]}}