{"id":6647,"date":"2025-08-06T11:01:22","date_gmt":"2025-08-06T14:01:22","guid":{"rendered":"https:\/\/localconnect.com.br\/blog\/?p=6647"},"modified":"2026-04-07T23:48:55","modified_gmt":"2026-04-08T02:48:55","slug":"cicloturismo-vale-europeu-roteiro-de-3-dias-com-tracklog-gps","status":"publish","type":"post","link":"https:\/\/localconnect.com.br\/blog\/santa-catarina\/cicloturismo-vale-europeu-roteiro-de-3-dias-com-tracklog-gps\/","title":{"rendered":"Cicloturismo Vale Europeu: roteiro de 3 dias com tracklog GPS (atualizado 2026)"},"content":{"rendered":"\n<p>O Vale Europeu Catarinense \u00e9 um dos roteiros mais famosos do Brasil para cicloturismo, combinando paisagens rurais, cultura germ\u00e2nica, estradas tranquilas e acolhida calorosa em pequenas cidades do Cicloturismo Vale Europeu: roteiro de 3 dias com tracklog GPS (atualizado 2025). Se voc\u00ea tem pouco tempo, mas muita vontade de pedalar por essa regi\u00e3o encantadora, confira esse roteiro de&nbsp;<strong>3 dias<\/strong>, ideal para iniciantes e intermedi\u00e1rios, com&nbsp;<strong>tracklog GPS atualizado para 2025<\/strong>.<\/p>\n\n\n\n<figure class=\"wp-block-image size-large\"><img fetchpriority=\"high\" decoding=\"async\" width=\"1024\" height=\"648\" src=\"https:\/\/localconnect.com.br\/blog\/wp-content\/uploads\/2025\/08\/cicloturismo-1_G-1024x648.jpg\" alt=\"\" class=\"wp-image-6681\" title=\"\" srcset=\"https:\/\/localconnect.com.br\/blog\/wp-content\/uploads\/2025\/08\/cicloturismo-1_G-1024x648.jpg 1024w, https:\/\/localconnect.com.br\/blog\/wp-content\/uploads\/2025\/08\/cicloturismo-1_G-300x190.jpg 300w, https:\/\/localconnect.com.br\/blog\/wp-content\/uploads\/2025\/08\/cicloturismo-1_G-768x486.jpg 768w, https:\/\/localconnect.com.br\/blog\/wp-content\/uploads\/2025\/08\/cicloturismo-1_G-150x95.jpg 150w, https:\/\/localconnect.com.br\/blog\/wp-content\/uploads\/2025\/08\/cicloturismo-1_G.jpg 1240w\" sizes=\"(max-width: 1024px) 100vw, 1024px\" \/><\/figure>\n\n\n\n<p>Este \u00e9 um convite para respirar ar puro, curtir subidas e descidas suaves e conhecer uma parte da cultura catarinense de forma ativa e inesquec\u00edvel.<\/p>\n\n\n\n<hr class=\"wp-block-separator has-alpha-channel-opacity\"\/>\n\n\n\n<h2 class=\"wp-block-heading\">Onde fica o Vale Europeu?<\/h2>\n\n\n\n<p>O Vale Europeu fica em Santa Catarina, regi\u00e3o sul do Brasil, abrangendo cidades como Timb\u00f3, Pomerode, Indaial, Rio dos Cedros, Benedito Novo, Doutor Pedrinho e Rodeio. O circuito completo de cicloturismo tem cerca de&nbsp;<strong>300 km<\/strong>, mas h\u00e1&nbsp;<strong>roteiros curtos<\/strong>, como este de&nbsp;<strong>3 dias<\/strong>, com trechos adaptados para quem deseja explorar sem pressa o Cicloturismo Vale Europeu: roteiro de 3 dias com tracklog GPS (atualizado 2025).<\/p>\n\n\n\n<hr class=\"wp-block-separator has-alpha-channel-opacity\"\/>\n\n\n\n<h2 class=\"wp-block-heading\">Como funciona o roteiro de 3 dias?<\/h2>\n\n\n\n<p>Este mini circuito percorre algumas das paisagens mais c\u00eanicas do Vale Europeu, com pernoites estrat\u00e9gicos e um trajeto em loop, come\u00e7ando e terminando em&nbsp;<strong>Timb\u00f3<\/strong>, cidade considerada o \u201cportal do cicloturismo catarinense\u201d.<\/p>\n\n\n\n<p><strong>Resumo do roteiro do Cicloturismo Vale Europeu: roteiro de 3 dias com tracklog GPS (atualizado 2025):<\/strong><\/p>\n\n\n\n<ul class=\"wp-block-list\">\n<li><strong>Dia 1 \u2013 Timb\u00f3 \u2192 Pomerode (42 km)<\/strong><br>Sa\u00edda de Timb\u00f3 pela manh\u00e3, com pedaladas leves at\u00e9 Pomerode. Pelo caminho, voc\u00ea ver\u00e1 paisagens de interior, igrejas luteranas e casas enxaimel. Chegue a tempo de visitar o centro hist\u00f3rico e experimentar a gastronomia t\u00edpica alem\u00e3.<\/li>\n<\/ul>\n\n\n\n<figure class=\"wp-block-image size-large\"><img decoding=\"async\" width=\"1024\" height=\"682\" src=\"https:\/\/localconnect.com.br\/blog\/wp-content\/uploads\/2025\/08\/O-que-fazer-em-timbo-1024x682.jpg\" alt=\"\" class=\"wp-image-6684\" title=\"\" srcset=\"https:\/\/localconnect.com.br\/blog\/wp-content\/uploads\/2025\/08\/O-que-fazer-em-timbo-1024x682.jpg 1024w, https:\/\/localconnect.com.br\/blog\/wp-content\/uploads\/2025\/08\/O-que-fazer-em-timbo-300x200.jpg 300w, https:\/\/localconnect.com.br\/blog\/wp-content\/uploads\/2025\/08\/O-que-fazer-em-timbo-768x512.jpg 768w, https:\/\/localconnect.com.br\/blog\/wp-content\/uploads\/2025\/08\/O-que-fazer-em-timbo-150x100.jpg 150w, https:\/\/localconnect.com.br\/blog\/wp-content\/uploads\/2025\/08\/O-que-fazer-em-timbo.jpg 1280w\" sizes=\"(max-width: 1024px) 100vw, 1024px\" \/><\/figure>\n\n\n\n<ul class=\"wp-block-list\">\n<li><strong>Dia 2 \u2013 Pomerode \u2192 Indaial (45 km)<\/strong><br>O trecho entre Pomerode e Indaial tem subidas moderadas, mas \u00e9 recompensador. No trajeto, aproveite para conhecer pequenas propriedades rurais e provar produtos locais. O pernoite em Indaial pode incluir uma visita \u00e0 ponte dos arcos e ao centro.<\/li>\n<\/ul>\n\n\n\n<figure class=\"wp-block-image size-large\"><img decoding=\"async\" width=\"1024\" height=\"683\" src=\"https:\/\/localconnect.com.br\/blog\/wp-content\/uploads\/2025\/08\/roteiro-de-uma-manha-em-pomerode-1024x683.jpg\" alt=\"\" class=\"wp-image-6682\" title=\"\" srcset=\"https:\/\/localconnect.com.br\/blog\/wp-content\/uploads\/2025\/08\/roteiro-de-uma-manha-em-pomerode-1024x683.jpg 1024w, https:\/\/localconnect.com.br\/blog\/wp-content\/uploads\/2025\/08\/roteiro-de-uma-manha-em-pomerode-300x200.jpg 300w, https:\/\/localconnect.com.br\/blog\/wp-content\/uploads\/2025\/08\/roteiro-de-uma-manha-em-pomerode-768x512.jpg 768w, https:\/\/localconnect.com.br\/blog\/wp-content\/uploads\/2025\/08\/roteiro-de-uma-manha-em-pomerode-150x100.jpg 150w, https:\/\/localconnect.com.br\/blog\/wp-content\/uploads\/2025\/08\/roteiro-de-uma-manha-em-pomerode.jpg 1500w\" sizes=\"(max-width: 1024px) 100vw, 1024px\" \/><\/figure>\n\n\n\n<ul class=\"wp-block-list\">\n<li><strong>Dia 3 \u2013 Indaial \u2192 Timb\u00f3 (35 km)<\/strong><br>\u00daltimo dia de pedal com percurso mais curto e tranquilo. Ideal para terminar o passeio com calma e ainda visitar o Jardim Bot\u00e2nico de Timb\u00f3 ou a Funda\u00e7\u00e3o Cultural.<\/li>\n<\/ul>\n\n\n\n<figure class=\"wp-block-image size-large\"><img loading=\"lazy\" decoding=\"async\" width=\"1024\" height=\"682\" src=\"https:\/\/localconnect.com.br\/blog\/wp-content\/uploads\/2025\/08\/ponte-dos-arcos-indaial-sc-1024x682.jpg\" alt=\"\" class=\"wp-image-6683\" title=\"\" srcset=\"https:\/\/localconnect.com.br\/blog\/wp-content\/uploads\/2025\/08\/ponte-dos-arcos-indaial-sc-1024x682.jpg 1024w, https:\/\/localconnect.com.br\/blog\/wp-content\/uploads\/2025\/08\/ponte-dos-arcos-indaial-sc-300x200.jpg 300w, https:\/\/localconnect.com.br\/blog\/wp-content\/uploads\/2025\/08\/ponte-dos-arcos-indaial-sc-768x511.jpg 768w, https:\/\/localconnect.com.br\/blog\/wp-content\/uploads\/2025\/08\/ponte-dos-arcos-indaial-sc-1536x1022.jpg 1536w, https:\/\/localconnect.com.br\/blog\/wp-content\/uploads\/2025\/08\/ponte-dos-arcos-indaial-sc-150x100.jpg 150w, https:\/\/localconnect.com.br\/blog\/wp-content\/uploads\/2025\/08\/ponte-dos-arcos-indaial-sc.jpg 1600w\" sizes=\"(max-width: 1024px) 100vw, 1024px\" \/><\/figure>\n\n\n\n<hr class=\"wp-block-separator has-alpha-channel-opacity\"\/>\n\n\n\n<h2 class=\"wp-block-heading\">Tracklog GPS (2026)<\/h2>\n\n\n\n<p>O tracklog atualizado do roteiro em formato&nbsp;<strong>GPX<\/strong>&nbsp;est\u00e1 dispon\u00edvel para download nos principais apps de navega\u00e7\u00e3o por GPS, como:<\/p>\n\n\n\n<ul class=\"wp-block-list\">\n<li>Komoot<\/li>\n\n\n\n<li>Strava<\/li>\n\n\n\n<li>Wikiloc<\/li>\n\n\n\n<li>Ride with GPS<\/li>\n<\/ul>\n\n\n\n<p>Voc\u00ea pode&nbsp;<strong>baixar gratuitamente<\/strong>&nbsp;no site oficial do Circuito Vale Europeu ou em grupos de cicloturismo regionais. Todos os trechos est\u00e3o sinalizados, mas o uso do GPS garante seguran\u00e7a e autonomia no percurso.<\/p>\n\n\n\n<hr class=\"wp-block-separator has-alpha-channel-opacity\"\/>\n\n\n\n<h2 class=\"wp-block-heading\">N\u00edvel de dificuldade<\/h2>\n\n\n\n<p>Esse roteiro de 3 dias tem um n\u00edvel&nbsp;<strong>f\u00e1cil a moderado<\/strong>, ideal para quem j\u00e1 est\u00e1 acostumado a pedalar entre 30 e 50 km por dia. A altimetria \u00e9 amig\u00e1vel, com pequenas subidas e paisagens que fazem qualquer esfor\u00e7o valer a pena.<\/p>\n\n\n\n<hr class=\"wp-block-separator has-alpha-channel-opacity\"\/>\n\n\n\n<h2 class=\"wp-block-heading\">Onde se hospedar para Cicloturismo Vale Europeu: roteiro de 3 dias com tracklog GPS (atualizado 2025)<\/h2>\n\n\n\n<p>As cidades do Vale Europeu oferecem pousadas familiares, hot\u00e9is e op\u00e7\u00f5es de hospedagem voltadas para ciclistas, com estrutura para lavar bikes, guardar equipamentos e at\u00e9 caf\u00e9 da manh\u00e3 refor\u00e7ado.<\/p>\n\n\n\n<p>Sugest\u00f5es:<\/p>\n\n\n\n<ul class=\"wp-block-list\">\n<li><strong>Timb\u00f3<\/strong>: Pousada Dona Clara, Timb\u00f3 Park Hotel<\/li>\n\n\n\n<li><strong>Pomerode<\/strong>: Pousada Max Pomerode, Tannenhof<\/li>\n\n\n\n<li><strong>Indaial<\/strong>: Hotel Indaial, Pousada das Palmeiras<\/li>\n<\/ul>\n\n\n\n<hr class=\"wp-block-separator has-alpha-channel-opacity\"\/>\n\n\n\n<h2 class=\"wp-block-heading\">Dicas pr\u00e1ticas para o Cicloturismo Vale Europeu: roteiro de 3 dias com tracklog GPS (atualizado 2026)<\/h2>\n\n\n\n<ul class=\"wp-block-list\">\n<li>Leve sua bike revisada, com c\u00e2maras extras e kit de ferramentas.<\/li>\n\n\n\n<li>Use roupas apropriadas para pedal e capa de chuva, caso o tempo mude.<\/li>\n\n\n\n<li>Hidrate-se constantemente e aproveite os pontos de apoio nas cidades.<\/li>\n\n\n\n<li>Respeite o tempo de pedal e aproveite cada parada com calma.<\/li>\n<\/ul>\n\n\n\n<hr class=\"wp-block-separator has-alpha-channel-opacity\"\/>\n\n\n\n<h2 class=\"wp-block-heading\">Leia tamb\u00e9m:<\/h2>\n\n\n\n<ul class=\"wp-block-list\">\n<li>&nbsp;<a href=\"https:\/\/localconnect.com.br\/blog\/santa-catarina\/balneario-camboriu\/3-trilhas-faceis-em-balneario-camboriu-para-todas-as-idades\/\">3 trilhas f\u00e1ceis em Balne\u00e1rio Cambori\u00fa para todas as idades<\/a><\/li>\n\n\n\n<li><a href=\"https:\/\/localconnect.com.br\/blog\/santa-catarina\/3-trilhas-faceis-em-itapema-para-toda-a-familia\/\">&nbsp;3 trilhas f\u00e1ceis em Itapema para toda a fam\u00edlia<\/a><\/li>\n<\/ul>\n\n\n\n<p>Essas trilhas s\u00e3o \u00f3timas para complementar seu roteiro pela regi\u00e3o antes ou depois do pedal pelo Vale Europeu.<\/p>\n\n\n\n<hr class=\"wp-block-separator has-alpha-channel-opacity\"\/>\n\n\n\n<h2 class=\"wp-block-heading\">Importante: Registro gratuito<\/h2>\n\n\n\n<p>Se quiser fazer o&nbsp;<strong>circuito completo do Vale Europeu<\/strong>, \u00e9 necess\u00e1rio se cadastrar previamente para receber o passaporte do cicloturismo. Para esse roteiro curto, o cadastro n\u00e3o \u00e9 obrigat\u00f3rio, mas altamente recomendado para quem quer registrar a experi\u00eancia ou participar futuramente do circuito total.<\/p>\n\n\n\n<hr class=\"wp-block-separator has-alpha-channel-opacity\"\/>\n\n\n\n<h2 class=\"wp-block-heading\">Finalizando o Cicloturismo Vale Europeu: roteiro de 3 dias com tracklog GPS (atualizado 2026)<\/h2>\n\n\n\n<p>O Vale Europeu \u00e9 uma das rotas mais encantadoras do Brasil para quem ama pedalar com prop\u00f3sito. Mesmo em poucos dias, \u00e9 poss\u00edvel vivenciar a ess\u00eancia da regi\u00e3o, com paisagens buc\u00f3licas, hospitalidade marcante e muita cultura.<\/p>\n\n\n\n<p>Se voc\u00ea procura um destino para pedalar com seguran\u00e7a, tranquilidade e muita beleza natural, o&nbsp;Cicloturismo Vale Europeu: roteiro de 3 dias com tracklog GPS (atualizado 2025) \u00e9 uma excelente pedida.<\/p>\n\n\n\n<p>Se voc\u00ea \u00e9 cliente <a href=\"https:\/\/www.instagram.com\/localconnect.bc\/\" target=\"_blank\" rel=\"noopener\">Local Connect,<\/a> aproveite para conferir os\u00a0<strong>cupons de desconto<\/strong>\u00a0dispon\u00edveis no app antes de programar seu pedal pelo\u00a0<strong>Cicloturismo Vale Europeu: roteiro de 3 dias com tracklog GPS (atualizado 2026)<\/strong>. S\u00e3o ofertas exclusivas em\u00a0<strong>hospedagens, restaurantes, lojas esportivas e passeios<\/strong>\u00a0pela regi\u00e3o do circuito. Com o <a href=\"https:\/\/localconnect.com.br\/app-baixe-agora\/\">Local Connect,<\/a> sua viagem fica mais econ\u00f4mica e pr\u00e1tica, sem abrir m\u00e3o do conforto e da experi\u00eancia completa. N\u00e3o deixe de explorar todas as vantagens no aplicativo e pedalar no Cicloturismo Vale Europeu: roteiro de 3 dias com tracklog GPS (atualizado 2026) com tranquilidade, sabendo que est\u00e1 aproveitando o melhor custo-benef\u00edcio no cora\u00e7\u00e3o de Santa Catarina.<\/p>\n<div class=\"pld-like-dislike-wrap pld-custom\">\r\n    <div class=\"pld-like-wrap  pld-common-wrap\">\r\n    <a href=\"javascript:void(0)\" class=\"pld-like-trigger pld-like-dislike-trigger  \" title=\"\" data-post-id=\"6647\" data-trigger-type=\"like\" data-restriction=\"no\" data-already-liked=\"0\">\r\n                            <img src=\"https:\/\/localconnect.com.br\/blog\/wp-content\/uploads\/2024\/02\/like-1-2.png\" alt=\"\" \/>\r\n            <\/a>\r\n    <span class=\"pld-like-count-wrap pld-count-wrap\">    <\/span>\r\n<\/div><div class=\"pld-dislike-wrap  pld-common-wrap\">\r\n    <a href=\"javascript:void(0)\" class=\"pld-dislike-trigger pld-like-dislike-trigger  \" title=\"\" data-post-id=\"6647\" data-trigger-type=\"dislike\" data-restriction=\"no\" data-already-liked=\"0\">\r\n                            <img src=\"https:\/\/localconnect.com.br\/blog\/wp-content\/uploads\/2024\/02\/image-2.png\" alt=\"\" \/>\r\n            <\/a>\r\n    <span class=\"pld-dislike-count-wrap pld-count-wrap\"><\/span>\r\n<\/div><\/div>","protected":false},"excerpt":{"rendered":"<p>O Vale Europeu Catarinense \u00e9 um dos roteiros mais famosos do Brasil para cicloturismo, combinando paisagens rurais, cultura germ\u00e2nica, estradas tranquilas e acolhida calorosa em pequenas cidades do Cicloturismo Vale Europeu: roteiro de 3 dias com tracklog GPS (atualizado 2025). Se voc\u00ea tem pouco tempo, mas muita vontade de pedalar por essa regi\u00e3o encantadora, confira [&hellip;]<\/p>\n","protected":false},"author":4,"featured_media":6680,"comment_status":"open","ping_status":"open","sticky":false,"template":"","format":"standard","meta":{"_joinchat":[],"footnotes":""},"categories":[29,57,69,70,58],"tags":[90,85],"class_list":["post-6647","post","type-post","status-publish","format-standard","has-post-thumbnail","hentry","category-santa-catarina","category-blumenau","category-guias-roteiros","category-o-que-fazer","category-porto-belo","tag-blumenau","tag-porto-belo"],"_links":{"self":[{"href":"https:\/\/localconnect.com.br\/blog\/wp-json\/wp\/v2\/posts\/6647","targetHints":{"allow":["GET"]}}],"collection":[{"href":"https:\/\/localconnect.com.br\/blog\/wp-json\/wp\/v2\/posts"}],"about":[{"href":"https:\/\/localconnect.com.br\/blog\/wp-json\/wp\/v2\/types\/post"}],"author":[{"embeddable":true,"href":"https:\/\/localconnect.com.br\/blog\/wp-json\/wp\/v2\/users\/4"}],"replies":[{"embeddable":true,"href":"https:\/\/localconnect.com.br\/blog\/wp-json\/wp\/v2\/comments?post=6647"}],"version-history":[{"count":2,"href":"https:\/\/localconnect.com.br\/blog\/wp-json\/wp\/v2\/posts\/6647\/revisions"}],"predecessor-version":[{"id":10215,"href":"https:\/\/localconnect.com.br\/blog\/wp-json\/wp\/v2\/posts\/6647\/revisions\/10215"}],"wp:featuredmedia":[{"embeddable":true,"href":"https:\/\/localconnect.com.br\/blog\/wp-json\/wp\/v2\/media\/6680"}],"wp:attachment":[{"href":"https:\/\/localconnect.com.br\/blog\/wp-json\/wp\/v2\/media?parent=6647"}],"wp:term":[{"taxonomy":"category","embeddable":true,"href":"https:\/\/localconnect.com.br\/blog\/wp-json\/wp\/v2\/categories?post=6647"},{"taxonomy":"post_tag","embeddable":true,"href":"https:\/\/localconnect.com.br\/blog\/wp-json\/wp\/v2\/tags?post=6647"}],"curies":[{"name":"wp","href":"https:\/\/api.w.org\/{rel}","templated":true}]}}