{"id":7236,"date":"2025-08-25T11:22:12","date_gmt":"2025-08-25T14:22:12","guid":{"rendered":"https:\/\/localconnect.com.br\/blog\/?p=7236"},"modified":"2025-10-24T20:39:11","modified_gmt":"2025-10-24T23:39:11","slug":"agenda-eventos-setembro-balneario-camboriu","status":"publish","type":"post","link":"https:\/\/localconnect.com.br\/blog\/santa-catarina\/balneario-camboriu\/agenda-eventos-setembro-balneario-camboriu\/","title":{"rendered":"Agenda de eventos do m\u00eas de Setembro em Balne\u00e1rio Cambori\u00fa"},"content":{"rendered":"\n<p>Balne\u00e1rio Cambori\u00fa \u00e9 um dos destinos tur\u00edsticos mais vibrantes do Brasil, e n\u00e3o \u00e9 apenas pelas praias paradis\u00edacas que a cidade se destaca. A vida cultural, os congressos, os festivais de m\u00fasica e as feiras tornam o munic\u00edpio um polo din\u00e2mico durante todo o ano. Para quem gosta de planejar a viagem com anteced\u00eancia ou mesmo \u00e9 morador e n\u00e3o quer perder nada, a&nbsp;<strong>Agenda de eventos do m\u00eas de Setembro em Balne\u00e1rio Cambori\u00fa<\/strong>&nbsp;est\u00e1 recheada de atra\u00e7\u00f5es imperd\u00edveis em 2025.<\/p>\n\n\n\n<p>De congressos cient\u00edficos a festivais gastron\u00f4micos, de shows musicais a corridas e atividades c\u00edvicas, a cidade oferece uma programa\u00e7\u00e3o diversificada que agrada a todos os p\u00fablicos. Neste artigo, voc\u00ea confere a programa\u00e7\u00e3o completa, al\u00e9m de dicas extras para aproveitar cada momento.<\/p>\n\n\n\n<hr class=\"wp-block-separator has-alpha-channel-opacity\"\/>\n\n\n\n<h2 class=\"wp-block-heading\">Por que acompanhar a Agenda de eventos do m\u00eas de Setembro em Balne\u00e1rio Cambori\u00fa?<\/h2>\n\n\n\n<p>Balne\u00e1rio Cambori\u00fa recebe milhares de visitantes ao longo do ano, mas setembro tem um charme especial: \u00e9 um m\u00eas de transi\u00e7\u00e3o, com clima mais ameno e eventos variados que movimentam toda a cidade. A&nbsp;<strong>Agenda de eventos do m\u00eas de Setembro em Balne\u00e1rio Cambori\u00fa<\/strong>&nbsp;\u00e9 um guia essencial tanto para turistas quanto para moradores que desejam aproveitar ao m\u00e1ximo a cidade.<\/p>\n\n\n\n<p>Al\u00e9m disso, os eventos atraem profissionais, estudantes, fam\u00edlias e turistas de diversas regi\u00f5es, transformando Balne\u00e1rio Cambori\u00fa em um verdadeiro ponto de encontro cultural e econ\u00f4mico.<\/p>\n\n\n\n<hr class=\"wp-block-separator has-alpha-channel-opacity\"\/>\n\n\n\n<h2 class=\"wp-block-heading\">Destaques da Agenda de eventos do m\u00eas de Setembro em Balne\u00e1rio Cambori\u00fa<\/h2>\n\n\n\n<h3 class=\"wp-block-heading\">01\/09\/2025 \u2013 7\u00b0 Festival Gastron\u00f4mico Bravamall<\/h3>\n\n\n\n<p>Local: BravaMall<br>Nada melhor para abrir a&nbsp;<strong>Agenda de eventos do m\u00eas de Setembro em Balne\u00e1rio Cambori\u00fa<\/strong>&nbsp;do que um festival de sabores. O Bravamall recebe chefs renomados e op\u00e7\u00f5es variadas da culin\u00e1ria local e internacional.<\/p>\n\n\n\n<figure class=\"wp-block-image size-large\"><img fetchpriority=\"high\" decoding=\"async\" width=\"1024\" height=\"575\" src=\"https:\/\/localconnect.com.br\/blog\/wp-content\/uploads\/2025\/08\/image-13-1024x575.png\" alt=\"\" class=\"wp-image-7238\" title=\"\" srcset=\"https:\/\/localconnect.com.br\/blog\/wp-content\/uploads\/2025\/08\/image-13-1024x575.png 1024w, https:\/\/localconnect.com.br\/blog\/wp-content\/uploads\/2025\/08\/image-13-300x169.png 300w, https:\/\/localconnect.com.br\/blog\/wp-content\/uploads\/2025\/08\/image-13-768x432.png 768w, https:\/\/localconnect.com.br\/blog\/wp-content\/uploads\/2025\/08\/image-13-150x84.png 150w, https:\/\/localconnect.com.br\/blog\/wp-content\/uploads\/2025\/08\/image-13.png 1500w\" sizes=\"(max-width: 1024px) 100vw, 1024px\" \/><\/figure>\n\n\n\n<hr class=\"wp-block-separator has-alpha-channel-opacity\"\/>\n\n\n\n<h3 class=\"wp-block-heading\">02\/09\/2025 \u2013 COMAC\/SC 2025<\/h3>\n\n\n\n<p>Local: Expocentro Balne\u00e1rio Cambori\u00fa J\u00falio Tedesco<br>O Congresso de Munic\u00edpios, Associa\u00e7\u00f5es e Cons\u00f3rcios de Santa Catarina re\u00fane gestores e autoridades para debater o futuro das cidades.<\/p>\n\n\n\n<hr class=\"wp-block-separator has-alpha-channel-opacity\"\/>\n\n\n\n<h3 class=\"wp-block-heading\">03\/09\/2025 \u2013 Congresso Cirurgia Cabe\u00e7a e Pesco\u00e7o 2025<\/h3>\n\n\n\n<p>Local: Expocentro Balne\u00e1rio Cambori\u00fa J\u00falio Tedesco<br>Evento voltado para profissionais da sa\u00fade, com workshops, palestras e discuss\u00f5es sobre os avan\u00e7os da \u00e1rea.<\/p>\n\n\n\n<hr class=\"wp-block-separator has-alpha-channel-opacity\"\/>\n\n\n\n<h3 class=\"wp-block-heading\">05\/09\/2025 \u2013 BC Funk Festival com MC Ryan<\/h3>\n\n\n\n<p>Local: Speed Way Music Park<br>Um dos shows mais esperados da&nbsp;<strong>Agenda de eventos do m\u00eas de Setembro em Balne\u00e1rio Cambori\u00fa<\/strong>, trazendo MC Ryan e outros artistas do cen\u00e1rio funk.<\/p>\n\n\n\n<hr class=\"wp-block-separator has-alpha-channel-opacity\"\/>\n\n\n\n<h3 class=\"wp-block-heading\">07\/09\/2025 \u2013 Up Trail 20k<\/h3>\n\n\n\n<p>Local: Avenida Interpraias<br>Amantes do esporte podem participar desta corrida desafiadora, aproveitando a vista \u00fanica da regi\u00e3o.<\/p>\n\n\n\n<figure class=\"wp-block-image size-full\"><img decoding=\"async\" width=\"882\" height=\"374\" src=\"https:\/\/localconnect.com.br\/blog\/wp-content\/uploads\/2025\/08\/image-27.png\" alt=\"\" class=\"wp-image-7252\" title=\"\" srcset=\"https:\/\/localconnect.com.br\/blog\/wp-content\/uploads\/2025\/08\/image-27.png 882w, https:\/\/localconnect.com.br\/blog\/wp-content\/uploads\/2025\/08\/image-27-300x127.png 300w, https:\/\/localconnect.com.br\/blog\/wp-content\/uploads\/2025\/08\/image-27-768x326.png 768w, https:\/\/localconnect.com.br\/blog\/wp-content\/uploads\/2025\/08\/image-27-150x64.png 150w\" sizes=\"(max-width: 882px) 100vw, 882px\" \/><\/figure>\n\n\n\n<hr class=\"wp-block-separator has-alpha-channel-opacity\"\/>\n\n\n\n<h3 class=\"wp-block-heading\">07\/09\/2025 \u2013 Desfile C\u00edvico Balne\u00e1rio Cambori\u00fa<\/h3>\n\n\n\n<p>Trajeto: Rua 1822 at\u00e9 a Rua 2300<br>Um dos momentos mais tradicionais do calend\u00e1rio, o desfile de 7 de setembro re\u00fane escolas, entidades e for\u00e7as de seguran\u00e7a.<\/p>\n\n\n\n<figure class=\"wp-block-image size-full\"><img decoding=\"async\" width=\"981\" height=\"512\" src=\"https:\/\/localconnect.com.br\/blog\/wp-content\/uploads\/2025\/08\/image-15.png\" alt=\"\" class=\"wp-image-7240\" title=\"\" srcset=\"https:\/\/localconnect.com.br\/blog\/wp-content\/uploads\/2025\/08\/image-15.png 981w, https:\/\/localconnect.com.br\/blog\/wp-content\/uploads\/2025\/08\/image-15-300x157.png 300w, https:\/\/localconnect.com.br\/blog\/wp-content\/uploads\/2025\/08\/image-15-768x401.png 768w, https:\/\/localconnect.com.br\/blog\/wp-content\/uploads\/2025\/08\/image-15-150x78.png 150w\" sizes=\"(max-width: 981px) 100vw, 981px\" \/><\/figure>\n\n\n\n<hr class=\"wp-block-separator has-alpha-channel-opacity\"\/>\n\n\n\n<h3 class=\"wp-block-heading\">08\/09\/2025 \u2013 8\u00b0 Feconthi BC<\/h3>\n\n\n\n<p>Local: Teatro Bruno Nitz<br>Festival de Contadores de Hist\u00f3rias que encanta adultos e crian\u00e7as, promovendo cultura e imagina\u00e7\u00e3o.<\/p>\n\n\n\n<hr class=\"wp-block-separator has-alpha-channel-opacity\"\/>\n\n\n\n<h3 class=\"wp-block-heading\">11\/09\/2025 \u2013 4\u00ba Congresso Brasileiro de Direito Imobili\u00e1rio<\/h3>\n\n\n\n<p>Local: UNIVALI \u2013 Campus Balne\u00e1rio Cambori\u00fa<br>Evento de grande relev\u00e2ncia para o setor jur\u00eddico e imobili\u00e1rio no Brasil.<\/p>\n\n\n\n<hr class=\"wp-block-separator has-alpha-channel-opacity\"\/>\n\n\n\n<h3 class=\"wp-block-heading\">13\/09\/2025 \u2013 Imers\u00e3o em Radiologia da C\u00e9os<\/h3>\n\n\n\n<p>Local: Hotel Marambaia<br>Atualiza\u00e7\u00f5es e pr\u00e1ticas sobre radiologia em um dos hot\u00e9is mais ic\u00f4nicos da cidade.<\/p>\n\n\n\n<hr class=\"wp-block-separator has-alpha-channel-opacity\"\/>\n\n\n\n<h3 class=\"wp-block-heading\">13\/09\/2025 \u2013 Corridas Brisas \u2013 Exclusiva para Mulheres<\/h3>\n\n\n\n<p>Local: Avenida Atl\u00e2ntica, Rua 4900<br>Prova especial para mulheres que une esporte, sa\u00fade e empoderamento.<\/p>\n\n\n\n<figure class=\"wp-block-image size-full\"><img loading=\"lazy\" decoding=\"async\" width=\"974\" height=\"389\" src=\"https:\/\/localconnect.com.br\/blog\/wp-content\/uploads\/2025\/08\/image-16.png\" alt=\"\" class=\"wp-image-7241\" title=\"\" srcset=\"https:\/\/localconnect.com.br\/blog\/wp-content\/uploads\/2025\/08\/image-16.png 974w, https:\/\/localconnect.com.br\/blog\/wp-content\/uploads\/2025\/08\/image-16-300x120.png 300w, https:\/\/localconnect.com.br\/blog\/wp-content\/uploads\/2025\/08\/image-16-768x307.png 768w, https:\/\/localconnect.com.br\/blog\/wp-content\/uploads\/2025\/08\/image-16-150x60.png 150w\" sizes=\"(max-width: 974px) 100vw, 974px\" \/><\/figure>\n\n\n\n<hr class=\"wp-block-separator has-alpha-channel-opacity\"\/>\n\n\n\n<h3 class=\"wp-block-heading\">14\/09\/2025 \u2013 Expobaixos<\/h3>\n\n\n\n<p>Local: Speed Way Music Park<br>Evento automotivo que atrai apaixonados por carros rebaixados e som automotivo.<\/p>\n\n\n\n<hr class=\"wp-block-separator has-alpha-channel-opacity\"\/>\n\n\n\n<h3 class=\"wp-block-heading\">16\/09\/2025 \u2013 Feira Construir A\u00ed 2025<\/h3>\n\n\n\n<p>Local: Expocentro Balne\u00e1rio Cambori\u00fa J\u00falio Tedesco<br>Um dos maiores encontros da constru\u00e7\u00e3o civil e tecnologia do setor.<\/p>\n\n\n\n<hr class=\"wp-block-separator has-alpha-channel-opacity\"\/>\n\n\n\n<h3 class=\"wp-block-heading\">19\/09\/2025 \u2013 13\u00b0 Acampamento Farroupilha<\/h3>\n\n\n\n<p>Local: Pra\u00e7a da Bandeira<br>Tradi\u00e7\u00e3o ga\u00facha em solo catarinense, com m\u00fasica, gastronomia e cultura t\u00edpica.<\/p>\n\n\n\n<figure class=\"wp-block-image size-large\"><img loading=\"lazy\" decoding=\"async\" width=\"1024\" height=\"575\" src=\"https:\/\/localconnect.com.br\/blog\/wp-content\/uploads\/2025\/08\/image-17-1024x575.png\" alt=\"\" class=\"wp-image-7242\" title=\"\" srcset=\"https:\/\/localconnect.com.br\/blog\/wp-content\/uploads\/2025\/08\/image-17-1024x575.png 1024w, https:\/\/localconnect.com.br\/blog\/wp-content\/uploads\/2025\/08\/image-17-300x169.png 300w, https:\/\/localconnect.com.br\/blog\/wp-content\/uploads\/2025\/08\/image-17-768x431.png 768w, https:\/\/localconnect.com.br\/blog\/wp-content\/uploads\/2025\/08\/image-17-150x84.png 150w, https:\/\/localconnect.com.br\/blog\/wp-content\/uploads\/2025\/08\/image-17.png 1068w\" sizes=\"(max-width: 1024px) 100vw, 1024px\" \/><\/figure>\n\n\n\n<hr class=\"wp-block-separator has-alpha-channel-opacity\"\/>\n\n\n\n<h3 class=\"wp-block-heading\">23\/09\/2025 \u2013 1\u00b0 Semin\u00e1rio de Turismo da Costa Verde &amp; Mar<\/h3>\n\n\n\n<p>Local: CDL-BC<br>Debates sobre inova\u00e7\u00e3o e fortalecimento do turismo regional.<\/p>\n\n\n\n<hr class=\"wp-block-separator has-alpha-channel-opacity\"\/>\n\n\n\n<h3 class=\"wp-block-heading\">24\/09\/2025 \u2013 4\u00ba Festival Internacional de M\u00fasica da Univali<\/h3>\n\n\n\n<p>Local: Teatro Adelaide Konder \u2013 UNIVALI<br>M\u00fasicos nacionais e internacionais se apresentam em Balne\u00e1rio Cambori\u00fa, refor\u00e7ando o car\u00e1ter cultural da cidade.<\/p>\n\n\n\n<hr class=\"wp-block-separator has-alpha-channel-opacity\"\/>\n\n\n\n<h3 class=\"wp-block-heading\">25\/09\/2025 \u2013 Magazord Summit 2025<\/h3>\n\n\n\n<p>Local: Expocentro Balne\u00e1rio Cambori\u00fa J\u00falio Tedesco<br>Evento voltado para e-commerce e inova\u00e7\u00e3o digital.<\/p>\n\n\n\n<hr class=\"wp-block-separator has-alpha-channel-opacity\"\/>\n\n\n\n<h3 class=\"wp-block-heading\">27\/09\/2025 \u2013 Feira de Educa\u00e7\u00e3o Internacional<\/h3>\n\n\n\n<p>Local: Hotel Mercure<br>Oportunidade para estudantes conhecerem op\u00e7\u00f5es de interc\u00e2mbio e estudos no exterior.<\/p>\n\n\n\n<hr class=\"wp-block-separator has-alpha-channel-opacity\"\/>\n\n\n\n<h3 class=\"wp-block-heading\">27\/09\/2025 \u2013 Raphael Ghanem | Se \u00e9 que voc\u00ea me entende<\/h3>\n\n\n\n<p>Local: Expocentro Balne\u00e1rio Cambori\u00fa J\u00falio Tedesco<br>Espet\u00e1culo de humor que promete arrancar boas risadas do p\u00fablico.<\/p>\n\n\n\n<hr class=\"wp-block-separator has-alpha-channel-opacity\"\/>\n\n\n\n<h3 class=\"wp-block-heading\">28\/09\/2025 \u2013 Nail Protagonista Experience<\/h3>\n\n\n\n<p>Local: Pacific Tower Hotel<br>Evento voltado para profissionais da \u00e1rea da beleza e est\u00e9tica.<\/p>\n\n\n\n<hr class=\"wp-block-separator has-alpha-channel-opacity\"\/>\n\n\n\n<h2 class=\"wp-block-heading\">Leia tamb\u00e9m<\/h2>\n\n\n\n<ul class=\"wp-block-list\">\n<li><a href=\"https:\/\/localconnect.com.br\/blog\/santa-catarina\/balneario-camboriu\/praia-central-balneario-camboriu-2025-guia-completo\/\">[Praia Central de Balne\u00e1rio Cambori\u00fa: Guia Completo 2025]<\/a><\/li>\n\n\n\n<li><a href=\"https:\/\/localconnect.com.br\/blog\/santa-catarina\/balneario-camboriu\/praia-central-de-balneario-camboriu\/\">[Tudo o que voc\u00ea precisa saber sobre a Praia Central de Balne\u00e1rio Cambori\u00fa]<\/a><\/li>\n<\/ul>\n\n\n\n<hr class=\"wp-block-separator has-alpha-channel-opacity\"\/>\n\n\n\n<h2 class=\"wp-block-heading\">Conclus\u00e3o<\/h2>\n\n\n\n<p>Com tantas op\u00e7\u00f5es diversificadas, a&nbsp;<strong>Agenda de eventos do m\u00eas de Setembro em Balne\u00e1rio Cambori\u00fa<\/strong>&nbsp;\u00e9 uma verdadeira oportunidade de vivenciar experi\u00eancias \u00fanicas. Desde grandes congressos at\u00e9 festivais culturais, passando por shows, corridas e celebra\u00e7\u00f5es c\u00edvicas, o m\u00eas promete movimentar intensamente a cidade.<\/p>\n\n\n\n<p>Seja voc\u00ea um turista em busca de novidades ou um morador que n\u00e3o abre m\u00e3o de acompanhar o que acontece por perto, acompanhar a&nbsp;<strong>Agenda de eventos do m\u00eas de Setembro em Balne\u00e1rio Cambori\u00fa<\/strong>&nbsp;\u00e9 essencial para aproveitar cada detalhe.<\/p>\n\n\n\n<p>E para quem quer mais do que apenas informa\u00e7\u00e3o, o&nbsp;<strong><a href=\"https:\/\/www.instagram.com\/localconnect.bc\/\" target=\"_blank\" rel=\"noopener\">Local Connect<\/a><\/strong>&nbsp;oferece muito mais: descontos exclusivos em hospedagens, experi\u00eancias de viagem, compras online e conte\u00fados atualizados sobre tudo que acontece na regi\u00e3o. <a href=\"https:\/\/localconnect.com.br\/app-baixe-agora\/#google_vignette\">Baixe o aplicativo<\/a> e fique por dentro n\u00e3o s\u00f3 da&nbsp;<strong>Agenda de eventos do m\u00eas de Setembro em Balne\u00e1rio Cambori\u00fa<\/strong>, mas de tudo o que pode transformar sua estadia em momentos inesquec\u00edveis.<\/p>\n<div class=\"pld-like-dislike-wrap pld-custom\">\r\n    <div class=\"pld-like-wrap  pld-common-wrap\">\r\n    <a href=\"javascript:void(0)\" class=\"pld-like-trigger pld-like-dislike-trigger  \" title=\"\" data-post-id=\"7236\" data-trigger-type=\"like\" data-restriction=\"no\" data-already-liked=\"0\">\r\n                            <img src=\"https:\/\/localconnect.com.br\/blog\/wp-content\/uploads\/2024\/02\/like-1-2.png\" alt=\"\" \/>\r\n            <\/a>\r\n    <span class=\"pld-like-count-wrap pld-count-wrap\">    <\/span>\r\n<\/div><div class=\"pld-dislike-wrap  pld-common-wrap\">\r\n    <a href=\"javascript:void(0)\" class=\"pld-dislike-trigger pld-like-dislike-trigger  \" title=\"\" data-post-id=\"7236\" data-trigger-type=\"dislike\" data-restriction=\"no\" data-already-liked=\"0\">\r\n                            <img src=\"https:\/\/localconnect.com.br\/blog\/wp-content\/uploads\/2024\/02\/image-2.png\" alt=\"\" \/>\r\n            <\/a>\r\n    <span class=\"pld-dislike-count-wrap pld-count-wrap\"><\/span>\r\n<\/div><\/div>","protected":false},"excerpt":{"rendered":"<p>Balne\u00e1rio Cambori\u00fa \u00e9 um dos destinos tur\u00edsticos mais vibrantes do Brasil, e n\u00e3o \u00e9 apenas pelas praias paradis\u00edacas que a cidade se destaca. A vida cultural, os congressos, os festivais de m\u00fasica e as feiras tornam o munic\u00edpio um polo din\u00e2mico durante todo o ano. Para quem gosta de planejar a viagem com anteced\u00eancia ou [&hellip;]<\/p>\n","protected":false},"author":4,"featured_media":7254,"comment_status":"open","ping_status":"open","sticky":false,"template":"","format":"standard","meta":{"_joinchat":[],"footnotes":""},"categories":[30,68,79,29],"tags":[88],"class_list":["post-7236","post","type-post","status-publish","format-standard","has-post-thumbnail","hentry","category-balneario-camboriu","category-agenda-de-eventos","category-eventos-noticias","category-santa-catarina","tag-balneario-camboriu"],"_links":{"self":[{"href":"https:\/\/localconnect.com.br\/blog\/wp-json\/wp\/v2\/posts\/7236","targetHints":{"allow":["GET"]}}],"collection":[{"href":"https:\/\/localconnect.com.br\/blog\/wp-json\/wp\/v2\/posts"}],"about":[{"href":"https:\/\/localconnect.com.br\/blog\/wp-json\/wp\/v2\/types\/post"}],"author":[{"embeddable":true,"href":"https:\/\/localconnect.com.br\/blog\/wp-json\/wp\/v2\/users\/4"}],"replies":[{"embeddable":true,"href":"https:\/\/localconnect.com.br\/blog\/wp-json\/wp\/v2\/comments?post=7236"}],"version-history":[{"count":0,"href":"https:\/\/localconnect.com.br\/blog\/wp-json\/wp\/v2\/posts\/7236\/revisions"}],"wp:featuredmedia":[{"embeddable":true,"href":"https:\/\/localconnect.com.br\/blog\/wp-json\/wp\/v2\/media\/7254"}],"wp:attachment":[{"href":"https:\/\/localconnect.com.br\/blog\/wp-json\/wp\/v2\/media?parent=7236"}],"wp:term":[{"taxonomy":"category","embeddable":true,"href":"https:\/\/localconnect.com.br\/blog\/wp-json\/wp\/v2\/categories?post=7236"},{"taxonomy":"post_tag","embeddable":true,"href":"https:\/\/localconnect.com.br\/blog\/wp-json\/wp\/v2\/tags?post=7236"}],"curies":[{"name":"wp","href":"https:\/\/api.w.org\/{rel}","templated":true}]}}