{"id":8737,"date":"2025-10-08T14:47:22","date_gmt":"2025-10-08T17:47:22","guid":{"rendered":"https:\/\/localconnect.com.br\/blog\/?p=8737"},"modified":"2025-10-24T20:35:09","modified_gmt":"2025-10-24T23:35:09","slug":"praia-de-cabecudas-em-itajai","status":"publish","type":"post","link":"https:\/\/localconnect.com.br\/blog\/santa-catarina\/itajai\/praia-de-cabecudas-em-itajai\/","title":{"rendered":"Veja como chegar na Praia de Cabe\u00e7udas em Itaja\u00ed"},"content":{"rendered":"\n<p>Se voc\u00ea procura um lugar que une mar calmo, natureza e atividades ao ar livre, a Praia de Cabe\u00e7udas em Itaja\u00ed \u00e9 uma excelente escolha. Localizada no litoral catarinense, essa praia tem seu charme pr\u00f3prio e uma hist\u00f3ria interessante, marcada pelo in\u00edcio do turismo de lazer na regi\u00e3o.&nbsp;<\/p>\n\n\n\n<p>Antes do s\u00e9culo 20, o oceano era usado apenas para pesca e atividades de sustento pelos moradores locais. Aos poucos, imigrantes europeus que chegavam \u00e0 regi\u00e3o come\u00e7aram a frequentar a praia para descansar e se divertir, dando in\u00edcio a uma tradi\u00e7\u00e3o de lazer que se mant\u00e9m at\u00e9 hoje.<\/p>\n\n\n\n<h2 class=\"wp-block-heading\"><strong>O significado do nome<\/strong><\/h2>\n\n\n\n<p>O nome da Praia de Cabe\u00e7udas em Itaja\u00ed tem diversas interpreta\u00e7\u00f5es curiosas. Uma delas remete \u00e0s tartarugas-cabe\u00e7udas que habitavam a regi\u00e3o nos primeiros anos.&nbsp;<\/p>\n\n\n\n<p>Outra vers\u00e3o cita formigas com cabe\u00e7as grandes que eram comuns no local. H\u00e1 ainda relatos sobre nativos com caracter\u00edsticas f\u00edsicas que inspiraram o nome, evidenciadas por descobertas arqueol\u00f3gicas na \u00e1rea do Iate Clube em 1971.<\/p>\n\n\n\n<p>Alguns estudiosos acreditam que os morros pr\u00f3ximos, como o do Farol e o da Caverna do Morcego, lembravam aos navegantes \u201ccabe\u00e7os\u201d projetados sobre o mar.&nbsp;<\/p>\n\n\n\n<p>Al\u00e9m disso, outra hip\u00f3tese se refere \u00e0s pedras da regi\u00e3o, que formavam pequenas eleva\u00e7\u00f5es chamadas de cabe\u00e7os, removidas posteriormente na constru\u00e7\u00e3o de estradas. Independentemente da origem, o nome se mant\u00e9m como marca hist\u00f3rica do bairro.<\/p>\n\n\n\n<h2 class=\"wp-block-heading\"><strong>Como chegar \u00e0 Praia de Cabe\u00e7udas em Itaja\u00ed?<\/strong><\/h2>\n\n\n\n<figure class=\"wp-block-image size-large\"><img fetchpriority=\"high\" decoding=\"async\" width=\"1024\" height=\"576\" src=\"https:\/\/localconnect.com.br\/blog\/wp-content\/uploads\/2025\/10\/Praia-de-Cabecudas-em-Itajai-como-chegar-1024x576.jpg\" alt=\"Praia de Cabe\u00e7udas em Itaja\u00ed\" class=\"wp-image-8742\" title=\"\" srcset=\"https:\/\/localconnect.com.br\/blog\/wp-content\/uploads\/2025\/10\/Praia-de-Cabecudas-em-Itajai-como-chegar-1024x576.jpg 1024w, https:\/\/localconnect.com.br\/blog\/wp-content\/uploads\/2025\/10\/Praia-de-Cabecudas-em-Itajai-como-chegar-300x169.jpg 300w, https:\/\/localconnect.com.br\/blog\/wp-content\/uploads\/2025\/10\/Praia-de-Cabecudas-em-Itajai-como-chegar-768x432.jpg 768w, https:\/\/localconnect.com.br\/blog\/wp-content\/uploads\/2025\/10\/Praia-de-Cabecudas-em-Itajai-como-chegar-150x84.jpg 150w, https:\/\/localconnect.com.br\/blog\/wp-content\/uploads\/2025\/10\/Praia-de-Cabecudas-em-Itajai-como-chegar.jpg 1200w\" sizes=\"(max-width: 1024px) 100vw, 1024px\" \/><\/figure>\n\n\n\n<p>A Praia de Cabe\u00e7udas em Itaja\u00ed fica a cerca de cinco quil\u00f4metros do centro da cidade, com acesso f\u00e1cil por diferentes meios de transporte:<\/p>\n\n\n\n<ul class=\"wp-block-list\">\n<li><strong>De carro ou bicicleta<\/strong>: Saindo do centro, siga pelo bairro Fazenda at\u00e9 a Alameda Ernesto Schneider. Cruze a ponte sobre o Rio Itaja\u00ed-A\u00e7u, siga at\u00e9 a r\u00f3tula dos Molhes da Barra e continue pela Praia do Atalaia at\u00e9 a bifurca\u00e7\u00e3o das ruas Juv\u00eancio Tav\u00e1res D\u2019amaral e Floriano Peixoto;<\/li>\n\n\n\n<li><strong>De \u00f4nibus<\/strong>: A linha LB \u2013 Lazer e Turismo funciona aos finais de semana, enquanto a linha L1 \u2013 Cabe\u00e7udas opera de segunda a sexta.<br><\/li>\n<\/ul>\n\n\n\n<p>Essas op\u00e7\u00f5es permitem que moradores e turistas planejem uma visita sem complica\u00e7\u00f5es, aproveitando o dia inteiro na praia.<\/p>\n\n\n\n<h2 class=\"wp-block-heading\"><strong>O que fazer na Praia de Cabe\u00e7udas em Itaja\u00ed?<\/strong><\/h2>\n\n\n\n<p>A Praia de Cabe\u00e7udas em Itaja\u00ed \u00e9 perfeita para atividades leves e momentos de descanso. Entre as principais op\u00e7\u00f5es est\u00e3o:<\/p>\n\n\n\n<ul class=\"wp-block-list\">\n<li>Caminhar pela areia e sentir a brisa do mar;<\/li>\n\n\n\n<li>Observar o p\u00f4r do sol, que transforma os morros e o horizonte em um cen\u00e1rio encantador;<\/li>\n\n\n\n<li>Tomar banho de mar em \u00e1guas calmas e seguras;<\/li>\n\n\n\n<li>Praticar esportes como v\u00f4lei, frescobol ou futebol de praia;<\/li>\n\n\n\n<li>Aproveitar quiosques e bares para lanches r\u00e1pidos ou bebidas refrescantes.<\/li>\n<\/ul>\n\n\n\n<p>Al\u00e9m disso, a regi\u00e3o permite passeios de bicicleta e pequenas trilhas que conectam diferentes pontos do bairro, criando momentos de contato com a natureza.<\/p>\n\n\n\n<p>Al\u00e9m da praia em si, Cabe\u00e7udas oferece passeios interessantes na regi\u00e3o:<\/p>\n\n\n\n<ul class=\"wp-block-list\">\n<li>Caminhadas at\u00e9 o Bico do Papagaio em <a href=\"https:\/\/pt.wikipedia.org\/wiki\/Itaja%C3%AD\" target=\"_blank\" rel=\"noopener\">Itaja\u00ed,<\/a> um ponto hist\u00f3rico formado por antigos cabe\u00e7os rochosos;<\/li>\n\n\n\n<li>Observa\u00e7\u00e3o de aves e pequenas esp\u00e9cies marinhas nas \u00e1reas pr\u00f3ximas aos cost\u00f5es;<\/li>\n\n\n\n<li>Participa\u00e7\u00e3o em eventos culturais e esportivos organizados pelo bairro ao longo do ano.<\/li>\n<\/ul>\n\n\n\n<p>Com essas op\u00e7\u00f5es, \u00e9 poss\u00edvel aproveitar o dia inteiro, sem precisar se deslocar longas dist\u00e2ncias.<\/p>\n\n\n\n<h2 class=\"wp-block-heading\"><strong>Conhe\u00e7a o Local Connect e economize!<\/strong><\/h2>\n\n\n\n<figure class=\"wp-block-image size-full\"><img decoding=\"async\" width=\"643\" height=\"545\" src=\"https:\/\/localconnect.com.br\/blog\/wp-content\/uploads\/2024\/04\/Como-utilizar-a-telemedicina-em-Balneario-Camboriu-com-a-LocalConnect.png\" alt=\"Como utilizar a telemedicina em Balne\u00e1rio Cambori\u00fa com a LocalConnect?\" class=\"wp-image-3943\" title=\"\" srcset=\"https:\/\/localconnect.com.br\/blog\/wp-content\/uploads\/2024\/04\/Como-utilizar-a-telemedicina-em-Balneario-Camboriu-com-a-LocalConnect.png 643w, https:\/\/localconnect.com.br\/blog\/wp-content\/uploads\/2024\/04\/Como-utilizar-a-telemedicina-em-Balneario-Camboriu-com-a-LocalConnect-300x254.png 300w, https:\/\/localconnect.com.br\/blog\/wp-content\/uploads\/2024\/04\/Como-utilizar-a-telemedicina-em-Balneario-Camboriu-com-a-LocalConnect-150x127.png 150w\" sizes=\"(max-width: 643px) 100vw, 643px\" \/><\/figure>\n\n\n\n<p>O <strong>Local Connect<\/strong> \u00e9 o aplicativo ideal para quem quer aproveitar o melhor de <strong>Balne\u00e1rio Cambori\u00fa<\/strong> economizando.<\/p>\n\n\n\n<p>Com ele, voc\u00ea acessa descontos exclusivos em restaurantes, caf\u00e9s, academias, sal\u00f5es de beleza e lojas de diversos segmentos da cidade.<\/p>\n\n\n\n<p>Al\u00e9m das promo\u00e7\u00f5es, o app oferece <strong>cashback<\/strong> em compras e servi\u00e7os, incluindo consultas por telemedicina, unindo economia e praticidade no seu dia a dia.<\/p>\n\n\n\n<p>Seja voc\u00ea morador ou visitante, o <strong>Local Connect<\/strong> facilita explorar a cidade, aproveitando cada oportunidade sem comprometer o bolso.<\/p>\n\n\n\n<p>Baixe o aplicativo agora, descubra todas as vantagens e transforme sua experi\u00eancia em Balne\u00e1rio Cambori\u00fa em algo mais econ\u00f4mico e completo!<\/p>\n\n\n\n<div class=\"wp-block-buttons is-content-justification-center is-layout-flex wp-container-core-buttons-is-layout-a89b3969 wp-block-buttons-is-layout-flex\">\n<div class=\"wp-block-button\"><a class=\"wp-block-button__link wp-element-button\" href=\"https:\/\/localconnect.com.br\/\">Clique aqui e conhe\u00e7a o Local Connect<\/a><\/div>\n<\/div>\n<div class=\"pld-like-dislike-wrap pld-custom\">\r\n    <div class=\"pld-like-wrap  pld-common-wrap\">\r\n    <a href=\"javascript:void(0)\" class=\"pld-like-trigger pld-like-dislike-trigger  \" title=\"\" data-post-id=\"8737\" data-trigger-type=\"like\" data-restriction=\"no\" data-already-liked=\"0\">\r\n                            <img src=\"https:\/\/localconnect.com.br\/blog\/wp-content\/uploads\/2024\/02\/like-1-2.png\" alt=\"\" \/>\r\n            <\/a>\r\n    <span class=\"pld-like-count-wrap pld-count-wrap\">    <\/span>\r\n<\/div><div class=\"pld-dislike-wrap  pld-common-wrap\">\r\n    <a href=\"javascript:void(0)\" class=\"pld-dislike-trigger pld-like-dislike-trigger  \" title=\"\" data-post-id=\"8737\" data-trigger-type=\"dislike\" data-restriction=\"no\" data-already-liked=\"0\">\r\n                            <img src=\"https:\/\/localconnect.com.br\/blog\/wp-content\/uploads\/2024\/02\/image-2.png\" alt=\"\" \/>\r\n            <\/a>\r\n    <span class=\"pld-dislike-count-wrap pld-count-wrap\"><\/span>\r\n<\/div><\/div>","protected":false},"excerpt":{"rendered":"<p>Se voc\u00ea procura um lugar que une mar calmo, natureza e atividades ao ar livre, a Praia de Cabe\u00e7udas em Itaja\u00ed \u00e9 uma excelente escolha. Localizada no litoral catarinense, essa praia tem seu charme pr\u00f3prio e uma hist\u00f3ria interessante, marcada pelo in\u00edcio do turismo de lazer na regi\u00e3o.&nbsp; Antes do s\u00e9culo 20, o oceano era [&hellip;]<\/p>\n","protected":false},"author":3,"featured_media":8741,"comment_status":"open","ping_status":"open","sticky":false,"template":"","format":"standard","meta":{"_joinchat":[],"footnotes":""},"categories":[43,69,71,29],"tags":[86],"class_list":["post-8737","post","type-post","status-publish","format-standard","has-post-thumbnail","hentry","category-itajai","category-guias-roteiros","category-onde-ir","category-santa-catarina","tag-itajai"],"_links":{"self":[{"href":"https:\/\/localconnect.com.br\/blog\/wp-json\/wp\/v2\/posts\/8737","targetHints":{"allow":["GET"]}}],"collection":[{"href":"https:\/\/localconnect.com.br\/blog\/wp-json\/wp\/v2\/posts"}],"about":[{"href":"https:\/\/localconnect.com.br\/blog\/wp-json\/wp\/v2\/types\/post"}],"author":[{"embeddable":true,"href":"https:\/\/localconnect.com.br\/blog\/wp-json\/wp\/v2\/users\/3"}],"replies":[{"embeddable":true,"href":"https:\/\/localconnect.com.br\/blog\/wp-json\/wp\/v2\/comments?post=8737"}],"version-history":[{"count":0,"href":"https:\/\/localconnect.com.br\/blog\/wp-json\/wp\/v2\/posts\/8737\/revisions"}],"wp:featuredmedia":[{"embeddable":true,"href":"https:\/\/localconnect.com.br\/blog\/wp-json\/wp\/v2\/media\/8741"}],"wp:attachment":[{"href":"https:\/\/localconnect.com.br\/blog\/wp-json\/wp\/v2\/media?parent=8737"}],"wp:term":[{"taxonomy":"category","embeddable":true,"href":"https:\/\/localconnect.com.br\/blog\/wp-json\/wp\/v2\/categories?post=8737"},{"taxonomy":"post_tag","embeddable":true,"href":"https:\/\/localconnect.com.br\/blog\/wp-json\/wp\/v2\/tags?post=8737"}],"curies":[{"name":"wp","href":"https:\/\/api.w.org\/{rel}","templated":true}]}}