{"id":8772,"date":"2025-10-09T19:44:01","date_gmt":"2025-10-09T22:44:01","guid":{"rendered":"https:\/\/localconnect.com.br\/blog\/?p=8772"},"modified":"2025-10-24T20:32:28","modified_gmt":"2025-10-24T23:32:28","slug":"40a-edicao-da-oktoberfest-blumenau-comeca-oficialmente-veja-os-detalhes","status":"publish","type":"post","link":"https:\/\/localconnect.com.br\/blog\/santa-catarina\/blumenau\/40a-edicao-da-oktoberfest-blumenau-comeca-oficialmente-veja-os-detalhes\/","title":{"rendered":"40\u00aa edi\u00e7\u00e3o da Oktoberfest Blumenau come\u00e7a oficialmente; Veja os detalhes"},"content":{"rendered":"\n<p>Na noite de ontem, a Oktoberfest Blumenau 2025 foi oficialmente inaugurada no Spaten Platz, dentro do Parque Vila Germ\u00e2nica. A cerim\u00f4nia marcou o in\u00edcio da 40\u00aa edi\u00e7\u00e3o da maior festa de inspira\u00e7\u00e3o alem\u00e3 das Am\u00e9ricas, que se estende at\u00e9 26 de outubro.&nbsp;<\/p>\n\n\n\n<p>Durante quase tr\u00eas semanas, a cidade de Blumenau se transforma em um polo cultural e tur\u00edstico, com atra\u00e7\u00f5es que v\u00e3o desde m\u00fasica t\u00edpica e dan\u00e7as tradicionais at\u00e9 gastronomia e experi\u00eancias culturais \u00fanicas.<\/p>\n\n\n\n<p>A festa \u00e9 reconhecida nacionalmente como um dos maiores eventos de cultura germ\u00e2nica fora da Alemanha, atraindo turistas de todas as regi\u00f5es do pa\u00eds e at\u00e9 visitantes internacionais. A expectativa para esta edi\u00e7\u00e3o \u00e9 superar os 600 mil visitantes, movimentando cerca de meio bilh\u00e3o de reais na economia catarinense.<\/p>\n\n\n\n<h2 class=\"wp-block-heading\"><strong>Cerim\u00f4nia simb\u00f3lica e homenagem aos mestres cervejeiros<\/strong><\/h2>\n\n\n\n<p>O in\u00edcio da festa foi marcado por um ritual carregado de simbolismo e tradi\u00e7\u00e3o. Com o espa\u00e7o lotado, 12 homens trajados como monges atravessaram o sal\u00e3o carregando tochas e o caneco oficial da festa. O grupo foi acompanhado por Nerino Furlan, criador da Planetapeia, homenageado desta edi\u00e7\u00e3o.<\/p>\n\n\n\n<p>Os monges representam simbolicamente os mestres cervejeiros e entregaram o caneco \u00e0 rainha da Oktoberfest Blumenau, al\u00e9m de servirem o prato t\u00edpico deste ano: leit\u00e3o assado. Em seguida, os hinos da Alemanha e do Brasil ecoaram pelo sal\u00e3o, refor\u00e7ando o clima de respeito e celebra\u00e7\u00e3o \u00e0 tradi\u00e7\u00e3o germ\u00e2nica, que \u00e9 um dos pilares da festa.<\/p>\n\n\n\n<h2 class=\"wp-block-heading\"><strong>Discurso das autoridades e sangria do primeiro barril<\/strong><\/h2>\n\n\n\n<figure class=\"wp-block-image size-large\"><img fetchpriority=\"high\" decoding=\"async\" width=\"1024\" height=\"576\" src=\"https:\/\/localconnect.com.br\/blog\/wp-content\/uploads\/2025\/10\/primeira-sangria-1024x576.jpg\" alt=\"\" class=\"wp-image-8775\" title=\"\" srcset=\"https:\/\/localconnect.com.br\/blog\/wp-content\/uploads\/2025\/10\/primeira-sangria-1024x576.jpg 1024w, https:\/\/localconnect.com.br\/blog\/wp-content\/uploads\/2025\/10\/primeira-sangria-300x169.jpg 300w, https:\/\/localconnect.com.br\/blog\/wp-content\/uploads\/2025\/10\/primeira-sangria-768x432.jpg 768w, https:\/\/localconnect.com.br\/blog\/wp-content\/uploads\/2025\/10\/primeira-sangria-150x84.jpg 150w, https:\/\/localconnect.com.br\/blog\/wp-content\/uploads\/2025\/10\/primeira-sangria.jpg 1280w\" sizes=\"(max-width: 1024px) 100vw, 1024px\" \/><\/figure>\n\n\n\n<p>Ap\u00f3s as homenagens, autoridades e patrocinadores discursaram sobre a relev\u00e2ncia da festa para Blumenau e para Santa Catarina. O prefeito Egidio Ferrari (PL) anunciou um apoio de R$ 600 mil do governo estadual \u00e0 Oktoberfest Blumenau e afirmou:<\/p>\n\n\n\n<p>\u201cEu tenho um segredo para contar: esta ser\u00e1 a melhor Oktoberfest Blumenau de todos os tempos, tenho certeza disso.\u201d<\/p>\n\n\n\n<p>O ponto alto da cerim\u00f4nia foi a tradicional sangria do primeiro barril de chope, que simboliza oficialmente a abertura da festa. O p\u00fablico aplaudiu e comemorou, especialmente quando o l\u00edquido espumou e molhou alguns foli\u00f5es e autoridades pr\u00f3ximas ao palco. Este momento \u00e9 sempre aguardado como um s\u00edmbolo de celebra\u00e7\u00e3o e alegria, dando in\u00edcio aos 19 dias de festividade.<\/p>\n\n\n\n<h2 class=\"wp-block-heading\"><strong>In\u00edcio de 19 dias de celebra\u00e7\u00e3o e experi\u00eancias culturais<\/strong><\/h2>\n\n\n\n<p>Com a sangria do primeiro barril, os visitantes brindaram ao som de \u201cEin Prosit\u201d, o hino informal da Oktoberfest Blumenau, abrindo oficialmente a programa\u00e7\u00e3o de 19 dias de m\u00fasica, dan\u00e7a e gastronomia t\u00edpica. Al\u00e9m do chope e da comida, o evento oferece apresenta\u00e7\u00f5es de bandas t\u00edpicas, desfiles, concursos culturais, exposi\u00e7\u00f5es e atividades para todas as idades.<\/p>\n\n\n\n<p>A festa n\u00e3o \u00e9 apenas uma celebra\u00e7\u00e3o do passado, mas tamb\u00e9m um importante motor econ\u00f4mico e tur\u00edstico da regi\u00e3o. Com previs\u00e3o de meio bilh\u00e3o de reais em movimenta\u00e7\u00e3o financeira, a Oktoberfest Blumenau refor\u00e7a sua posi\u00e7\u00e3o como evento estrat\u00e9gico para a cidade, atraindo turistas e fortalecendo o com\u00e9rcio local.<\/p>\n\n\n\n<h2 class=\"wp-block-heading\"><strong>O retorno do Galeg\u00e3o e a conex\u00e3o entre eras<\/strong><\/h2>\n\n\n\n<p>Uma das novidades desta edi\u00e7\u00e3o \u00e9 o retorno do Galeg\u00e3o \u00e0 festa ap\u00f3s 27 anos. O gin\u00e1sio Sebasti\u00e3o Cruz foi transformado em um espa\u00e7o sofisticado que combina rusticidade e conforto, com 79 mesas distribu\u00eddas entre mezanino e deck. A estrutura remete \u00e0 tradi\u00e7\u00e3o das festas germ\u00e2nicas de Munique, proporcionando uma experi\u00eancia \u00fanica aos visitantes.<\/p>\n\n\n\n<p>No Galeg\u00e3o, o chope ser\u00e1 servido em copos de vidro e os pratos em porcelana, refor\u00e7ando o car\u00e1ter premium do setor. O espa\u00e7o funcionar\u00e1 diariamente at\u00e9 a meia-noite, com abertura \u00e0s 18h durante a semana e \u00e0s 11h aos finais de semana, conectado ao Parque Vila Germ\u00e2nica por uma passarela sobre a Rua Humberto de Campos. Essa liga\u00e7\u00e3o simboliza a uni\u00e3o entre a tradi\u00e7\u00e3o hist\u00f3rica da festa e sua vers\u00e3o contempor\u00e2nea.<\/p>\n\n\n\n<h2 class=\"wp-block-heading\"><strong>Tradi\u00e7\u00e3o, pertencimento e divers\u00e3o para todos<\/strong><\/h2>\n\n\n\n<figure class=\"wp-block-gallery has-nested-images columns-default is-cropped wp-block-gallery-1 is-layout-flex wp-block-gallery-is-layout-flex\">\n<figure class=\"wp-block-image size-large\"><img decoding=\"async\" width=\"961\" height=\"576\" data-id=\"8776\" src=\"https:\/\/localconnect.com.br\/blog\/wp-content\/uploads\/2025\/10\/Tradicao-pertencimento-e-diversao-para-todos.png\" alt=\"\" class=\"wp-image-8776\" title=\"\" srcset=\"https:\/\/localconnect.com.br\/blog\/wp-content\/uploads\/2025\/10\/Tradicao-pertencimento-e-diversao-para-todos.png 961w, https:\/\/localconnect.com.br\/blog\/wp-content\/uploads\/2025\/10\/Tradicao-pertencimento-e-diversao-para-todos-300x180.png 300w, https:\/\/localconnect.com.br\/blog\/wp-content\/uploads\/2025\/10\/Tradicao-pertencimento-e-diversao-para-todos-768x460.png 768w, https:\/\/localconnect.com.br\/blog\/wp-content\/uploads\/2025\/10\/Tradicao-pertencimento-e-diversao-para-todos-150x90.png 150w\" sizes=\"(max-width: 961px) 100vw, 961px\" \/><\/figure>\n<\/figure>\n\n\n\n<p>A <a href=\"https:\/\/oktoberfestblumenau.com.br\/oktobershop\/\" target=\"_blank\" rel=\"noopener\">Oktoberfest <\/a>Blumenau 2025 n\u00e3o \u00e9 apenas m\u00fasica, chope e gastronomia. \u00c9 uma celebra\u00e7\u00e3o da identidade cultural, marcada por rituais simb\u00f3licos, homenagens, desfiles e apresenta\u00e7\u00f5es culturais. O retorno do Galeg\u00e3o resgata mem\u00f3rias das d\u00e9cadas de 1980 e 1990, quando o gin\u00e1sio recebia multid\u00f5es dan\u00e7ando ao som de bandas alem\u00e3s.<\/p>\n\n\n\n<p>Durante os 19 dias de festa, fam\u00edlias, turistas e amantes da cultura alem\u00e3 poder\u00e3o desfrutar de momentos de confraterniza\u00e7\u00e3o, divers\u00e3o e experi\u00eancias sensoriais, consolidando a Oktoberfest Blumenau como um dos eventos mais importantes do calend\u00e1rio cultural e tur\u00edstico de Santa Catarina.<\/p>\n\n\n\n<p><strong>Leia tamb\u00e9m: <\/strong><a href=\"https:\/\/localconnect.com.br\/blog\/santa-catarina\/balneario-camboriu-prepara-o-viva-natal-bc-milionario-inspirado-em-gramado\/\"><strong>Balne\u00e1rio Cambori\u00fa prepara o Viva Natal BC milion\u00e1rio inspirado em Gramado<\/strong><\/a><\/p>\n<div class=\"pld-like-dislike-wrap pld-custom\">\r\n    <div class=\"pld-like-wrap  pld-common-wrap\">\r\n    <a href=\"javascript:void(0)\" class=\"pld-like-trigger pld-like-dislike-trigger  \" title=\"\" data-post-id=\"8772\" data-trigger-type=\"like\" data-restriction=\"no\" data-already-liked=\"0\">\r\n                            <img src=\"https:\/\/localconnect.com.br\/blog\/wp-content\/uploads\/2024\/02\/like-1-2.png\" alt=\"\" \/>\r\n            <\/a>\r\n    <span class=\"pld-like-count-wrap pld-count-wrap\">    <\/span>\r\n<\/div><div class=\"pld-dislike-wrap  pld-common-wrap\">\r\n    <a href=\"javascript:void(0)\" class=\"pld-dislike-trigger pld-like-dislike-trigger  \" title=\"\" data-post-id=\"8772\" data-trigger-type=\"dislike\" data-restriction=\"no\" data-already-liked=\"0\">\r\n                            <img src=\"https:\/\/localconnect.com.br\/blog\/wp-content\/uploads\/2024\/02\/image-2.png\" alt=\"\" \/>\r\n            <\/a>\r\n    <span class=\"pld-dislike-count-wrap pld-count-wrap\"><\/span>\r\n<\/div><\/div>","protected":false},"excerpt":{"rendered":"<p>Na noite de ontem, a Oktoberfest Blumenau 2025 foi oficialmente inaugurada no Spaten Platz, dentro do Parque Vila Germ\u00e2nica. A cerim\u00f4nia marcou o in\u00edcio da 40\u00aa edi\u00e7\u00e3o da maior festa de inspira\u00e7\u00e3o alem\u00e3 das Am\u00e9ricas, que se estende at\u00e9 26 de outubro.&nbsp; Durante quase tr\u00eas semanas, a cidade de Blumenau se transforma em um polo [&hellip;]<\/p>\n","protected":false},"author":3,"featured_media":8774,"comment_status":"open","ping_status":"open","sticky":false,"template":"","format":"standard","meta":{"_joinchat":[],"footnotes":""},"categories":[57,79,80,29],"tags":[90],"class_list":["post-8772","post","type-post","status-publish","format-standard","has-post-thumbnail","hentry","category-blumenau","category-eventos-noticias","category-oktoberfest","category-santa-catarina","tag-blumenau"],"_links":{"self":[{"href":"https:\/\/localconnect.com.br\/blog\/wp-json\/wp\/v2\/posts\/8772","targetHints":{"allow":["GET"]}}],"collection":[{"href":"https:\/\/localconnect.com.br\/blog\/wp-json\/wp\/v2\/posts"}],"about":[{"href":"https:\/\/localconnect.com.br\/blog\/wp-json\/wp\/v2\/types\/post"}],"author":[{"embeddable":true,"href":"https:\/\/localconnect.com.br\/blog\/wp-json\/wp\/v2\/users\/3"}],"replies":[{"embeddable":true,"href":"https:\/\/localconnect.com.br\/blog\/wp-json\/wp\/v2\/comments?post=8772"}],"version-history":[{"count":0,"href":"https:\/\/localconnect.com.br\/blog\/wp-json\/wp\/v2\/posts\/8772\/revisions"}],"wp:featuredmedia":[{"embeddable":true,"href":"https:\/\/localconnect.com.br\/blog\/wp-json\/wp\/v2\/media\/8774"}],"wp:attachment":[{"href":"https:\/\/localconnect.com.br\/blog\/wp-json\/wp\/v2\/media?parent=8772"}],"wp:term":[{"taxonomy":"category","embeddable":true,"href":"https:\/\/localconnect.com.br\/blog\/wp-json\/wp\/v2\/categories?post=8772"},{"taxonomy":"post_tag","embeddable":true,"href":"https:\/\/localconnect.com.br\/blog\/wp-json\/wp\/v2\/tags?post=8772"}],"curies":[{"name":"wp","href":"https:\/\/api.w.org\/{rel}","templated":true}]}}