{"id":8916,"date":"2025-10-17T18:18:32","date_gmt":"2025-10-17T21:18:32","guid":{"rendered":"https:\/\/localconnect.com.br\/blog\/?p=8916"},"modified":"2025-10-24T20:38:40","modified_gmt":"2025-10-24T23:38:40","slug":"praia-das-conchas-em-balneario-camboriu","status":"publish","type":"post","link":"https:\/\/localconnect.com.br\/blog\/santa-catarina\/balneario-camboriu\/praia-das-conchas-em-balneario-camboriu\/","title":{"rendered":"Praia das Conchas em Balne\u00e1rio Cambori\u00fa: Tudo que voc\u00ea precisa saber"},"content":{"rendered":"\n<p>Balne\u00e1rio Cambori\u00fa \u00e9 conhecida por suas praias movimentadas, arranha-c\u00e9us modernos e pelo movimento constante de visitantes. Mas, al\u00e9m dos lugares mais conhecidos, existe um canto que permanece quase secreto, oferecendo um contato direto com a natureza e uma experi\u00eancia de tranquilidade rara. Esse lugar \u00e9 a <strong>Praia das Conchas<\/strong>, um ref\u00fagio escondido, onde o tempo parece seguir um ritmo pr\u00f3prio, longe da pressa do dia a dia.<\/p>\n\n\n\n<p>Pouco divulgada mesmo entre moradores antigos, a Praia das Conchas encanta por sua simplicidade e delicadeza natural. A areia coberta de conchas, a vegeta\u00e7\u00e3o preservada e as pequenas forma\u00e7\u00f5es rochosas criam um cen\u00e1rio sereno, perfeito para quem busca contempla\u00e7\u00e3o.&nbsp;<\/p>\n\n\n\n<h2 class=\"wp-block-heading\"><strong>A trilha pelo Morro do Careca<\/strong><\/h2>\n\n\n\n<figure class=\"wp-block-gallery has-nested-images columns-default is-cropped wp-block-gallery-1 is-layout-flex wp-block-gallery-is-layout-flex\">\n<figure class=\"wp-block-image size-large\"><img fetchpriority=\"high\" decoding=\"async\" width=\"1024\" height=\"682\" data-id=\"3786\" src=\"https:\/\/localconnect.com.br\/blog\/wp-content\/uploads\/2024\/04\/image-7-1024x682.png\" alt=\"Morro do Careca - Praia dos Amores em Balne\u00e1rio Cambori\u00fa\" class=\"wp-image-3786\" title=\"\" srcset=\"https:\/\/localconnect.com.br\/blog\/wp-content\/uploads\/2024\/04\/image-7-1024x682.png 1024w, https:\/\/localconnect.com.br\/blog\/wp-content\/uploads\/2024\/04\/image-7-300x200.png 300w, https:\/\/localconnect.com.br\/blog\/wp-content\/uploads\/2024\/04\/image-7-768x512.png 768w, https:\/\/localconnect.com.br\/blog\/wp-content\/uploads\/2024\/04\/image-7-1536x1023.png 1536w, https:\/\/localconnect.com.br\/blog\/wp-content\/uploads\/2024\/04\/image-7-150x100.png 150w, https:\/\/localconnect.com.br\/blog\/wp-content\/uploads\/2024\/04\/image-7.png 1600w\" sizes=\"(max-width: 1024px) 100vw, 1024px\" \/><\/figure>\n<\/figure>\n\n\n\n<p>O acesso \u00e0 Praia das Conchas \u00e9 parte da experi\u00eancia. Localizada na encosta do Morro do Careca, a chegada exige uma caminhada por uma trilha cercada de \u00e1rvores, com o som do vento e do mar guiando os passos. A cada curva, a paisagem se revela de forma diferente, e a expectativa cresce conforme se aproxima do destino.<\/p>\n\n\n\n<p>Para quem prefere iniciar a caminhada a partir da Barra Norte, existe uma rota alternativa: pelo deck pr\u00f3ximo \u00e0 roda gigante, seguindo pela Praia do Buraco e depois subindo uma escadaria na encosta do morro.&nbsp;<\/p>\n\n\n\n<p>\u00c9 importante observar o n\u00edvel da mar\u00e9, pois trechos podem ficar submersos durante a alta. Essa dificuldade de acesso contribui para a preserva\u00e7\u00e3o da praia e mant\u00e9m a sensa\u00e7\u00e3o de segredo, compartilhado apenas por quem se disp\u00f5e a explorar.<\/p>\n\n\n\n<p>Durante a caminhada, \u00e9 poss\u00edvel perceber pequenos detalhes da natureza que passam despercebidos em locais mais movimentados: folhas que caem lentamente, o som de p\u00e1ssaros distantes e a luz filtrando entre as \u00e1rvores. Cada passo prepara o visitante para o que est\u00e1 por vir, tornando a chegada ainda mais especial.<\/p>\n\n\n\n<h2 class=\"wp-block-heading\"><strong>Chegada \u00e0 Praia das Conchas<\/strong><\/h2>\n\n\n\n<p>Ao chegar \u00e0 Praia das Conchas, a primeira impress\u00e3o \u00e9 de ter descoberto um espa\u00e7o particular, um recanto que parece intocado. A areia dourada se mistura com conchas espalhadas de maneira quase art\u00edstica, e as pedras \u00e0 beira-mar formam pequenas piscinas naturais que abrigam diferentes esp\u00e9cies marinhas.&nbsp;<\/p>\n\n\n\n<p>A mata ao redor protege o espa\u00e7o e garante privacidade, transformando a visita em um momento de introspec\u00e7\u00e3o.<\/p>\n\n\n\n<p>A paleta de cores do local \u00e9 delicada: o azul profundo do oceano, o dourado suave da areia e o verde intenso da vegeta\u00e7\u00e3o. O ambiente convida a pausar, a respirar e a se conectar com a natureza.&nbsp;<\/p>\n\n\n\n<p>O som das ondas, o vento leve e o canto dos p\u00e1ssaros formam uma trilha sonora natural, tornando a experi\u00eancia de estar ali ainda mais completa.<\/p>\n\n\n\n<p>Al\u00e9m da est\u00e9tica, h\u00e1 um senso de equil\u00edbrio que transmite calma: cada concha, cada pedra e cada \u00e1rvore parecem fazer parte de um sistema que preserva a vida e a tranquilidade do lugar. \u00c9 uma sensa\u00e7\u00e3o que n\u00e3o se encontra em praias mais conhecidas, e \u00e9 justamente isso que torna a Praia das Conchas t\u00e3o especial.<\/p>\n\n\n\n<h2 class=\"wp-block-heading\"><strong>Exclusividade e sil\u00eancio<\/strong><\/h2>\n\n\n\n<p>A Praia das Conchas n\u00e3o oferece infraestrutura tur\u00edstica. N\u00e3o h\u00e1 bares, quiosques ou constru\u00e7\u00f5es, apenas a natureza em sua forma mais pura. Essa aus\u00eancia de interven\u00e7\u00e3o humana cria um tipo de luxo diferente, nascido da privacidade, da liberdade de caminhar pela areia e da oportunidade de contemplar o cen\u00e1rio sem interrup\u00e7\u00f5es.<\/p>\n\n\n\n<p>Quem visita percebe que a exclusividade do lugar est\u00e1 justamente no acesso restrito. \u00c9 necess\u00e1rio se dedicar para chegar at\u00e9 l\u00e1, e isso faz com que cada momento seja valorizado.&nbsp;<\/p>\n\n\n\n<p>A praia se transforma em um espa\u00e7o de introspec\u00e7\u00e3o e observa\u00e7\u00e3o, ideal para quem quer se desligar do cotidiano e se reconectar com o ambiente natural.<\/p>\n\n\n\n<p>A Praia das Conchas \u00e9 tamb\u00e9m uma oportunidade para apreciar detalhes pequenos, mas significativos: as cores das conchas, o movimento das ondas entre as pedras, a sombra das \u00e1rvores refletida na areia.&nbsp;<\/p>\n\n\n\n<p>Mesmo em <a href=\"https:\/\/en.wikipedia.org\/wiki\/Balne%C3%A1rio_Cambori%C3%BA\" target=\"_blank\" rel=\"noopener\">Balne\u00e1rio Cambori\u00fa<\/a>, conhecida pelo desenvolvimento urbano e pela vida agitada, esse ref\u00fagio revela que ainda existem espa\u00e7os preservados, capazes de proporcionar serenidade e conex\u00e3o com o ambiente. Estar ali \u00e9 unir o melhor de dois mundos: a estrutura e conforto da cidade e a liberdade de um contato genu\u00edno com a natureza.<\/p>\n\n\n\n<p>Leia tamb\u00e9m: Roda Gigante Cambori\u00fa: <a href=\"https:\/\/localconnect.com.br\/blog\/santa-catarina\/balneario-camboriu\/roda-gigante-camboriu\/\">Tudo o que voc\u00ea precisa saber antes de visitar<\/a><\/p>\n<div class=\"pld-like-dislike-wrap pld-custom\">\r\n    <div class=\"pld-like-wrap  pld-common-wrap\">\r\n    <a href=\"javascript:void(0)\" class=\"pld-like-trigger pld-like-dislike-trigger  \" title=\"\" data-post-id=\"8916\" data-trigger-type=\"like\" data-restriction=\"no\" data-already-liked=\"0\">\r\n                            <img src=\"https:\/\/localconnect.com.br\/blog\/wp-content\/uploads\/2024\/02\/like-1-2.png\" alt=\"\" \/>\r\n            <\/a>\r\n    <span class=\"pld-like-count-wrap pld-count-wrap\">    <\/span>\r\n<\/div><div class=\"pld-dislike-wrap  pld-common-wrap\">\r\n    <a href=\"javascript:void(0)\" class=\"pld-dislike-trigger pld-like-dislike-trigger  \" title=\"\" data-post-id=\"8916\" data-trigger-type=\"dislike\" data-restriction=\"no\" data-already-liked=\"0\">\r\n                            <img src=\"https:\/\/localconnect.com.br\/blog\/wp-content\/uploads\/2024\/02\/image-2.png\" alt=\"\" \/>\r\n            <\/a>\r\n    <span class=\"pld-dislike-count-wrap pld-count-wrap\"><\/span>\r\n<\/div><\/div>","protected":false},"excerpt":{"rendered":"<p>Balne\u00e1rio Cambori\u00fa \u00e9 conhecida por suas praias movimentadas, arranha-c\u00e9us modernos e pelo movimento constante de visitantes. Mas, al\u00e9m dos lugares mais conhecidos, existe um canto que permanece quase secreto, oferecendo um contato direto com a natureza e uma experi\u00eancia de tranquilidade rara. Esse lugar \u00e9 a Praia das Conchas, um ref\u00fagio escondido, onde o tempo [&hellip;]<\/p>\n","protected":false},"author":3,"featured_media":8918,"comment_status":"open","ping_status":"open","sticky":false,"template":"","format":"standard","meta":{"_joinchat":[],"footnotes":""},"categories":[30,69,73,29],"tags":[88],"class_list":["post-8916","post","type-post","status-publish","format-standard","has-post-thumbnail","hentry","category-balneario-camboriu","category-guias-roteiros","category-praias","category-santa-catarina","tag-balneario-camboriu"],"_links":{"self":[{"href":"https:\/\/localconnect.com.br\/blog\/wp-json\/wp\/v2\/posts\/8916","targetHints":{"allow":["GET"]}}],"collection":[{"href":"https:\/\/localconnect.com.br\/blog\/wp-json\/wp\/v2\/posts"}],"about":[{"href":"https:\/\/localconnect.com.br\/blog\/wp-json\/wp\/v2\/types\/post"}],"author":[{"embeddable":true,"href":"https:\/\/localconnect.com.br\/blog\/wp-json\/wp\/v2\/users\/3"}],"replies":[{"embeddable":true,"href":"https:\/\/localconnect.com.br\/blog\/wp-json\/wp\/v2\/comments?post=8916"}],"version-history":[{"count":0,"href":"https:\/\/localconnect.com.br\/blog\/wp-json\/wp\/v2\/posts\/8916\/revisions"}],"wp:featuredmedia":[{"embeddable":true,"href":"https:\/\/localconnect.com.br\/blog\/wp-json\/wp\/v2\/media\/8918"}],"wp:attachment":[{"href":"https:\/\/localconnect.com.br\/blog\/wp-json\/wp\/v2\/media?parent=8916"}],"wp:term":[{"taxonomy":"category","embeddable":true,"href":"https:\/\/localconnect.com.br\/blog\/wp-json\/wp\/v2\/categories?post=8916"},{"taxonomy":"post_tag","embeddable":true,"href":"https:\/\/localconnect.com.br\/blog\/wp-json\/wp\/v2\/tags?post=8916"}],"curies":[{"name":"wp","href":"https:\/\/api.w.org\/{rel}","templated":true}]}}