{"id":8928,"date":"2025-10-20T19:01:22","date_gmt":"2025-10-20T22:01:22","guid":{"rendered":"https:\/\/localconnect.com.br\/blog\/?p=8928"},"modified":"2025-11-26T12:10:50","modified_gmt":"2025-11-26T15:10:50","slug":"agenda-de-eventos-do-mes-de-novembro-em-balneario-camboriu","status":"publish","type":"post","link":"https:\/\/localconnect.com.br\/blog\/santa-catarina\/balneario-camboriu\/agenda-de-eventos-do-mes-de-novembro-em-balneario-camboriu\/","title":{"rendered":"Agenda de eventos do m\u00eas de novembro em Balne\u00e1rio Cambori\u00fa"},"content":{"rendered":"\n<p>Depois de um movimentado outubro em Balne\u00e1rio Cambori\u00fa, novembro chega repleto de atra\u00e7\u00f5es que unem cultura, divers\u00e3o, esportes e muito networking.&nbsp;<\/p>\n\n\n\n<p>A cidade e a regi\u00e3o recebem eventos para todos os gostos, de corridas tem\u00e1ticas a congressos gastron\u00f4micos, shows e festivais. Confira o que vai agitar o litoral catarinense neste m\u00eas!<\/p>\n\n\n\n<h2 class=\"wp-block-heading\"><strong>5\u00aa Corrida Et\u00edlica \u2013 01\/11\/2025<\/strong><\/h2>\n\n\n\n<p>A tradicional Corrida Et\u00edlica do Bar do PP est\u00e1 de volta, unindo descontra\u00e7\u00e3o e esporte de um jeito \u00fanico. O evento, voltado para o p\u00fablico 18+, n\u00e3o tem car\u00e1ter competitivo: os participantes percorrem cerca de 1,5 km em bloco pelas ruas do Centro, com paradas obrigat\u00f3rias para hidrata\u00e7\u00e3o \u00e0 base de cerveja. A largada acontece em frente ao Bar do PP, na Rua 3310. \u00c9 divers\u00e3o garantida,&nbsp; mas com responsabilidade!<\/p>\n\n\n\n<h2 class=\"wp-block-heading\"><strong>Congresso Ra\u00edzes 2025 \u2013 01 a 04\/11\/2025<\/strong><\/h2>\n\n\n\n<p>Realizado em Itaja\u00ed, o Congresso Ra\u00edzes celebra cinco anos como um dos maiores eventos gastron\u00f4micos do Sul do Brasil. S\u00e3o mais de 70 palestrantes, 100 expositores e dezenas de experi\u00eancias voltadas \u00e0 inova\u00e7\u00e3o na gastronomia. O p\u00fablico poder\u00e1 acompanhar temas como gest\u00e3o, hospitalidade, sustentabilidade e tecnologia aplicada ao setor. Um encontro que conecta produtores, chefs e empreendedores.<\/p>\n\n\n\n<h2 class=\"wp-block-heading\"><strong>Critical Emo Halloween \u2013 01 e 02\/11\/2025<\/strong><\/h2>\n\n\n\n<p>Para quem ama nostalgia, o Critical Emo Halloween promete uma imers\u00e3o sombria e emocionante no The Bunker 663. Prepare o visual preto, a maquiagem borrada e reviva os tempos dourados do emo, punk e rock alternativo em uma das festas mais intensas do m\u00eas.<\/p>\n\n\n\n<h2 class=\"wp-block-heading\"><strong>III Jornada Internacional de Terapias Cognitivo-Comportamentais \u2013 06 e 07\/11\/2025<\/strong><\/h2>\n\n\n\n<p>Profissionais da sa\u00fade mental se re\u00fanem no Hotel Sibara Spa &amp; Conven\u00e7\u00f5es, em Balne\u00e1rio Cambori\u00fa, para dois dias de aprendizado e troca de experi\u00eancias. A III Jornada Internacional de TCC traz nomes nacionais e internacionais debatendo inova\u00e7\u00e3o cl\u00ednica, terapia infantil, \u00e9tica e novas abordagens cient\u00edficas. Um evento imperd\u00edvel para quem busca atualiza\u00e7\u00e3o na \u00e1rea.<\/p>\n\n\n\n<h2 class=\"wp-block-heading\"><strong>Festival 2025 \u2013 Alice no Pa\u00eds das Maravilhas \u2013 06\/11\/2025<\/strong><\/h2>\n\n\n\n<figure class=\"wp-block-image size-large\"><img fetchpriority=\"high\" decoding=\"async\" width=\"1024\" height=\"575\" src=\"https:\/\/localconnect.com.br\/blog\/wp-content\/uploads\/2025\/10\/Festival-2025-\u2013-Alice-no-Pais-das-Maravilhas-1024x575.webp\" alt=\"\" class=\"wp-image-8931\" title=\"\" srcset=\"https:\/\/localconnect.com.br\/blog\/wp-content\/uploads\/2025\/10\/Festival-2025-\u2013-Alice-no-Pais-das-Maravilhas-1024x575.webp 1024w, https:\/\/localconnect.com.br\/blog\/wp-content\/uploads\/2025\/10\/Festival-2025-\u2013-Alice-no-Pais-das-Maravilhas-300x169.webp 300w, https:\/\/localconnect.com.br\/blog\/wp-content\/uploads\/2025\/10\/Festival-2025-\u2013-Alice-no-Pais-das-Maravilhas-768x432.webp 768w, https:\/\/localconnect.com.br\/blog\/wp-content\/uploads\/2025\/10\/Festival-2025-\u2013-Alice-no-Pais-das-Maravilhas-150x84.webp 150w, https:\/\/localconnect.com.br\/blog\/wp-content\/uploads\/2025\/10\/Festival-2025-\u2013-Alice-no-Pais-das-Maravilhas.webp 1500w\" sizes=\"(max-width: 1024px) 100vw, 1024px\" \/><\/figure>\n\n\n\n<p>Inspirado na magia dos contos cl\u00e1ssicos, o Festival de Dan\u00e7a 2025 convida o p\u00fablico para uma noite encantadora no Teatro Bruno Nitz. O espet\u00e1culo \u201cAlice no Pa\u00eds das Maravilhas\u201d promete coreografias marcantes e figurinos criativos em uma viagem fant\u00e1stica entre sonho e realidade. Produ\u00e7\u00e3o de Eum\u00e1ria Lisboa Studio de Dan\u00e7as.<\/p>\n\n\n\n<h2 class=\"wp-block-heading\"><strong>Networking Experience \u2013 07 e 08\/11\/2025<\/strong><\/h2>\n\n\n\n<p>Grandes nomes do empreendedorismo se re\u00fanem no Expocentro Balne\u00e1rio Cambori\u00fa para o Networking Experience, considerado o maior evento de conex\u00f5es do Sul do Brasil. Entre os palestrantes confirmados est\u00e3o Anderson Almeida, Kak\u00e1 Diniz, Jo\u00e3o Kepler e Ricardo Nunes. Dois dias dedicados a gerar contatos estrat\u00e9gicos e abrir novas oportunidades de neg\u00f3cios.<\/p>\n\n\n\n<h2 class=\"wp-block-heading\"><strong>Colinas Run \u2013 Cambori\u00fa Village \u2013 08\/11\/2025<\/strong><\/h2>\n\n\n\n<p>Para os apaixonados por corrida, o Colinas Run traz uma experi\u00eancia diferenciada: percorrer um bairro planejado ao p\u00f4r do sol. Al\u00e9m do desafio esportivo, o evento mistura m\u00fasica, divers\u00e3o e esp\u00edrito de comunidade. Uma \u00f3tima op\u00e7\u00e3o para quem quer se exercitar e curtir o clima leve de Cambori\u00fa.<\/p>\n\n\n\n<h2 class=\"wp-block-heading\"><strong>SEPOC 2025 \u2013 09 a 12\/11\/2025<\/strong><\/h2>\n\n\n\n<p>A 17\u00aa edi\u00e7\u00e3o do Seminar on Power Electronics and Control (SEPOC) acontece na UNIVALI e re\u00fane pesquisadores, engenheiros e estudantes de todo o mundo. O tema central ser\u00e1 \u201cComputa\u00e7\u00e3o Aplicada e Solu\u00e7\u00f5es Inovadoras na Ind\u00fastria 5.0\u201d. O evento promove cursos, palestras e apresenta\u00e7\u00f5es t\u00e9cnicas com especialistas internacionais.<\/p>\n\n\n\n<h2 class=\"wp-block-heading\"><strong>Pawsa \u2013 Surreal Park \u2013 15\/11\/2025<\/strong><\/h2>\n\n\n\n<p>O DJ <a href=\"https:\/\/en.wikipedia.org\/wiki\/PAWSA\" target=\"_blank\" rel=\"noopener\">Pawsa,<\/a> fen\u00f4meno do Tech House mundial, volta ao Surreal Park ap\u00f3s uma estreia inesquec\u00edvel. O artista promete uma noite de grooves hipn\u00f3ticos e atmosfera vibrante, comandando o palco Ritual. Uma experi\u00eancia eletr\u00f4nica que nenhum amante da m\u00fasica deve perder.<\/p>\n\n\n\n<h2 class=\"wp-block-heading\"><strong>Curso Livre \u2013 Turismo Inclusivo \u2013 17 <\/strong><\/h2>\n\n\n\n<p>A UNIVALI lan\u00e7a um curso essencial para o futuro do turismo: Turismo Inclusivo. O objetivo \u00e9 capacitar profissionais para oferecer atendimento humanizado e acess\u00edvel a pessoas com autismo e outras condi\u00e7\u00f5es. Com aulas noturnas, o curso aborda leis, pr\u00e1ticas de inclus\u00e3o e experi\u00eancias reais para transformar o setor em refer\u00eancia de acolhimento.<\/p>\n\n\n\n<h2 class=\"wp-block-heading\"><strong>Bail\u00e3o Nerd \u2013 21 e 22\/11\/2025<\/strong><\/h2>\n\n\n\n<p>Chegou a hora dos geeks tomarem conta do The Bunker 663! O Bail\u00e3o Nerd \u00e9 a festa oficial dos amantes de animes, games, cosplay e cultura pop. O evento mistura K-pop, rock, funk e aberturas de animes, criando um ambiente divertido e cheio de energia. Fantasias e criatividade s\u00e3o obrigat\u00f3rias!<\/p>\n\n\n\n<h2 class=\"wp-block-heading\"><strong>MC Hariel \u2013 Speedway Music Park \u2013 21 <\/strong><\/h2>\n\n\n\n<figure class=\"wp-block-image\"><img decoding=\"async\" src=\"https:\/\/files.meaple.com.br\/meaple\/e743f828-f3c6-41a0-a552-c61e5c532b80.png\" alt=\"MC Hariel em BC em Balne\u00e1rio Cambori\u00fa\" title=\"\"><\/figure>\n\n\n\n<p>O funk vai dominar Balne\u00e1rio Cambori\u00fa! O cantor MC Hariel se apresenta no Speedway Music Park, prometendo uma noite de hits e muita vibra\u00e7\u00e3o. O evento ainda oferece \u00e1rea open bar e estrutura completa para quem quer curtir com conforto e exclusividade. Os ingressos j\u00e1 est\u00e3o dispon\u00edveis.<\/p>\n\n\n\n<h2 class=\"wp-block-heading\"><strong>VII F\u00f3rum MICE \u2013 26 e 27\/11\/2025<\/strong><\/h2>\n\n\n\n<p>O F\u00f3rum MICE transforma o Expocentro J\u00falio Tedesco em um espa\u00e7o de conhecimento, debate e conex\u00f5es estrat\u00e9gicas sobre turismo de neg\u00f3cios. A programa\u00e7\u00e3o inclui palestras, viv\u00eancias e reconhecimento de profissionais do setor. Um evento 360\u00ba voltado \u00e0 inova\u00e7\u00e3o e ao fortalecimento do turismo corporativo.<\/p>\n\n\n\n<h2 class=\"wp-block-heading\"><strong>Esteban Tavares em Balne\u00e1rio Cambori\u00fa \u2013 28 e 29\/11\/2025<\/strong><\/h2>\n\n\n\n<p>O cantor e compositor Esteban Tavares, conhecido por sua passagem na banda Fresno, retorna aos palcos com um show intimista e cheio de emo\u00e7\u00e3o. A apresenta\u00e7\u00e3o no The Bunker 663 promete relembrar sucessos da carreira solo e cl\u00e1ssicos do rock nacional.<\/p>\n\n\n\n<p>Novembro ser\u00e1 um m\u00eas intenso e inesquec\u00edvel, confirmando Balne\u00e1rio Cambori\u00fa e regi\u00e3o como um dos destinos mais incr\u00edveis de Santa Catarina. Seja para dan\u00e7ar, aprender, correr ou fazer networking, h\u00e1 sempre um evento esperando por voc\u00ea.<\/p>\n\n\n\n<p>Leia tamb\u00e9m: <a href=\"https:\/\/localconnect.com.br\/blog\/santa-catarina\/bombinhas\/bombinhas-a-balneario-camboriu\/\">Como ir de Bombinhas a Balne\u00e1rio Cambori\u00fa?<\/a><\/p>\n<div class=\"pld-like-dislike-wrap pld-custom\">\r\n    <div class=\"pld-like-wrap  pld-common-wrap\">\r\n    <a href=\"javascript:void(0)\" class=\"pld-like-trigger pld-like-dislike-trigger  \" title=\"\" data-post-id=\"8928\" data-trigger-type=\"like\" data-restriction=\"no\" data-already-liked=\"0\">\r\n                            <img src=\"https:\/\/localconnect.com.br\/blog\/wp-content\/uploads\/2024\/02\/like-1-2.png\" alt=\"\" \/>\r\n            <\/a>\r\n    <span class=\"pld-like-count-wrap pld-count-wrap\">    <\/span>\r\n<\/div><div class=\"pld-dislike-wrap  pld-common-wrap\">\r\n    <a href=\"javascript:void(0)\" class=\"pld-dislike-trigger pld-like-dislike-trigger  \" title=\"\" data-post-id=\"8928\" data-trigger-type=\"dislike\" data-restriction=\"no\" data-already-liked=\"0\">\r\n                            <img src=\"https:\/\/localconnect.com.br\/blog\/wp-content\/uploads\/2024\/02\/image-2.png\" alt=\"\" \/>\r\n            <\/a>\r\n    <span class=\"pld-dislike-count-wrap pld-count-wrap\"><\/span>\r\n<\/div><\/div>","protected":false},"excerpt":{"rendered":"<p>Depois de um movimentado outubro em Balne\u00e1rio Cambori\u00fa, novembro chega repleto de atra\u00e7\u00f5es que unem cultura, divers\u00e3o, esportes e muito networking.&nbsp; A cidade e a regi\u00e3o recebem eventos para todos os gostos, de corridas tem\u00e1ticas a congressos gastron\u00f4micos, shows e festivais. Confira o que vai agitar o litoral catarinense neste m\u00eas! 5\u00aa Corrida Et\u00edlica \u2013 [&hellip;]<\/p>\n","protected":false},"author":3,"featured_media":8930,"comment_status":"open","ping_status":"open","sticky":false,"template":"","format":"standard","meta":{"_joinchat":[],"footnotes":""},"categories":[30,68,79,29],"tags":[88],"class_list":["post-8928","post","type-post","status-publish","format-standard","has-post-thumbnail","hentry","category-balneario-camboriu","category-agenda-de-eventos","category-eventos-noticias","category-santa-catarina","tag-balneario-camboriu"],"_links":{"self":[{"href":"https:\/\/localconnect.com.br\/blog\/wp-json\/wp\/v2\/posts\/8928","targetHints":{"allow":["GET"]}}],"collection":[{"href":"https:\/\/localconnect.com.br\/blog\/wp-json\/wp\/v2\/posts"}],"about":[{"href":"https:\/\/localconnect.com.br\/blog\/wp-json\/wp\/v2\/types\/post"}],"author":[{"embeddable":true,"href":"https:\/\/localconnect.com.br\/blog\/wp-json\/wp\/v2\/users\/3"}],"replies":[{"embeddable":true,"href":"https:\/\/localconnect.com.br\/blog\/wp-json\/wp\/v2\/comments?post=8928"}],"version-history":[{"count":0,"href":"https:\/\/localconnect.com.br\/blog\/wp-json\/wp\/v2\/posts\/8928\/revisions"}],"wp:featuredmedia":[{"embeddable":true,"href":"https:\/\/localconnect.com.br\/blog\/wp-json\/wp\/v2\/media\/8930"}],"wp:attachment":[{"href":"https:\/\/localconnect.com.br\/blog\/wp-json\/wp\/v2\/media?parent=8928"}],"wp:term":[{"taxonomy":"category","embeddable":true,"href":"https:\/\/localconnect.com.br\/blog\/wp-json\/wp\/v2\/categories?post=8928"},{"taxonomy":"post_tag","embeddable":true,"href":"https:\/\/localconnect.com.br\/blog\/wp-json\/wp\/v2\/tags?post=8928"}],"curies":[{"name":"wp","href":"https:\/\/api.w.org\/{rel}","templated":true}]}}