{"id":8933,"date":"2025-10-20T20:34:20","date_gmt":"2025-10-20T23:34:20","guid":{"rendered":"https:\/\/localconnect.com.br\/blog\/?p=8933"},"modified":"2025-10-24T20:37:29","modified_gmt":"2025-10-24T23:37:29","slug":"pereque-em-porto-belo-conheca-este-famoso-bairro","status":"publish","type":"post","link":"https:\/\/localconnect.com.br\/blog\/santa-catarina\/porto-belo\/pereque-em-porto-belo-conheca-este-famoso-bairro\/","title":{"rendered":"Perequ\u00ea em Porto Belo: Conhe\u00e7a este famoso bairro"},"content":{"rendered":"\n<p>Quem conhece o litoral norte de Santa Catarina sabe que h\u00e1 algo especial em Perequ\u00ea em Porto Belo. Um bairro que une o charme de uma cidade praiana ao conforto de uma infraestrutura moderna, pensado para quem valoriza o equil\u00edbrio entre o sossego e o progresso.<\/p>\n\n\n\n<p>Nos \u00faltimos anos, o local deixou de ser apenas um ponto de veraneio e passou a atrair moradores que desejam viver perto do mar, em um ambiente seguro, arborizado e em constante valoriza\u00e7\u00e3o.<\/p>\n\n\n\n<p>Se voc\u00ea quer entender por que tanta gente se apaixona por essa regi\u00e3o, continue a leitura e descubra tudo sobre o bairro Perequ\u00ea em Porto Belo.<\/p>\n\n\n\n<h2 class=\"wp-block-heading\">A origem e a hist\u00f3ria do bairro Perequ\u00ea em Porto Belo<\/h2>\n\n\n\n<p>O territ\u00f3rio que hoje abriga o bairro Perequ\u00ea em Porto Belo tem uma hist\u00f3ria antiga e curiosa. Muito antes de se tornar um destino tur\u00edstico, era habitado por povos ind\u00edgenas que viviam da pesca e do cultivo local.<\/p>\n\n\n\n<p>Por volta do s\u00e9culo XVIII, os primeiros colonos portugueses come\u00e7aram a explorar a \u00e1rea, atra\u00eddos pelas \u00e1guas calmas e pelo potencial da costa. Nessa \u00e9poca, o local ainda era conhecido como Enseada das Garoupas, nome dado pelos pescadores da regi\u00e3o devido \u00e0 abund\u00e2ncia de peixes.<\/p>\n\n\n\n<p>Mais tarde, com a chegada dos a\u00e7orianos enviados pela coroa portuguesa, a vila come\u00e7ou a tomar forma. Foram eles os respons\u00e1veis por fundar o povoado que originou o munic\u00edpio de Porto Belo, oficialmente reconhecido em 1832.<\/p>\n\n\n\n<p>A palavra \u201cPerequ\u00ea\u201d tem origem tupi-guarani e significa \u201clugar onde os peixes entram\u201d, uma refer\u00eancia clara ao comportamento dos cardumes que se aproximavam da costa para se alimentar e desovar. Com o tempo, o nome se consolidou e passou a identificar n\u00e3o apenas o rio, mas tamb\u00e9m a praia e o bairro.<\/p>\n\n\n\n<p>Hoje, o bairro mant\u00e9m esse esp\u00edrito acolhedor de comunidade litor\u00e2nea, sem abrir m\u00e3o da modernidade e da infraestrutura que acompanham seu crescimento.<\/p>\n\n\n\n<h2 class=\"wp-block-heading\">Onde fica Perequ\u00ea em Porto Belo?<\/h2>\n\n\n\n<figure class=\"wp-block-gallery has-nested-images columns-default is-cropped wp-block-gallery-1 is-layout-flex wp-block-gallery-is-layout-flex\">\n<figure class=\"wp-block-image size-large\"><img fetchpriority=\"high\" decoding=\"async\" width=\"1024\" height=\"576\" data-id=\"8936\" src=\"https:\/\/localconnect.com.br\/blog\/wp-content\/uploads\/2025\/10\/Onde-fica-Pereque-em-Porto-Belo-1024x576.webp\" alt=\"\" class=\"wp-image-8936\" title=\"\" srcset=\"https:\/\/localconnect.com.br\/blog\/wp-content\/uploads\/2025\/10\/Onde-fica-Pereque-em-Porto-Belo-1024x576.webp 1024w, https:\/\/localconnect.com.br\/blog\/wp-content\/uploads\/2025\/10\/Onde-fica-Pereque-em-Porto-Belo-300x169.webp 300w, https:\/\/localconnect.com.br\/blog\/wp-content\/uploads\/2025\/10\/Onde-fica-Pereque-em-Porto-Belo-768x432.webp 768w, https:\/\/localconnect.com.br\/blog\/wp-content\/uploads\/2025\/10\/Onde-fica-Pereque-em-Porto-Belo-1536x864.webp 1536w, https:\/\/localconnect.com.br\/blog\/wp-content\/uploads\/2025\/10\/Onde-fica-Pereque-em-Porto-Belo-2048x1152.webp 2048w, https:\/\/localconnect.com.br\/blog\/wp-content\/uploads\/2025\/10\/Onde-fica-Pereque-em-Porto-Belo-150x84.webp 150w\" sizes=\"(max-width: 1024px) 100vw, 1024px\" \/><\/figure>\n<\/figure>\n\n\n\n<p>Localizado no litoral norte de Santa Catarina, Perequ\u00ea em Porto Belo est\u00e1 a cerca de 65 km de Florian\u00f3polis e a 55 km do Aeroporto Internacional de Navegantes. O bairro fica pr\u00f3ximo \u00e0 BR-101, o que facilita o deslocamento para cidades vizinhas como Itapema, Bombinhas e Balne\u00e1rio Cambori\u00fa.<\/p>\n\n\n\n<p>A apenas quatro quil\u00f4metros do centro de Porto Belo, Perequ\u00ea \u00e9 um ponto de encontro entre praticidade e tranquilidade. Sua praia, de mesmo nome, \u00e9 a maior do munic\u00edpio e faz divisa com a Meia Praia, em Itapema.<\/p>\n\n\n\n<p>Essa localiza\u00e7\u00e3o estrat\u00e9gica coloca o bairro em posi\u00e7\u00e3o privilegiada: perto de tudo, mas longe do agito excessivo. Ideal para quem deseja viver em um local tranquilo, mas com acesso r\u00e1pido a grandes centros urbanos.<\/p>\n\n\n\n<h2 class=\"wp-block-heading\">Como \u00e9 o dia a dia no bairro Perequ\u00ea em Porto Belo?<\/h2>\n\n\n\n<p>Viver em Perequ\u00ea em Porto Belo \u00e9 poder acordar com o som do mar e, ao mesmo tempo, contar com toda a estrutura de uma cidade em desenvolvimento. O bairro se destaca pela boa oferta de servi\u00e7os, seguran\u00e7a e qualidade de vida.<\/p>\n\n\n\n<p>Supermercados, escolas, farm\u00e1cias, academias e lojas diversas est\u00e3o por toda parte. H\u00e1 tamb\u00e9m \u00f3timas op\u00e7\u00f5es gastron\u00f4micas, desde restaurantes de frutos do mar at\u00e9 caf\u00e9s charmosos que fazem sucesso entre moradores e turistas.<\/p>\n\n\n\n<p>Al\u00e9m da infraestrutura comercial, o bairro abriga o terminal rodovi\u00e1rio municipal, o que facilita o transporte local. Para quem gosta de se exercitar, h\u00e1 espa\u00e7os para caminhada e ciclovias ao longo da orla, sempre com vista para o mar.<\/p>\n\n\n\n<p>Durante o ver\u00e3o, o clima se transforma: a praia de Perequ\u00ea recebe visitantes de diferentes estados, que lotam pousadas e hot\u00e9is da regi\u00e3o. Mas mesmo com o movimento intenso, o bairro mant\u00e9m sua atmosfera familiar e acolhedora.<\/p>\n\n\n\n<h2 class=\"wp-block-heading\">A praia de Perequ\u00ea<\/h2>\n\n\n\n<figure class=\"wp-block-image\"><img decoding=\"async\" src=\"https:\/\/cdn.myside.com.br\/base\/1cd\/035\/a31\/praia-de-pereque-vista-aerea.jpg\" alt=\"Conhe\u00e7a a Praia de Perequ\u00ea em Porto Belo, SC\" title=\"\"><\/figure>\n\n\n\n<p>N\u00e3o d\u00e1 para falar sobre o bairro sem mencionar a praia de Perequ\u00ea em Porto Belo, que \u00e9 uma das mais queridas de Santa Catarina. Com \u00e1guas claras e calmas, ela \u00e9 perfeita para fam\u00edlias, banhistas e esportistas.<\/p>\n\n\n\n<p>A orla \u00e9 extensa e convida a longas caminhadas, pedaladas ou simplesmente momentos de contempla\u00e7\u00e3o. Durante o p\u00f4r do sol, o visual \u00e9 de tirar o f\u00f4lego \u2014 um espet\u00e1culo di\u00e1rio que encanta moradores e turistas.<\/p>\n\n\n\n<p>O bairro tamb\u00e9m oferece f\u00e1cil acesso a outras praias famosas da regi\u00e3o, como Zimbros, Caixa D\u2019A\u00e7o e Ara\u00e7\u00e1. Essa proximidade torna Perequ\u00ea um ponto estrat\u00e9gico para quem deseja explorar diferentes paisagens em poucos minutos.<\/p>\n\n\n\n<p>Al\u00e9m do turismo, o bairro tem forte liga\u00e7\u00e3o com a pesca artesanal, tradi\u00e7\u00e3o que atravessa gera\u00e7\u00f5es e continua presente no cotidiano local.<\/p>\n\n\n\n<p>Com obras de infraestrutura em andamento, novos empreendimentos e uma crescente procura por im\u00f3veis residenciais, Perequ\u00ea em <a href=\"https:\/\/pt.wikipedia.org\/wiki\/Porto_Belo\" target=\"_blank\" rel=\"noopener\">Porto Belo<\/a> segue como um dos endere\u00e7os mais desejados do estado.<\/p>\n\n\n\n<p>O equil\u00edbrio entre desenvolvimento e preserva\u00e7\u00e3o ambiental garante que o bairro continue encantando sem perder sua ess\u00eancia: o charme de viver em frente ao mar.<\/p>\n\n\n\n<p>Leia tamb\u00e9m: <a href=\"https:\/\/localconnect.com.br\/blog\/santa-catarina\/balneario-camboriu\/agenda-de-eventos-do-mes-de-novembro-em-balneario-camboriu\/\">Agenda de eventos do m\u00eas de novembro em Balne\u00e1rio Cambori\u00fa<\/a><\/p>\n<div class=\"pld-like-dislike-wrap pld-custom\">\r\n    <div class=\"pld-like-wrap  pld-common-wrap\">\r\n    <a href=\"javascript:void(0)\" class=\"pld-like-trigger pld-like-dislike-trigger  \" title=\"\" data-post-id=\"8933\" data-trigger-type=\"like\" data-restriction=\"no\" data-already-liked=\"0\">\r\n                            <img src=\"https:\/\/localconnect.com.br\/blog\/wp-content\/uploads\/2024\/02\/like-1-2.png\" alt=\"\" \/>\r\n            <\/a>\r\n    <span class=\"pld-like-count-wrap pld-count-wrap\">    <\/span>\r\n<\/div><div class=\"pld-dislike-wrap  pld-common-wrap\">\r\n    <a href=\"javascript:void(0)\" class=\"pld-dislike-trigger pld-like-dislike-trigger  \" title=\"\" data-post-id=\"8933\" data-trigger-type=\"dislike\" data-restriction=\"no\" data-already-liked=\"0\">\r\n                            <img src=\"https:\/\/localconnect.com.br\/blog\/wp-content\/uploads\/2024\/02\/image-2.png\" alt=\"\" \/>\r\n            <\/a>\r\n    <span class=\"pld-dislike-count-wrap pld-count-wrap\"><\/span>\r\n<\/div><\/div>","protected":false},"excerpt":{"rendered":"<p>Quem conhece o litoral norte de Santa Catarina sabe que h\u00e1 algo especial em Perequ\u00ea em Porto Belo. Um bairro que une o charme de uma cidade praiana ao conforto de uma infraestrutura moderna, pensado para quem valoriza o equil\u00edbrio entre o sossego e o progresso. Nos \u00faltimos anos, o local deixou de ser apenas [&hellip;]<\/p>\n","protected":false},"author":3,"featured_media":8935,"comment_status":"open","ping_status":"open","sticky":false,"template":"","format":"standard","meta":{"_joinchat":[],"footnotes":""},"categories":[58,69,73,29],"tags":[85],"class_list":["post-8933","post","type-post","status-publish","format-standard","has-post-thumbnail","hentry","category-porto-belo","category-guias-roteiros","category-praias","category-santa-catarina","tag-porto-belo"],"_links":{"self":[{"href":"https:\/\/localconnect.com.br\/blog\/wp-json\/wp\/v2\/posts\/8933","targetHints":{"allow":["GET"]}}],"collection":[{"href":"https:\/\/localconnect.com.br\/blog\/wp-json\/wp\/v2\/posts"}],"about":[{"href":"https:\/\/localconnect.com.br\/blog\/wp-json\/wp\/v2\/types\/post"}],"author":[{"embeddable":true,"href":"https:\/\/localconnect.com.br\/blog\/wp-json\/wp\/v2\/users\/3"}],"replies":[{"embeddable":true,"href":"https:\/\/localconnect.com.br\/blog\/wp-json\/wp\/v2\/comments?post=8933"}],"version-history":[{"count":0,"href":"https:\/\/localconnect.com.br\/blog\/wp-json\/wp\/v2\/posts\/8933\/revisions"}],"wp:featuredmedia":[{"embeddable":true,"href":"https:\/\/localconnect.com.br\/blog\/wp-json\/wp\/v2\/media\/8935"}],"wp:attachment":[{"href":"https:\/\/localconnect.com.br\/blog\/wp-json\/wp\/v2\/media?parent=8933"}],"wp:term":[{"taxonomy":"category","embeddable":true,"href":"https:\/\/localconnect.com.br\/blog\/wp-json\/wp\/v2\/categories?post=8933"},{"taxonomy":"post_tag","embeddable":true,"href":"https:\/\/localconnect.com.br\/blog\/wp-json\/wp\/v2\/tags?post=8933"}],"curies":[{"name":"wp","href":"https:\/\/api.w.org\/{rel}","templated":true}]}}