{"id":9382,"date":"2025-11-07T09:55:28","date_gmt":"2025-11-07T12:55:28","guid":{"rendered":"https:\/\/localconnect.com.br\/blog\/?p=9382"},"modified":"2025-11-07T09:55:30","modified_gmt":"2025-11-07T12:55:30","slug":"praia-de-porto-belo-e-boa","status":"publish","type":"post","link":"https:\/\/localconnect.com.br\/blog\/santa-catarina\/porto-belo\/praia-de-porto-belo-e-boa\/","title":{"rendered":"Afinal de contas, a Praia de Porto Belo \u00e9 boa?"},"content":{"rendered":"\n<p>A <strong>praia de Porto Belo<\/strong> \u00e9 um dos destinos mais encantadores do litoral de Santa Catarina. Localizada na regi\u00e3o da Costa Esmeralda, a cidade tem \u00e1guas transparentes, vegeta\u00e7\u00e3o preservada e pelo clima acolhedor.&nbsp;<\/p>\n\n\n\n<p>Apesar de pequena, Porto Belo guarda algumas das paisagens mais bonitas do estado e \u00e9 ponto de parada obrigat\u00f3ria para voc\u00ea que quer descansar e apreciar as belezas naturais.<\/p>\n\n\n\n<p>O centro da cidade mant\u00e9m um charme t\u00edpico de vila litor\u00e2nea, com ruas tranquilas, com\u00e9rcio local e restaurantes \u00e0 beira-mar. O mar calmo e de cor esverdeada \u00e9 resultado da prote\u00e7\u00e3o natural feita pela Ilha de Porto Belo, que ajuda a deixar a \u00e1gua sempre serena. Al\u00e9m disso, o munic\u00edpio oferece excelente infraestrutura tur\u00edstica, com pousadas, passeios e atividades para todos os gostos.<\/p>\n\n\n\n<h2 class=\"wp-block-heading\"><strong>Praia de Porto Belo \u00e9 boa?<\/strong><\/h2>\n\n\n\n<p>Sim, a praia de Porto Belo \u00e9 boa, e muito! O que faz dela um destino especial \u00e9 justamente a variedade de paisagens e estilos de praias que a cidade oferece. H\u00e1 op\u00e7\u00f5es com estrutura completa, locais tranquilos cercados por natureza e at\u00e9 faixas de areia mais reservadas acess\u00edveis apenas por trilhas ou barco.<\/p>\n\n\n\n<p>A praia central \u00e9 o cora\u00e7\u00e3o da cidade. Suas \u00e1guas s\u00e3o calmas, \u00f3timas para esportes n\u00e1uticos e passeios de caiaque. Do trapiche partem escunas e lanchas que levam turistas at\u00e9 a Ilha de Porto Belo. Mesmo n\u00e3o sendo o ponto mais movimentado para banho, \u00e9 um \u00f3timo lugar para caminhar, almo\u00e7ar com vista para o mar e assistir ao p\u00f4r do sol.<\/p>\n\n\n\n<h2 class=\"wp-block-heading\"><strong>Principais praias de Porto Belo<\/strong><\/h2>\n\n\n\n<h3 class=\"wp-block-heading\"><strong>Praia de Perequ\u00ea<\/strong><\/h3>\n\n\n\n<figure class=\"wp-block-gallery has-nested-images columns-default is-cropped wp-block-gallery-1 is-layout-flex wp-block-gallery-is-layout-flex\">\n<figure class=\"wp-block-image size-large\"><img fetchpriority=\"high\" decoding=\"async\" width=\"1000\" height=\"750\" data-id=\"9387\" src=\"https:\/\/localconnect.com.br\/blog\/wp-content\/uploads\/2025\/11\/Praia-de-Pereque.jpg\" alt=\"\" class=\"wp-image-9387\" title=\"\" srcset=\"https:\/\/localconnect.com.br\/blog\/wp-content\/uploads\/2025\/11\/Praia-de-Pereque.jpg 1000w, https:\/\/localconnect.com.br\/blog\/wp-content\/uploads\/2025\/11\/Praia-de-Pereque-300x225.jpg 300w, https:\/\/localconnect.com.br\/blog\/wp-content\/uploads\/2025\/11\/Praia-de-Pereque-768x576.jpg 768w, https:\/\/localconnect.com.br\/blog\/wp-content\/uploads\/2025\/11\/Praia-de-Pereque-150x113.jpg 150w\" sizes=\"(max-width: 1000px) 100vw, 1000px\" \/><\/figure>\n<\/figure>\n\n\n\n<p>A Praia de Perequ\u00ea \u00e9 a maior de Porto Belo e uma das mais procuradas pelos visitantes. Com cerca de 2,4 quil\u00f4metros de extens\u00e3o, ela \u00e9 a continua\u00e7\u00e3o natural da Meia Praia, em Itapema, separada apenas pelo Rio Perequ\u00ea.&nbsp;<\/p>\n\n\n\n<p>O mar \u00e9 aberto e a faixa de areia \u00e9 larga, perfeita para esportes e caminhadas. A \u00e1rea \u00e9 arborizada, tem cal\u00e7ad\u00e3o e quiosques, al\u00e9m de ser uma das mais bem estruturadas da cidade, com supermercados, restaurantes e hospedagens pr\u00f3ximas \u00e0 orla.<\/p>\n\n\n\n<h3 class=\"wp-block-heading\"><strong>Cost\u00e3o das Vieiras<\/strong><\/h3>\n\n\n\n<p>Entre o Perequ\u00ea e a praia central est\u00e1 o Cost\u00e3o das Vieiras, um ref\u00fagio tranquilo cercado por pedras e vegeta\u00e7\u00e3o. A regi\u00e3o tem pequenas praias acess\u00edveis por trilhas curtas, ideais para voc\u00ea que quer sossego e contato direto com a natureza. \u00c9 tamb\u00e9m um \u00f3timo ponto para admirar o mar de Porto Belo e tirar fotos com o visual das embarca\u00e7\u00f5es.<\/p>\n\n\n\n<h3 class=\"wp-block-heading\"><strong>Praia da Ilha de Porto Belo<\/strong><\/h3>\n\n\n\n<p>A Praia da Ilha de Porto Belo \u00e9 uma das mais famosas e fotografadas da regi\u00e3o. O acesso \u00e9 feito por barcos que saem da praia central ou da Enseada Encantada. Com \u00e1guas transparentes, areia fina e pedras que emolduram o cen\u00e1rio, o lugar \u00e9 um verdadeiro para\u00edso natural. A ilha conta com estrutura de quiosques, trilhas ecol\u00f3gicas e mirantes que revelam uma vista panor\u00e2mica da costa.<\/p>\n\n\n\n<h3 class=\"wp-block-heading\"><strong>Praia da Enseada Encantada<\/strong><\/h3>\n\n\n\n<p>A Praia da Enseada Encantada fica em frente \u00e0 Ilha de Porto Belo e \u00e9 bastante procurada por praticantes de esportes n\u00e1uticos, como windsurf e stand up paddle. A praia tem um belo cal\u00e7ad\u00e3o \u00e0 beira-mar, ideal para caminhadas e pedaladas, e oferece um dos mais belos pores do sol da cidade. Embora n\u00e3o seja t\u00e3o usada para banho, \u00e9 um excelente ponto de observa\u00e7\u00e3o das escunas e lanchas que cruzam o mar em dire\u00e7\u00e3o \u00e0 ilha.<\/p>\n\n\n\n<h3 class=\"wp-block-heading\"><strong>Praia do Ara\u00e7\u00e1<\/strong><\/h3>\n\n\n\n<p>A Praia do Ara\u00e7\u00e1 \u00e9 uma verdadeira vila de pescadores, onde o tempo parece passar devagar. Suas \u00e1guas s\u00e3o extremamente calmas, e os barcos ancorados formam um cen\u00e1rio que representa bem a vida simples e tradicional do litoral catarinense. O acesso \u00e9 asfaltado, por\u00e9m estreito, o que ajuda a manter o ambiente mais reservado.&nbsp;<\/p>\n\n\n\n<p>Leia tamb\u00e9m: <a href=\"https:\/\/localconnect.com.br\/blog\/santa-catarina\/porto-belo\/tudo-sobre-a-praia-do-araca-em-porto-belo\/\">Tudo sobre a praia do Ara\u00e7\u00e1 em Porto Belo<\/a><\/p>\n\n\n\n<h3 class=\"wp-block-heading\"><strong>Praia do Caixa D\u2019A\u00e7o<\/strong><\/h3>\n\n\n\n<figure class=\"wp-block-image size-full\"><img decoding=\"async\" width=\"1000\" height=\"562\" src=\"https:\/\/localconnect.com.br\/blog\/wp-content\/uploads\/2025\/10\/Caixa-DAco-em-Porto-Belo.jpg\" alt=\"Caixa D\u2019A\u00e7o em Porto Belo\" class=\"wp-image-9293\" title=\"\" srcset=\"https:\/\/localconnect.com.br\/blog\/wp-content\/uploads\/2025\/10\/Caixa-DAco-em-Porto-Belo.jpg 1000w, https:\/\/localconnect.com.br\/blog\/wp-content\/uploads\/2025\/10\/Caixa-DAco-em-Porto-Belo-300x169.jpg 300w, https:\/\/localconnect.com.br\/blog\/wp-content\/uploads\/2025\/10\/Caixa-DAco-em-Porto-Belo-768x432.jpg 768w, https:\/\/localconnect.com.br\/blog\/wp-content\/uploads\/2025\/10\/Caixa-DAco-em-Porto-Belo-150x84.jpg 150w\" sizes=\"(max-width: 1000px) 100vw, 1000px\" \/><\/figure>\n\n\n\n<p>A Praia do Caixa D\u2019A\u00e7o \u00e9 um dos cart\u00f5es-postais de Porto Belo. Fica em uma enseada protegida, rodeada por morros cobertos de vegeta\u00e7\u00e3o. O mar tem tom verde-esmeralda e \u00e9 muito procurado por quem gosta de esportes n\u00e1uticos e passeios de barco. Durante o ver\u00e3o, o local ganha vida com os famosos restaurantes flutuantes, que servem petiscos e bebidas aos visitantes que chegam de lancha. \u00c9 um dos lugares mais animados e bonitos do munic\u00edpio.<\/p>\n\n\n\n<p>Leia tamb\u00e9m: <a href=\"https:\/\/localconnect.com.br\/blog\/santa-catarina\/porto-belo\/caixa-daco-em-porto-belo-conheca-a-praia-dos-bares-flutuantes\/\">Caixa D\u2019A\u00e7o em Porto Belo: Conhe\u00e7a a praia dos bares flutuantes<\/a><\/p>\n\n\n\n<h3 class=\"wp-block-heading\"><strong>Praia do Estaleiro<\/strong><\/h3>\n\n\n\n<p>Considerada a mais bonita de Porto Belo, a Praia do Estaleiro encanta pelo cen\u00e1rio quase intocado. Pequena, com cerca de 100 metros de extens\u00e3o, tem areia branca, mar transparente e vegeta\u00e7\u00e3o nativa ao redor. O acesso \u00e9 feito por uma curta trilha a partir da Caixa D\u2019A\u00e7o, o que garante um clima de privacidade e contato total com a natureza. O mar calmo \u00e9 excelente para banho e mergulho, revelando uma rica vida marinha.<\/p>\n\n\n\n<p>A cidade preserva o charme simples de um vilarejo de pescadores, mas com toda a estrutura que um destino tur\u00edstico precisa. \u00c9 poss\u00edvel curtir um dia tranquilo \u00e0 beira-mar, explorar trilhas, fazer passeios de escuna e saborear pratos com frutos do mar frescos. Portanto, pode ficar tranquilo que a praia de <a href=\"https:\/\/pt.wikipedia.org\/wiki\/Porto_Belo#:~:text=Porto%20Belo%20%C3%A9%20um%20munic%C3%ADpio,21.388%20habitantes%20(IBGE%202019).\" target=\"_blank\" rel=\"noopener\">Porto Belo<\/a> \u00e9 boa!<\/p>\n<div class=\"pld-like-dislike-wrap pld-custom\">\r\n    <div class=\"pld-like-wrap  pld-common-wrap\">\r\n    <a href=\"javascript:void(0)\" class=\"pld-like-trigger pld-like-dislike-trigger  \" title=\"\" data-post-id=\"9382\" data-trigger-type=\"like\" data-restriction=\"no\" data-already-liked=\"0\">\r\n                            <img src=\"https:\/\/localconnect.com.br\/blog\/wp-content\/uploads\/2024\/02\/like-1-2.png\" alt=\"\" \/>\r\n            <\/a>\r\n    <span class=\"pld-like-count-wrap pld-count-wrap\">    <\/span>\r\n<\/div><div class=\"pld-dislike-wrap  pld-common-wrap\">\r\n    <a href=\"javascript:void(0)\" class=\"pld-dislike-trigger pld-like-dislike-trigger  \" title=\"\" data-post-id=\"9382\" data-trigger-type=\"dislike\" data-restriction=\"no\" data-already-liked=\"0\">\r\n                            <img src=\"https:\/\/localconnect.com.br\/blog\/wp-content\/uploads\/2024\/02\/image-2.png\" alt=\"\" \/>\r\n            <\/a>\r\n    <span class=\"pld-dislike-count-wrap pld-count-wrap\"><\/span>\r\n<\/div><\/div>","protected":false},"excerpt":{"rendered":"<p>A praia de Porto Belo \u00e9 um dos destinos mais encantadores do litoral de Santa Catarina. Localizada na regi\u00e3o da Costa Esmeralda, a cidade tem \u00e1guas transparentes, vegeta\u00e7\u00e3o preservada e pelo clima acolhedor.&nbsp; Apesar de pequena, Porto Belo guarda algumas das paisagens mais bonitas do estado e \u00e9 ponto de parada obrigat\u00f3ria para voc\u00ea que [&hellip;]<\/p>\n","protected":false},"author":3,"featured_media":9385,"comment_status":"open","ping_status":"open","sticky":false,"template":"","format":"standard","meta":{"_joinchat":[],"footnotes":""},"categories":[58,29],"tags":[],"class_list":["post-9382","post","type-post","status-publish","format-standard","has-post-thumbnail","hentry","category-porto-belo","category-santa-catarina"],"_links":{"self":[{"href":"https:\/\/localconnect.com.br\/blog\/wp-json\/wp\/v2\/posts\/9382","targetHints":{"allow":["GET"]}}],"collection":[{"href":"https:\/\/localconnect.com.br\/blog\/wp-json\/wp\/v2\/posts"}],"about":[{"href":"https:\/\/localconnect.com.br\/blog\/wp-json\/wp\/v2\/types\/post"}],"author":[{"embeddable":true,"href":"https:\/\/localconnect.com.br\/blog\/wp-json\/wp\/v2\/users\/3"}],"replies":[{"embeddable":true,"href":"https:\/\/localconnect.com.br\/blog\/wp-json\/wp\/v2\/comments?post=9382"}],"version-history":[{"count":0,"href":"https:\/\/localconnect.com.br\/blog\/wp-json\/wp\/v2\/posts\/9382\/revisions"}],"wp:featuredmedia":[{"embeddable":true,"href":"https:\/\/localconnect.com.br\/blog\/wp-json\/wp\/v2\/media\/9385"}],"wp:attachment":[{"href":"https:\/\/localconnect.com.br\/blog\/wp-json\/wp\/v2\/media?parent=9382"}],"wp:term":[{"taxonomy":"category","embeddable":true,"href":"https:\/\/localconnect.com.br\/blog\/wp-json\/wp\/v2\/categories?post=9382"},{"taxonomy":"post_tag","embeddable":true,"href":"https:\/\/localconnect.com.br\/blog\/wp-json\/wp\/v2\/tags?post=9382"}],"curies":[{"name":"wp","href":"https:\/\/api.w.org\/{rel}","templated":true}]}}