{"id":9580,"date":"2025-11-17T17:40:34","date_gmt":"2025-11-17T20:40:34","guid":{"rendered":"https:\/\/localconnect.com.br\/blog\/?p=9580"},"modified":"2025-11-17T17:40:43","modified_gmt":"2025-11-17T20:40:43","slug":"bombinhas-comeca-a-cobrar-taxa-de-ate-r-191-por-veiculo-veja-as-regras","status":"publish","type":"post","link":"https:\/\/localconnect.com.br\/blog\/santa-catarina\/bombinhas\/bombinhas-comeca-a-cobrar-taxa-de-ate-r-191-por-veiculo-veja-as-regras\/","title":{"rendered":"Bombinhas come\u00e7a a cobrar taxa de at\u00e9 R$ 191 por ve\u00edculo; Veja as regras"},"content":{"rendered":"\n<p>A cidade de Bombinhas, no litoral de Santa Catarina, inicia novamente a cobran\u00e7a da Taxa de Preserva\u00e7\u00e3o Ambiental (TPA) para quem entrar no munic\u00edpio com ve\u00edculos. O valor varia conforme o tipo de autom\u00f3vel e pode chegar a R$ 191,50 por entrada. A medida, que j\u00e1 faz parte da alta temporada desde 2015, segue em vigor at\u00e9 15 de abril de 2026.<\/p>\n\n\n\n<h2 class=\"wp-block-heading\"><strong>Por que a taxa existe?<\/strong><\/h2>\n\n\n\n<p>Bombinhas tem paisagens naturais exuberantes, \u00e1guas transparentes, trilhas ecol\u00f3gicas e nada menos que 39 praias distribu\u00eddas em apenas 34,5 km\u00b2.&nbsp;<\/p>\n\n\n\n<p>Esse cen\u00e1rio atrai visitantes do Brasil e de v\u00e1rios pa\u00edses da Am\u00e9rica do Sul, especialmente Argentina, Paraguai, Uruguai e Chile.<\/p>\n\n\n\n<p>O fluxo tur\u00edstico, por\u00e9m, causa enorme press\u00e3o sobre a infraestrutura local. Em 2024, o munic\u00edpio registrou aproximadamente 2,3 milh\u00f5es de visitantes, n\u00famero bastante elevado para uma cidade com pouco mais de 20 mil moradores.&nbsp;<\/p>\n\n\n\n<p>Para cuidar da limpeza urbana, manter trilhas, praias e \u00e1reas de preserva\u00e7\u00e3o, e refor\u00e7ar servi\u00e7os p\u00fablicos durante esse per\u00edodo, a prefeitura criou a TPA.<\/p>\n\n\n\n<p>Segundo a administra\u00e7\u00e3o municipal, 67% do territ\u00f3rio de Bombinhas \u00e9 preservado por \u00e1reas verdes e unidades de conserva\u00e7\u00e3o ambiental, refor\u00e7ando a necessidade de investimentos constantes em manejo ecol\u00f3gico.&nbsp;<\/p>\n\n\n\n<p>N\u00e3o \u00e0 toa, o destino recebeu o t\u00edtulo de Capital Nacional do Mergulho Ecol\u00f3gico.<\/p>\n\n\n\n<h2 class=\"wp-block-heading\">Quem paga?<\/h2>\n\n\n\n<figure class=\"wp-block-image size-full\"><img fetchpriority=\"high\" decoding=\"async\" width=\"750\" height=\"550\" src=\"https:\/\/localconnect.com.br\/blog\/wp-content\/uploads\/2025\/11\/Bombinhas.jpg\" alt=\"\" class=\"wp-image-9585\" title=\"\" srcset=\"https:\/\/localconnect.com.br\/blog\/wp-content\/uploads\/2025\/11\/Bombinhas.jpg 750w, https:\/\/localconnect.com.br\/blog\/wp-content\/uploads\/2025\/11\/Bombinhas-300x220.jpg 300w, https:\/\/localconnect.com.br\/blog\/wp-content\/uploads\/2025\/11\/Bombinhas-150x110.jpg 150w\" sizes=\"(max-width: 750px) 100vw, 750px\" \/><\/figure>\n\n\n\n<p>A taxa \u00e9 cobrada apenas de visitantes que entram com ve\u00edculos, independentemente de onde estejam hospedados. Moradores de cidades vizinhas com cadastro pr\u00e9vio e ve\u00edculos em servi\u00e7o p\u00fablico t\u00eam isen\u00e7\u00e3o, assim como ambul\u00e2ncias, viaturas oficiais, carros de transporte de pessoas com defici\u00eancia e outros casos espec\u00edficos previstos em lei.<\/p>\n\n\n\n<p>Quem utiliza servi\u00e7os autom\u00e1ticos de ped\u00e1gio como Sem Parar, ConectCar ou Taggy ter\u00e1 a cobran\u00e7a debitada diretamente. J\u00e1 os demais motoristas precisam quitar a taxa no <a href=\"https:\/\/bombinhas.sc.gov.br\/\" target=\"_blank\" rel=\"noopener\">site oficial da prefeitura,<\/a> no aplicativo de Bombinhas ou em totens de autoatendimento.<\/p>\n\n\n\n<h2 class=\"wp-block-heading\">Quanto custa entrar em Bombinhas?<\/h2>\n\n\n\n<p>Os valores foram atualizados para a temporada e variam conforme o porte do ve\u00edculo:<\/p>\n\n\n\n<ul class=\"wp-block-list\">\n<li><strong>Motocicletas e similares:<\/strong> R$ 4,50<br><\/li>\n\n\n\n<li><strong>Carros de passeio e ve\u00edculos leves:<\/strong> R$ 38,00<br><\/li>\n\n\n\n<li><strong>Caminhonetes e furg\u00f5es:<\/strong> R$ 57,00<br><\/li>\n\n\n\n<li><strong>Vans e micro-\u00f4nibus:<\/strong> R$ 76,50<br><\/li>\n\n\n\n<li><strong>Caminh\u00f5es:<\/strong> R$ 114,50<br><\/li>\n\n\n\n<li><strong>\u00d4nibus:<\/strong> R$ 191,50<\/li>\n<\/ul>\n\n\n\n<p>Os valores s\u00e3o di\u00e1rios. Quem permanecer por mais dias deve quitar a taxa correspondente \u00e0 quantidade de di\u00e1rias.<\/p>\n\n\n\n<h2 class=\"wp-block-heading\">Onde pagar a taxa presencialmente?<\/h2>\n\n\n\n<p>Al\u00e9m da op\u00e7\u00e3o online com pagamento via Pix, os motoristas tamb\u00e9m podem pagar a TPA nos totens disponibilizados em locais estrat\u00e9gicos da cidade:<\/p>\n\n\n\n<ul class=\"wp-block-list\">\n<li><strong>Kompr\u00e3o Koch Atacadista<\/strong> \u2013 Rua Ara\u00e7\u00e1, 495, Sert\u00e3ozinho<\/li>\n\n\n\n<li><strong>Shopping Tropical<\/strong> \u2013 Av. Ver. Manoel dos Santos, 850, Centro<\/li>\n\n\n\n<li><strong>Supermercado Comper<\/strong> \u2013 Av. Leopoldo Zarling, 1473, Bombas<\/li>\n\n\n\n<li><strong>P\u00f3rtico do Morro do Macaco<\/strong> \u2013 Canto Grande<\/li>\n<\/ul>\n\n\n\n<p>Tamb\u00e9m existem p\u00f3rticos de monitoramento instalados nas entradas de Bombas e Zimbros, onde \u00e9 feita a identifica\u00e7\u00e3o autom\u00e1tica das placas.<\/p>\n\n\n\n<h2 class=\"wp-block-heading\">E quem n\u00e3o pagar?<\/h2>\n\n\n\n<p>A cobran\u00e7a funciona por meio da leitura da placa. Se o motorista n\u00e3o quitar a taxa dentro do prazo, a d\u00edvida \u00e9 vinculada ao ve\u00edculo e pode gerar multa e inscri\u00e7\u00e3o em d\u00edvida ativa, como ocorre com qualquer d\u00e9bito municipal.<\/p>\n\n\n\n<h2 class=\"wp-block-heading\">Debates e pol\u00eamicas<\/h2>\n\n\n\n<p>A cobran\u00e7a da TPA sempre gera controv\u00e9rsia. Parte dos moradores e visitantes defende a medida, afirmando que ela ajuda a preservar as praias e controlar a superlota\u00e7\u00e3o durante o ver\u00e3o.&nbsp;<\/p>\n\n\n\n<p>J\u00e1 outros criticam o valor e afirmam que a taxa afasta turistas e prejudica o com\u00e9rcio local. Ainda assim, a prefeitura defende que a pol\u00edtica resulta em ruas limpas, balneabilidade controlada, saneamento em expans\u00e3o e a\u00e7\u00f5es de preserva\u00e7\u00e3o vis\u00edveis ao longo do ano, algo essencial em um destino com enorme apelo ambiental.<\/p>\n\n\n\n<p>Bombinhas segue como uma das cidades brasileiras que adotam um sistema cont\u00ednuo de cobran\u00e7a ambiental. Para quem pretende curtir as praias, o ideal \u00e9 planejar a viagem com anteced\u00eancia, incluindo o pagamento da TPA.<\/p>\n\n\n\n<p>Leia tamb\u00e9m: <a href=\"https:\/\/localconnect.com.br\/blog\/santa-catarina\/bombinhas\/praia-do-cacao-em-bombinhas\/\">Praia do Ca\u00e7\u00e3o em Bombinhas; Como chegar e dicas<\/a><\/p>\n<div class=\"pld-like-dislike-wrap pld-custom\">\r\n    <div class=\"pld-like-wrap  pld-common-wrap\">\r\n    <a href=\"javascript:void(0)\" class=\"pld-like-trigger pld-like-dislike-trigger  \" title=\"\" data-post-id=\"9580\" data-trigger-type=\"like\" data-restriction=\"no\" data-already-liked=\"0\">\r\n                            <img src=\"https:\/\/localconnect.com.br\/blog\/wp-content\/uploads\/2024\/02\/like-1-2.png\" alt=\"\" \/>\r\n            <\/a>\r\n    <span class=\"pld-like-count-wrap pld-count-wrap\">    <\/span>\r\n<\/div><div class=\"pld-dislike-wrap  pld-common-wrap\">\r\n    <a href=\"javascript:void(0)\" class=\"pld-dislike-trigger pld-like-dislike-trigger  \" title=\"\" data-post-id=\"9580\" data-trigger-type=\"dislike\" data-restriction=\"no\" data-already-liked=\"0\">\r\n                            <img src=\"https:\/\/localconnect.com.br\/blog\/wp-content\/uploads\/2024\/02\/image-2.png\" alt=\"\" \/>\r\n            <\/a>\r\n    <span class=\"pld-dislike-count-wrap pld-count-wrap\"><\/span>\r\n<\/div><\/div>","protected":false},"excerpt":{"rendered":"<p>A cidade de Bombinhas, no litoral de Santa Catarina, inicia novamente a cobran\u00e7a da Taxa de Preserva\u00e7\u00e3o Ambiental (TPA) para quem entrar no munic\u00edpio com ve\u00edculos. O valor varia conforme o tipo de autom\u00f3vel e pode chegar a R$ 191,50 por entrada. A medida, que j\u00e1 faz parte da alta temporada desde 2015, segue em [&hellip;]<\/p>\n","protected":false},"author":3,"featured_media":9584,"comment_status":"open","ping_status":"open","sticky":false,"template":"","format":"standard","meta":{"_joinchat":[],"footnotes":""},"categories":[55,29],"tags":[],"class_list":["post-9580","post","type-post","status-publish","format-standard","has-post-thumbnail","hentry","category-bombinhas","category-santa-catarina"],"_links":{"self":[{"href":"https:\/\/localconnect.com.br\/blog\/wp-json\/wp\/v2\/posts\/9580","targetHints":{"allow":["GET"]}}],"collection":[{"href":"https:\/\/localconnect.com.br\/blog\/wp-json\/wp\/v2\/posts"}],"about":[{"href":"https:\/\/localconnect.com.br\/blog\/wp-json\/wp\/v2\/types\/post"}],"author":[{"embeddable":true,"href":"https:\/\/localconnect.com.br\/blog\/wp-json\/wp\/v2\/users\/3"}],"replies":[{"embeddable":true,"href":"https:\/\/localconnect.com.br\/blog\/wp-json\/wp\/v2\/comments?post=9580"}],"version-history":[{"count":0,"href":"https:\/\/localconnect.com.br\/blog\/wp-json\/wp\/v2\/posts\/9580\/revisions"}],"wp:featuredmedia":[{"embeddable":true,"href":"https:\/\/localconnect.com.br\/blog\/wp-json\/wp\/v2\/media\/9584"}],"wp:attachment":[{"href":"https:\/\/localconnect.com.br\/blog\/wp-json\/wp\/v2\/media?parent=9580"}],"wp:term":[{"taxonomy":"category","embeddable":true,"href":"https:\/\/localconnect.com.br\/blog\/wp-json\/wp\/v2\/categories?post=9580"},{"taxonomy":"post_tag","embeddable":true,"href":"https:\/\/localconnect.com.br\/blog\/wp-json\/wp\/v2\/tags?post=9580"}],"curies":[{"name":"wp","href":"https:\/\/api.w.org\/{rel}","templated":true}]}}