{"id":9595,"date":"2025-11-18T19:56:29","date_gmt":"2025-11-18T22:56:29","guid":{"rendered":"https:\/\/localconnect.com.br\/blog\/?p=9595"},"modified":"2025-11-18T19:56:30","modified_gmt":"2025-11-18T22:56:30","slug":"tudo-que-voce-precisa-saber-da-praia-do-centro-em-itapema","status":"publish","type":"post","link":"https:\/\/localconnect.com.br\/blog\/santa-catarina\/itapema\/tudo-que-voce-precisa-saber-da-praia-do-centro-em-itapema\/","title":{"rendered":"Tudo que voc\u00ea precisa saber da Praia do Centro em Itapema"},"content":{"rendered":"\n<p>A <strong>Praia do Centro em Itapema<\/strong> \u00e9 o tipo de lugar que conquista pela simplicidade charmosa e pela combina\u00e7\u00e3o perfeita entre movimento, paisagem e facilidade de acesso.&nbsp;<\/p>\n\n\n\n<p>Localizada bem no cora\u00e7\u00e3o do munic\u00edpio, ela se tornou um dos cart\u00f5es-postais mais visitados do litoral catarinense, atraindo desde turistas que buscam tranquilidade at\u00e9 viajantes que preferem o agito t\u00edpico do ver\u00e3o. A seguir, saiba mais sobre ela!<\/p>\n\n\n\n<h2 class=\"wp-block-heading\">Qual o tamanho da praia do centro em Itapema?<\/h2>\n\n\n\n<p>Com 1,5 km de extens\u00e3o, a Praia do Centro em Itapema \u00e9 valorizada pela ampla faixa de areia, \u00e1guas tranquilas e uma infraestrutura que facilita a vida de qualquer visitante. Restaurantes, bares, lojas, quiosques, hot\u00e9is e com\u00e9rcios ficam espalhados por toda a orla, deixando tudo a poucos passos de dist\u00e2ncia.&nbsp;<\/p>\n\n\n\n<p>Sem falar da ciclovia e da avenida beira-mar, que oferecem um cen\u00e1rio perfeito para caminhadas, corridas e fotos.<\/p>\n\n\n\n<p>Al\u00e9m disso, um dos grandes motivos para a fama da Praia do Centro em Itapema \u00e9 a presen\u00e7a da conhecida Ponte dos Suspiros, estrutura ic\u00f4nica da cidade.&nbsp;<\/p>\n\n\n\n<p>Leia tamb\u00e9m: <a href=\"https:\/\/localconnect.com.br\/blog\/santa-catarina\/itapema\/guia-completo-da-ponte-dos-suspiros-em-itapema\/\">Guia completo da Ponte dos Suspiros em Itapema<\/a><\/p>\n\n\n\n<p>Ela une o mar ao Rio Bela Cruz e impressiona pela constru\u00e7\u00e3o r\u00fastica em pedras, com arcos laterais que criam um visual \u00fanico. \u00c9 parada obrigat\u00f3ria para quem adora fotografia, j\u00e1 que rende imagens bel\u00edssimas tanto durante o dia quanto ao p\u00f4r do sol.<\/p>\n\n\n\n<p>A ponte carrega tamb\u00e9m um toque de hist\u00f3ria e romantismo. Moradores contam que casais costumavam se encontrar por ali e, ao atravessar o caminho de pedras, suspiravam apaixonados e foi da\u00ed que surgiu o nome que virou tradi\u00e7\u00e3o.&nbsp;<\/p>\n\n\n\n<h2 class=\"wp-block-heading\">Como a infraestrutura da praia?<\/h2>\n\n\n\n<figure class=\"wp-block-gallery has-nested-images columns-default is-cropped wp-block-gallery-1 is-layout-flex wp-block-gallery-is-layout-flex\">\n<figure class=\"wp-block-image size-large\"><img fetchpriority=\"high\" decoding=\"async\" width=\"400\" height=\"225\" data-id=\"9598\" src=\"https:\/\/localconnect.com.br\/blog\/wp-content\/uploads\/2025\/11\/Como-a-infraestrutura-da-praia.jpg\" alt=\"\" class=\"wp-image-9598\" title=\"\" srcset=\"https:\/\/localconnect.com.br\/blog\/wp-content\/uploads\/2025\/11\/Como-a-infraestrutura-da-praia.jpg 400w, https:\/\/localconnect.com.br\/blog\/wp-content\/uploads\/2025\/11\/Como-a-infraestrutura-da-praia-300x169.jpg 300w, https:\/\/localconnect.com.br\/blog\/wp-content\/uploads\/2025\/11\/Como-a-infraestrutura-da-praia-150x84.jpg 150w\" sizes=\"(max-width: 400px) 100vw, 400px\" \/><\/figure>\n<\/figure>\n\n\n\n<p>Enquanto algumas praias t\u00eam acesso mais limitado, a Praia do Centro em Itapema se destaca justamente pela praticidade. H\u00e1 diversos postos de guarda-vidas ao longo da orla, aluguel de cadeiras e guarda-s\u00f3is, rampas de acesso e quiosques que funcionam o ano todo.&nbsp;<\/p>\n\n\n\n<p>No ver\u00e3o, o movimento cresce, mas ainda assim \u00e9 f\u00e1cil circular e encontrar servi\u00e7os essenciais bem perto. Sem contar a quantidade de banheiros p\u00fablicos ao longo da faixa de areia, algo que nem todos os destinos tur\u00edsticos oferecem.&nbsp;<\/p>\n\n\n\n<p>Para fam\u00edlias com crian\u00e7as ou para quem pretende passar o dia inteiro curtindo o mar, esse detalhe faz toda diferen\u00e7a.<\/p>\n\n\n\n<p>A praia tamb\u00e9m \u00e9 considerada pr\u00f3pria para banho em grande parte do ano, desde que n\u00e3o haja per\u00edodos de chuva intensa. A colora\u00e7\u00e3o do mar costuma variar entre tons esverdeados e azulados, compondo uma paisagem que encanta quem chega.<\/p>\n\n\n\n<h2 class=\"wp-block-heading\">Ambiente perfeito em qualquer esta\u00e7\u00e3o<\/h2>\n\n\n\n<p>Um detalhe curioso \u00e9 que muitas pessoas preferem visitar a Praia do Centro em Itapema no outono e no inverno. O clima ameno, o movimento reduzido e os pre\u00e7os mais acess\u00edveis tornam a experi\u00eancia mais tranquila e agrad\u00e1vel.&nbsp;<\/p>\n\n\n\n<p>Al\u00e9m disso, diferente de outras cidades da regi\u00e3o, os pr\u00e9dios \u00e0 beira-mar n\u00e3o criam sombras eternas na faixa de areia, o que permite aproveitar o sol at\u00e9 o final da tarde mesmo nos dias mais frios.<\/p>\n\n\n\n<p>Isso acontece porque, ao contr\u00e1rio de lugares como Balne\u00e1rio Cambori\u00fa, os edif\u00edcios da orla de Itapema s\u00e3o menores e mais espa\u00e7ados. Assim, a luz natural permanece por mais tempo, deixando a praia ainda mais convidativa.<\/p>\n\n\n\n<h2 class=\"wp-block-heading\">Um passeio que combina paisagem, hist\u00f3ria e vida local<\/h2>\n\n\n\n<figure class=\"wp-block-gallery has-nested-images columns-default is-cropped wp-block-gallery-2 is-layout-flex wp-block-gallery-is-layout-flex\">\n<figure class=\"wp-block-image size-large\"><img decoding=\"async\" width=\"680\" height=\"510\" data-id=\"9428\" src=\"https:\/\/localconnect.com.br\/blog\/wp-content\/uploads\/2025\/11\/Eventos-e-tradicoes-que-acontecem-na-Praca-da-Paz-em-Itapema.webp\" alt=\"\" class=\"wp-image-9428\" title=\"\" srcset=\"https:\/\/localconnect.com.br\/blog\/wp-content\/uploads\/2025\/11\/Eventos-e-tradicoes-que-acontecem-na-Praca-da-Paz-em-Itapema.webp 680w, https:\/\/localconnect.com.br\/blog\/wp-content\/uploads\/2025\/11\/Eventos-e-tradicoes-que-acontecem-na-Praca-da-Paz-em-Itapema-300x225.webp 300w, https:\/\/localconnect.com.br\/blog\/wp-content\/uploads\/2025\/11\/Eventos-e-tradicoes-que-acontecem-na-Praca-da-Paz-em-Itapema-150x113.webp 150w\" sizes=\"(max-width: 680px) 100vw, 680px\" \/><\/figure>\n<\/figure>\n\n\n\n<p>A partir da Praia do Centro em Itapema, d\u00e1 para acessar facilmente outros pontos da cidade, como a Pra\u00e7a da Paz, palco de eventos culturais, feiras gastron\u00f4micas e apresenta\u00e7\u00f5es t\u00edpicas da coloniza\u00e7\u00e3o a\u00e7oriana.&nbsp;<\/p>\n\n\n\n<p>Quem visita a regi\u00e3o frequentemente encontra m\u00fasica, artesanato, comidas tradicionais e muito movimento, principalmente aos finais de semana.<\/p>\n\n\n\n<p>Se continuar caminhando pela orla, voc\u00ea encontra tamb\u00e9m os dois moles que ficam nas extremidades da praia, \u00f3timos para contemplar a vista completa da cidade, registrar v\u00eddeos, observar pescadores e sentir o vento tranquilo da costa.<\/p>\n\n\n\n<p>Leia tamb\u00e9m: <a href=\"https:\/\/localconnect.com.br\/blog\/santa-catarina\/itapema\/guia-completo-da-praca-da-paz-em-itapema\/\">Guia completo da Pra\u00e7a da Paz em Itapema<\/a><\/p>\n\n\n\n<h2 class=\"wp-block-heading\">Vale a pena visitar?<\/h2>\n\n\n\n<p>Sem d\u00favidas, sim. Seja para passar apenas algumas horas, seja para aproveitar v\u00e1rios dias de descanso, a Praia do Centro em <a href=\"https:\/\/pt.wikipedia.org\/wiki\/Itapema\" target=\"_blank\" rel=\"noopener\">Itapema <\/a>entrega tudo o que o visitante espera: acesso r\u00e1pido, paisagens incr\u00edveis, estrutura completa, boa gastronomia, tranquilidade e hist\u00f3rias que encantam.<\/p>\n\n\n\n<p>\u00c9 o tipo de passeio que fica marcado na mem\u00f3ria, seja pelo visual da ponte, pelo mar calmo, pelo clima familiar ou pela sensa\u00e7\u00e3o gostosa de caminhar na orla observando cada detalhe.&nbsp;<\/p>\n\n\n\n<p>Quem conhece sempre volta e quem ainda n\u00e3o veio, definitivamente precisa incluir esse destino no pr\u00f3ximo roteiro.<\/p>\n\n\n\n<p>Leia tamb\u00e9m: T<a href=\"https:\/\/localconnect.com.br\/blog\/santa-catarina\/itapema\/praia-do-cabeco-em-itapema\/\">udo que voc\u00ea precisa sobre a praia do Cabe\u00e7o em Itapem<\/a>a<\/p>\n<div class=\"pld-like-dislike-wrap pld-custom\">\r\n    <div class=\"pld-like-wrap  pld-common-wrap\">\r\n    <a href=\"javascript:void(0)\" class=\"pld-like-trigger pld-like-dislike-trigger  \" title=\"\" data-post-id=\"9595\" data-trigger-type=\"like\" data-restriction=\"no\" data-already-liked=\"0\">\r\n                            <img src=\"https:\/\/localconnect.com.br\/blog\/wp-content\/uploads\/2024\/02\/like-1-2.png\" alt=\"\" \/>\r\n            <\/a>\r\n    <span class=\"pld-like-count-wrap pld-count-wrap\">    <\/span>\r\n<\/div><div class=\"pld-dislike-wrap  pld-common-wrap\">\r\n    <a href=\"javascript:void(0)\" class=\"pld-dislike-trigger pld-like-dislike-trigger  \" title=\"\" data-post-id=\"9595\" data-trigger-type=\"dislike\" data-restriction=\"no\" data-already-liked=\"0\">\r\n                            <img src=\"https:\/\/localconnect.com.br\/blog\/wp-content\/uploads\/2024\/02\/image-2.png\" alt=\"\" \/>\r\n            <\/a>\r\n    <span class=\"pld-dislike-count-wrap pld-count-wrap\"><\/span>\r\n<\/div><\/div>","protected":false},"excerpt":{"rendered":"<p>A Praia do Centro em Itapema \u00e9 o tipo de lugar que conquista pela simplicidade charmosa e pela combina\u00e7\u00e3o perfeita entre movimento, paisagem e facilidade de acesso.&nbsp; Localizada bem no cora\u00e7\u00e3o do munic\u00edpio, ela se tornou um dos cart\u00f5es-postais mais visitados do litoral catarinense, atraindo desde turistas que buscam tranquilidade at\u00e9 viajantes que preferem o [&hellip;]<\/p>\n","protected":false},"author":3,"featured_media":9597,"comment_status":"open","ping_status":"open","sticky":false,"template":"","format":"standard","meta":{"_joinchat":[],"footnotes":""},"categories":[52,29],"tags":[],"class_list":["post-9595","post","type-post","status-publish","format-standard","has-post-thumbnail","hentry","category-itapema","category-santa-catarina"],"_links":{"self":[{"href":"https:\/\/localconnect.com.br\/blog\/wp-json\/wp\/v2\/posts\/9595","targetHints":{"allow":["GET"]}}],"collection":[{"href":"https:\/\/localconnect.com.br\/blog\/wp-json\/wp\/v2\/posts"}],"about":[{"href":"https:\/\/localconnect.com.br\/blog\/wp-json\/wp\/v2\/types\/post"}],"author":[{"embeddable":true,"href":"https:\/\/localconnect.com.br\/blog\/wp-json\/wp\/v2\/users\/3"}],"replies":[{"embeddable":true,"href":"https:\/\/localconnect.com.br\/blog\/wp-json\/wp\/v2\/comments?post=9595"}],"version-history":[{"count":0,"href":"https:\/\/localconnect.com.br\/blog\/wp-json\/wp\/v2\/posts\/9595\/revisions"}],"wp:featuredmedia":[{"embeddable":true,"href":"https:\/\/localconnect.com.br\/blog\/wp-json\/wp\/v2\/media\/9597"}],"wp:attachment":[{"href":"https:\/\/localconnect.com.br\/blog\/wp-json\/wp\/v2\/media?parent=9595"}],"wp:term":[{"taxonomy":"category","embeddable":true,"href":"https:\/\/localconnect.com.br\/blog\/wp-json\/wp\/v2\/categories?post=9595"},{"taxonomy":"post_tag","embeddable":true,"href":"https:\/\/localconnect.com.br\/blog\/wp-json\/wp\/v2\/tags?post=9595"}],"curies":[{"name":"wp","href":"https:\/\/api.w.org\/{rel}","templated":true}]}}