{"id":9616,"date":"2025-11-20T20:22:57","date_gmt":"2025-11-20T23:22:57","guid":{"rendered":"https:\/\/localconnect.com.br\/blog\/?p=9616"},"modified":"2026-01-02T17:07:49","modified_gmt":"2026-01-02T20:07:49","slug":"eventos-em-balneario-camboriu-em-dezembro-2025","status":"publish","type":"post","link":"https:\/\/localconnect.com.br\/blog\/santa-catarina\/balneario-camboriu\/eventos-em-balneario-camboriu-em-dezembro-2025\/","title":{"rendered":"Agenda de eventos em Balne\u00e1rio Cambori\u00fa em Dezembro 2025"},"content":{"rendered":"\n<p>A temporada de final de ano sempre movimenta a cidade, e os eventos em Balne\u00e1rio Cambori\u00fa em dezembro deixam ainda mais claro por que o destino se tornou refer\u00eancia em turismo, cultura, m\u00fasica e celebra\u00e7\u00f5es natalinas. A seguir, voc\u00ea confere uma programa\u00e7\u00e3o completa para aproveitar cada dia desse m\u00eas festivo.<\/p>\n\n\n\n<h2 class=\"wp-block-heading\"><strong>Desfile \u201cMinha Noite de Natal\u201d \u2013 Viva o Natal BC<\/strong><\/h2>\n\n\n\n<p>Os tradicionais desfiles do Viva o Natal percorrem cerca de sete quil\u00f4metros da Avenida Atl\u00e2ntica, saindo da Barra Sul at\u00e9 a Barra Norte. Carros aleg\u00f3ricos, pocket shows e mais de 50 artistas transformam as noites da cidade em um espet\u00e1culo cheio de brilho e clima natalino. As apresenta\u00e7\u00f5es seguem at\u00e9 27\/12.<\/p>\n\n\n\n<p><strong>Data:<\/strong> 15\/11 a 27\/12<\/p>\n\n\n\n<p><strong>Local:<\/strong> <a href=\"https:\/\/localconnect.com.br\/blog\/santa-catarina\/balneario-camboriu\/avenida-atlantica-em-balneario\/\">Avenida Atl\u00e2ntica<\/a><\/p>\n\n\n\n<h2 class=\"wp-block-heading\"><strong>Sinfonia de Natal \u2013 Coral do Litoral<\/strong><\/h2>\n\n\n\n<p>O Teatro Municipal Bruno Nitz recebe um espet\u00e1culo emocionante com mais de 50 vozes acompanhadas de orquestra. Um momento de celebra\u00e7\u00e3o, tradi\u00e7\u00e3o e muita energia natalina para todas as idades.<\/p>\n\n\n\n<p><strong>Data:<\/strong> 02\/12<\/p>\n\n\n\n<p><strong>Local:<\/strong> Teatro Bruno Nitz<\/p>\n\n\n\n<h2 class=\"wp-block-heading\"><strong>Gio Lisboa \u2013 Fora da Plateia<\/strong><\/h2>\n\n\n\n<p>O humorista apresenta seu formato imersivo, no qual o p\u00fablico se torna parte do show. Em uma mistura de com\u00e9dia, intera\u00e7\u00e3o e grava\u00e7\u00e3o de s\u00e9rie ao vivo, <a href=\"https:\/\/www.instagram.com\/ogiolisboa\/?hl=pt\" target=\"_blank\" rel=\"noopener\">Gio <\/a>entrega uma experi\u00eancia surpreendente.<\/p>\n\n\n\n<p><strong>Data:<\/strong> 06\/12<\/p>\n\n\n\n<p><strong>Local:<\/strong> Hotel Sibara Spa &amp; Conven\u00e7\u00f5es<\/p>\n\n\n\n<h2 class=\"wp-block-heading\"><strong>Breno Barreto na TG! \u2013 The Grand Beach Club<\/strong><\/h2>\n\n\n\n<p>O DJ chega ao The Grand com um set especial preparado para agitar os amantes do tribal. A noite tamb\u00e9m marca o retorno da festa Er\u00f3tica, sempre aguardada pelos frequentadores.<\/p>\n\n\n\n<p><strong>Data:<\/strong> 06\/12 a 07\/12<\/p>\n\n\n\n<p><strong>Local:<\/strong> The Grand Itaja\u00ed<\/p>\n\n\n\n<h2 class=\"wp-block-heading\"><strong>Warung Beach Club \u2013 Sasha &amp; John Digweed<\/strong><\/h2>\n\n\n\n<figure class=\"wp-block-image size-full\"><img fetchpriority=\"high\" decoding=\"async\" width=\"487\" height=\"279\" src=\"https:\/\/localconnect.com.br\/blog\/wp-content\/uploads\/2025\/11\/image-25.png\" alt=\"\" class=\"wp-image-9619\" title=\"\" srcset=\"https:\/\/localconnect.com.br\/blog\/wp-content\/uploads\/2025\/11\/image-25.png 487w, https:\/\/localconnect.com.br\/blog\/wp-content\/uploads\/2025\/11\/image-25-300x172.png 300w, https:\/\/localconnect.com.br\/blog\/wp-content\/uploads\/2025\/11\/image-25-150x86.png 150w\" sizes=\"(max-width: 487px) 100vw, 487px\" \/><\/figure>\n\n\n\n<p>O templo da m\u00fasica eletr\u00f4nica recebe uma das duplas mais ic\u00f4nicas da cena. A noite promete uma atmosfera intensa, unindo pista, natureza e vibra\u00e7\u00e3o \u00fanica.<\/p>\n\n\n\n<p><strong>Data:<\/strong> 06\/12<\/p>\n\n\n\n<p><strong>Local:<\/strong> Warung Beach Club<\/p>\n\n\n\n<h2 class=\"wp-block-heading\"><strong>GV Life Run \u2013 A Vida em um Novo Ritmo<\/strong><\/h2>\n\n\n\n<p>Com modalidades de 3km, 5km e 10km, a corrida tem largada na Greenvalley e conta com atra\u00e7\u00e3o musical na chegada, al\u00e9m da tradicional cerim\u00f4nia de premia\u00e7\u00e3o.<\/p>\n\n\n\n<p><strong>Data:<\/strong> 07\/12<\/p>\n\n\n\n<p><strong>Local:<\/strong> Greenvalley<\/p>\n\n\n\n<h2 class=\"wp-block-heading\"><strong>Bruna Louise \u2013 Show 07\/12<\/strong><\/h2>\n\n\n\n<figure class=\"wp-block-gallery has-nested-images columns-default is-cropped wp-block-gallery-1 is-layout-flex wp-block-gallery-is-layout-flex\">\n<figure class=\"wp-block-image size-large\"><img decoding=\"async\" width=\"1024\" height=\"576\" data-id=\"9620\" src=\"https:\/\/localconnect.com.br\/blog\/wp-content\/uploads\/2025\/11\/brua-louise-1024x576.webp\" alt=\"\" class=\"wp-image-9620\" title=\"\" srcset=\"https:\/\/localconnect.com.br\/blog\/wp-content\/uploads\/2025\/11\/brua-louise-1024x576.webp 1024w, https:\/\/localconnect.com.br\/blog\/wp-content\/uploads\/2025\/11\/brua-louise-300x169.webp 300w, https:\/\/localconnect.com.br\/blog\/wp-content\/uploads\/2025\/11\/brua-louise-768x432.webp 768w, https:\/\/localconnect.com.br\/blog\/wp-content\/uploads\/2025\/11\/brua-louise-150x84.webp 150w, https:\/\/localconnect.com.br\/blog\/wp-content\/uploads\/2025\/11\/brua-louise.webp 1280w\" sizes=\"(max-width: 1024px) 100vw, 1024px\" \/><\/figure>\n<\/figure>\n\n\n\n<p>A humorista retorna com um espet\u00e1culo cheio de autenticidade, hist\u00f3rias marcantes e muitas risadas, abordando empoderamento e viv\u00eancias pessoais.<\/p>\n\n\n\n<p><strong>Data:<\/strong> 07\/12<\/p>\n\n\n\n<p><strong>Local:<\/strong> Hotel Sibara<\/p>\n\n\n\n<h2 class=\"wp-block-heading\"><strong>Magia BC 2025 \u2013 FG Big Wheel<\/strong><\/h2>\n\n\n\n<p>A FG Big Wheel celebra cinco anos com um espet\u00e1culo gratuito no Pontal Norte, com arena montada na areia e um show nacional surpresa.<\/p>\n\n\n\n<p><strong>Data:<\/strong> 12\/12<\/p>\n\n\n\n<h2 class=\"wp-block-heading\"><strong>Teste de Fogos \u2013 R\u00e9veillon 2025<\/strong><\/h2>\n\n\n\n<p>O teste de fogos acontece no molhe do Pontal Norte entre 20h e 21h30, preparando o grande espet\u00e1culo da virada.<\/p>\n\n\n\n<p><strong>Data:<\/strong> 12\/12<\/p>\n\n\n\n<p><strong>Local:<\/strong> Pontal Norte<\/p>\n\n\n\n<h2 class=\"wp-block-heading\"><strong>Drift Fight \u2013 SpeedWay<\/strong><\/h2>\n\n\n\n<p>O SpeedWay Music Park recebe os melhores pilotos de Drift do pa\u00eds em uma noite de velocidade e adrenalina.<\/p>\n\n\n\n<p><strong>Data:<\/strong> 13\/12<\/p>\n\n\n\n<p><strong>Local:<\/strong> SpeedWay Music Park<\/p>\n\n\n\n<h2 class=\"wp-block-heading\"><strong>Banda Municipal In Concert<\/strong><\/h2>\n\n\n\n<p>A Pra\u00e7a da B\u00edblia recebe um concerto especial com m\u00fasicas natalinas e arranjos que encantam moradores e turistas.<\/p>\n\n\n\n<p><strong>Data:<\/strong> 18\/12&nbsp;<\/p>\n\n\n\n<p><strong>Local:<\/strong> Pra\u00e7a da B\u00edblia<\/p>\n\n\n\n<h2 class=\"wp-block-heading\"><strong>Caravana de Natal Coca-Cola<\/strong><\/h2>\n\n\n\n<p>Um dos momentos mais aguardados da temporada, com caminh\u00f5es iluminados que percorrem a Avenida Atl\u00e2ntica espalhando magia e nostalgia.<\/p>\n\n\n\n<p><strong>Data:<\/strong> 19\/12<\/p>\n\n\n\n<p><strong>Local:<\/strong> Avenida Atl\u00e2ntica<\/p>\n\n\n\n<h2 class=\"wp-block-heading\"><strong>Vozes de Natal \u2013 Coral no Hotel Sibara<\/strong><\/h2>\n\n\n\n<figure class=\"wp-block-image size-full\"><img decoding=\"async\" width=\"696\" height=\"483\" src=\"https:\/\/localconnect.com.br\/blog\/wp-content\/uploads\/2025\/11\/image-26.png\" alt=\"\" class=\"wp-image-9621\" title=\"\" srcset=\"https:\/\/localconnect.com.br\/blog\/wp-content\/uploads\/2025\/11\/image-26.png 696w, https:\/\/localconnect.com.br\/blog\/wp-content\/uploads\/2025\/11\/image-26-300x208.png 300w, https:\/\/localconnect.com.br\/blog\/wp-content\/uploads\/2025\/11\/image-26-150x104.png 150w\" sizes=\"(max-width: 696px) 100vw, 696px\" \/><\/figure>\n\n\n\n<p>Um espet\u00e1culo gratuito apresentado das sacadas do hotel, trazendo cl\u00e1ssicos natalinos em um formato tradicional da cidade.<\/p>\n\n\n\n<p><strong>Data:<\/strong> 19\/12<\/p>\n\n\n\n<p><strong>Local:<\/strong> Hotel Sibara<\/p>\n\n\n\n<h2 class=\"wp-block-heading\"><strong>Kiss Cover \u2013 Parasite Kiss<\/strong><\/h2>\n\n\n\n<p>A Balb\u00fardia Cervejaria recebe um especial de rock com tributo \u00e0 lend\u00e1ria banda Kiss.<\/p>\n\n\n\n<p><strong>Data:<\/strong> 21\/12<\/p>\n\n\n\n<p><strong>Local:<\/strong> Balb\u00fardia Cervejaria<\/p>\n\n\n\n<h2 class=\"wp-block-heading\"><strong>Natal Cristo Luz 2025<\/strong><\/h2>\n\n\n\n<p>O complexo tur\u00edstico recebe programa\u00e7\u00e3o natalina especial, com ilumina\u00e7\u00e3o tem\u00e1tica e mensagem de paz e uni\u00e3o.<\/p>\n\n\n\n<p><strong>Data:<\/strong> 24\/12 e 25\/12<\/p>\n\n\n\n<p><strong>Local:<\/strong> Cristo Luz<\/p>\n\n\n\n<h2 class=\"wp-block-heading\"><strong>Churrasco On Fire<\/strong><\/h2>\n\n\n\n<p>O maior evento gastron\u00f4mico musical do Brasil retorna com grandes chefs, cortes especiais e atra\u00e7\u00f5es musicais.<\/p>\n\n\n\n<p><strong>Data:<\/strong> Em dezembro (pr\u00e9-venda antecipada)<\/p>\n\n\n\n<h2 class=\"wp-block-heading\"><strong>Show Nacional 2ZDinizz \u2013 Hike Brava Beach Club<\/strong><\/h2>\n\n\n\n<p>Um dos grandes nomes do trap brasileiro agita a Praia Brava com repert\u00f3rio cheio de hits.<\/p>\n\n\n\n<p><strong>Data:<\/strong> 27\/12<\/p>\n\n\n\n<p><strong>Local:<\/strong> Hike Brava Beach Club<\/p>\n\n\n\n<h2 class=\"wp-block-heading\"><strong>Dominguinho \u2013 Live Music Park BC<\/strong><\/h2>\n\n\n\n<p>Uma noite dedicada ao forr\u00f3 tradicional, celebrando o legado de Dominguinhos com muito xote, bai\u00e3o e poesia.<\/p>\n\n\n\n<p><strong>Data:<\/strong> 28\/12 e 29\/12<\/p>\n\n\n\n<p><strong>Local:<\/strong> LIVE Music Park BC<\/p>\n\n\n\n<h2 class=\"wp-block-heading\"><strong>The Forest \u2013 Hugo &amp; Guilherme<\/strong><\/h2>\n\n\n\n<p>A dupla sertaneja apresenta uma edi\u00e7\u00e3o especial do projeto The Forest, unindo m\u00fasica e cenografia tem\u00e1tica.<\/p>\n\n\n\n<p><strong>Data:<\/strong> 28\/12 a 30\/12<\/p>\n\n\n\n<p><strong>Local:<\/strong> The Forest Cambori\u00fa<\/p>\n\n\n\n<h2 class=\"wp-block-heading\"><strong>Caio Morelli \u2013 Busca do Match Perfeito<\/strong><\/h2>\n\n\n\n<p>Um show interativo que mistura romance, humor e participa\u00e7\u00e3o do p\u00fablico em din\u00e2micas ao vivo.<\/p>\n\n\n\n<p><strong>Data:<\/strong> 29\/12<\/p>\n\n\n\n<p><strong>Local:<\/strong> Por\u00e3o Comedy Club<\/p>\n\n\n\n<h2 class=\"wp-block-heading\"><strong>Jorge e Mateus \u2013 Turn\u00ea de Despedida<\/strong><\/h2>\n\n\n\n<p>A dupla traz a turn\u00ea \u201cA Nossa Hist\u00f3ria \u00e9 Arrepio\u201d para BC, marcando um momento hist\u00f3rico antes da pausa na carreira.<\/p>\n\n\n\n<p><strong>Data:<\/strong> 29\/12 e 30\/12<\/p>\n\n\n\n<p><strong>Local:<\/strong> Maria\u2019s Eventos<\/p>\n\n\n\n<h2 class=\"wp-block-heading\"><strong>Atitude 67 \u2013 Shed BC<\/strong><\/h2>\n\n\n\n<p>O grupo leva sua mistura de samba e pagode para animar a Shed em mais uma noite de muito alto-astral.<\/p>\n\n\n\n<p><strong>Data:<\/strong> 29\/12 e 30\/12<\/p>\n\n\n\n<p><strong>Local:<\/strong> Shed BC<\/p>\n\n\n\n<h2 class=\"wp-block-heading\"><strong>Surreal \u2013 4 Years Festival<\/strong><\/h2>\n\n\n\n<p>Cinco palcos, m\u00fasica contempor\u00e2nea e uma estrutura monumental fazem do Surreal um dos maiores festivais da regi\u00e3o.<\/p>\n\n\n\n<p><strong>Data:<\/strong> 29\/12<\/p>\n\n\n\n<p><strong>Local:<\/strong> Surreal Park<\/p>\n\n\n\n<h2 class=\"wp-block-heading\"><strong>C\u00ea T\u00e1 Doido \u2013 Expocentro<\/strong><\/h2>\n\n\n\n<p>A festa chega ao Expocentro com irrever\u00eancia e energia, prometendo uma noite intensa para fechar o m\u00eas.<\/p>\n\n\n\n<p><strong>Data:<\/strong> 30\/12<\/p>\n\n\n\n<p><strong>Local:<\/strong> Expocentro BC<\/p>\n\n\n\n<h2 class=\"wp-block-heading\"><strong>The Forest \u2013 Menos \u00e9 Mais &amp; P\u00e9ricles<\/strong><\/h2>\n\n\n\n<p>Uma noite especial com dois nomes consagrados do pagode brasileiro, em formato premium e imersivo.<\/p>\n\n\n\n<p><strong>Data:<\/strong> 30\/12 e 31\/12<\/p>\n\n\n\n<p><strong>Local:<\/strong> The Forest Cambori\u00fa<\/p>\n\n\n\n<h2 class=\"wp-block-heading\"><strong>R\u00e9veillon Cristo Luz 2026<\/strong><\/h2>\n\n\n\n<p>Jantar especial, espumante \u00e0 meia-noite e vista privilegiada da queima de fogos em um dos cart\u00f5es-postais mais famosos do Brasil.<\/p>\n\n\n\n<p><strong>Data:<\/strong> 31\/12<\/p>\n\n\n\n<p><strong>Local:<\/strong> Cristo Luz<\/p>\n\n\n\n<h2 class=\"wp-block-heading\"><strong>R\u00e9veillon The Forest Cambori\u00fa<\/strong><\/h2>\n\n\n\n<p>Uma virada all inclusive com line-up variado e produ\u00e7\u00e3o impec\u00e1vel para receber 2026 em grande estilo.<\/p>\n\n\n\n<p><strong>Data:<\/strong> 31\/12<\/p>\n\n\n\n<p><strong>Local:<\/strong> The Forest Cambori\u00fa<\/p>\n\n\n\n<p>Os <strong>eventos em Balne\u00e1rio Cambori\u00fa em dezembro<\/strong> se tornaram parte essencial da identidade tur\u00edstica da cidade. Shows, esporte, cultura e celebra\u00e7\u00f5es transformam o m\u00eas em um per\u00edodo cheio de op\u00e7\u00f5es.&nbsp;<\/p>\n\n\n\n<p>Portanto, para quem visita, os <strong>eventos em Balne\u00e1rio Cambori\u00fa em dezembro<\/strong> garantem dias intensos e noites memor\u00e1veis, reunindo m\u00fasica, natal, gastronomia e festivais de grande porte.<\/p>\n<div class=\"pld-like-dislike-wrap pld-custom\">\r\n    <div class=\"pld-like-wrap  pld-common-wrap\">\r\n    <a href=\"javascript:void(0)\" class=\"pld-like-trigger pld-like-dislike-trigger  \" title=\"\" data-post-id=\"9616\" data-trigger-type=\"like\" data-restriction=\"no\" data-already-liked=\"0\">\r\n                            <img src=\"https:\/\/localconnect.com.br\/blog\/wp-content\/uploads\/2024\/02\/like-1-2.png\" alt=\"\" \/>\r\n            <\/a>\r\n    <span class=\"pld-like-count-wrap pld-count-wrap\">    <\/span>\r\n<\/div><div class=\"pld-dislike-wrap  pld-common-wrap\">\r\n    <a href=\"javascript:void(0)\" class=\"pld-dislike-trigger pld-like-dislike-trigger  \" title=\"\" data-post-id=\"9616\" data-trigger-type=\"dislike\" data-restriction=\"no\" data-already-liked=\"0\">\r\n                            <img src=\"https:\/\/localconnect.com.br\/blog\/wp-content\/uploads\/2024\/02\/image-2.png\" alt=\"\" \/>\r\n            <\/a>\r\n    <span class=\"pld-dislike-count-wrap pld-count-wrap\"><\/span>\r\n<\/div><\/div>","protected":false},"excerpt":{"rendered":"<p>A temporada de final de ano sempre movimenta a cidade, e os eventos em Balne\u00e1rio Cambori\u00fa em dezembro deixam ainda mais claro por que o destino se tornou refer\u00eancia em turismo, cultura, m\u00fasica e celebra\u00e7\u00f5es natalinas. A seguir, voc\u00ea confere uma programa\u00e7\u00e3o completa para aproveitar cada dia desse m\u00eas festivo. Desfile \u201cMinha Noite de Natal\u201d [&hellip;]<\/p>\n","protected":false},"author":3,"featured_media":9618,"comment_status":"open","ping_status":"open","sticky":false,"template":"","format":"standard","meta":{"_joinchat":[],"footnotes":""},"categories":[30,68,29],"tags":[],"class_list":["post-9616","post","type-post","status-publish","format-standard","has-post-thumbnail","hentry","category-balneario-camboriu","category-agenda-de-eventos","category-santa-catarina"],"_links":{"self":[{"href":"https:\/\/localconnect.com.br\/blog\/wp-json\/wp\/v2\/posts\/9616","targetHints":{"allow":["GET"]}}],"collection":[{"href":"https:\/\/localconnect.com.br\/blog\/wp-json\/wp\/v2\/posts"}],"about":[{"href":"https:\/\/localconnect.com.br\/blog\/wp-json\/wp\/v2\/types\/post"}],"author":[{"embeddable":true,"href":"https:\/\/localconnect.com.br\/blog\/wp-json\/wp\/v2\/users\/3"}],"replies":[{"embeddable":true,"href":"https:\/\/localconnect.com.br\/blog\/wp-json\/wp\/v2\/comments?post=9616"}],"version-history":[{"count":0,"href":"https:\/\/localconnect.com.br\/blog\/wp-json\/wp\/v2\/posts\/9616\/revisions"}],"wp:featuredmedia":[{"embeddable":true,"href":"https:\/\/localconnect.com.br\/blog\/wp-json\/wp\/v2\/media\/9618"}],"wp:attachment":[{"href":"https:\/\/localconnect.com.br\/blog\/wp-json\/wp\/v2\/media?parent=9616"}],"wp:term":[{"taxonomy":"category","embeddable":true,"href":"https:\/\/localconnect.com.br\/blog\/wp-json\/wp\/v2\/categories?post=9616"},{"taxonomy":"post_tag","embeddable":true,"href":"https:\/\/localconnect.com.br\/blog\/wp-json\/wp\/v2\/tags?post=9616"}],"curies":[{"name":"wp","href":"https:\/\/api.w.org\/{rel}","templated":true}]}}