{"id":9641,"date":"2025-11-26T13:31:56","date_gmt":"2025-11-26T16:31:56","guid":{"rendered":"https:\/\/localconnect.com.br\/blog\/?p=9641"},"modified":"2025-11-26T13:31:57","modified_gmt":"2025-11-26T16:31:57","slug":"balneario-inicia-peneiramento-da-praia-central-entenda-mais","status":"publish","type":"post","link":"https:\/\/localconnect.com.br\/blog\/santa-catarina\/balneario-camboriu\/balneario-inicia-peneiramento-da-praia-central-entenda-mais\/","title":{"rendered":"Balne\u00e1rio inicia peneiramento da Praia Central; Entenda mais"},"content":{"rendered":"\n<p>No in\u00edcio da semana, vBalne\u00e1rio Cambori\u00fa iniciou uma nova etapa dentro do grande pacote de obras de infraestrutura voltadas \u00e0 prote\u00e7\u00e3o da orla. O <strong>peneiramento da Praia Central<\/strong> come\u00e7a oficialmente, trazendo uma a\u00e7\u00e3o in\u00e9dita desde o alargamento da faixa de areia realizado em 2021.&nbsp;<\/p>\n\n\n\n<p>O procedimento surge como resposta aos res\u00edduos que se tornaram vis\u00edveis ap\u00f3s a movimenta\u00e7\u00e3o do solo provocada pelo avan\u00e7o da macrodrenagem. A <a href=\"https:\/\/www.bc.sc.gov.br\/\" target=\"_blank\" rel=\"noopener\">prefeitura <\/a>confirma que a interven\u00e7\u00e3o ter\u00e1 dura\u00e7\u00e3o de aproximadamente duas semanas, per\u00edodo em que m\u00e1quinas especializadas ir\u00e3o percorrer o trecho compreendido entre o Pontal Norte e a regi\u00e3o pr\u00f3xima \u00e0 Avenida Alvin Bauer.<\/p>\n\n\n\n<p>Para realizar o peneiramento da Praia Central, ser\u00e3o utilizadas uma patrola, uma retroescavadeira e uma escavadeira equipada com p\u00e1 peneirada, tecnologia capaz de separar areia limpa de materiais maiores, garantindo mais seguran\u00e7a aos usu\u00e1rios da orla.<\/p>\n\n\n\n<p>Al\u00e9m da retirada de res\u00edduos, algumas \u00e1reas da faixa de areia tamb\u00e9m ser\u00e3o niveladas pelas equipes t\u00e9cnicas. Por consequ\u00eancia, as quadras esportivas instaladas no trecho tiveram de ser removidas e s\u00f3 retornar\u00e3o ap\u00f3s a conclus\u00e3o de todos os servi\u00e7os previstos.<\/p>\n\n\n\n<h2 class=\"wp-block-heading\"><strong>Macrodrenagem avan\u00e7a e transforma a orla de Balne\u00e1rio Cambori\u00fa<\/strong><\/h2>\n\n\n\n<figure class=\"wp-block-gallery has-nested-images columns-default is-cropped wp-block-gallery-1 is-layout-flex wp-block-gallery-is-layout-flex\">\n<figure class=\"wp-block-image size-large\"><img fetchpriority=\"high\" decoding=\"async\" width=\"1024\" height=\"574\" data-id=\"9646\" src=\"https:\/\/localconnect.com.br\/blog\/wp-content\/uploads\/2025\/11\/Peneiramento-1024x574.jpg\" alt=\"\" class=\"wp-image-9646\" title=\"\" srcset=\"https:\/\/localconnect.com.br\/blog\/wp-content\/uploads\/2025\/11\/Peneiramento-1024x574.jpg 1024w, https:\/\/localconnect.com.br\/blog\/wp-content\/uploads\/2025\/11\/Peneiramento-300x168.jpg 300w, https:\/\/localconnect.com.br\/blog\/wp-content\/uploads\/2025\/11\/Peneiramento-768x430.jpg 768w, https:\/\/localconnect.com.br\/blog\/wp-content\/uploads\/2025\/11\/Peneiramento-150x84.jpg 150w, https:\/\/localconnect.com.br\/blog\/wp-content\/uploads\/2025\/11\/Peneiramento.jpg 1080w\" sizes=\"(max-width: 1024px) 100vw, 1024px\" \/><\/figure>\n<\/figure>\n\n\n\n<p>O peneiramento da Praia Central integra o pacote de R$ 53 milh\u00f5es destinado \u00e0 macrodrenagem da regi\u00e3o, considerada uma das obras mais importantes para o controle das \u00e1guas pluviais no centro da cidade. A interven\u00e7\u00e3o \u00e9 respons\u00e1vel por evitar alagamentos hist\u00f3ricos, especialmente em per\u00edodos de chuva intensa e durante a temporada de ver\u00e3o, quando o fluxo de moradores e turistas aumenta significativamente.<\/p>\n\n\n\n<p>At\u00e9 o momento, a etapa Norte da macrodrenagem j\u00e1 recebeu 5.290 blocos de concreto armado, que comp\u00f5em as galerias subterr\u00e2neas instaladas ao longo de 2,4 quil\u00f4metros. Uma das principais caracter\u00edsticas dessas estruturas \u00e9 a presen\u00e7a de extravasores de emerg\u00eancia, que funcionam como v\u00e1lvulas de al\u00edvio para situa\u00e7\u00f5es de alto volume de \u00e1gua, reduzindo drasticamente o risco de enchentes repentinas.<\/p>\n\n\n\n<p>Mesmo com 40% da obra conclu\u00edda, o munic\u00edpio adiantou que parte das atividades ser\u00e1 pausada durante a alta temporada, quando a orla recebe milhares de visitantes diariamente. Ap\u00f3s o ver\u00e3o, os trabalhos devem ser retomados at\u00e9 que todo o sistema esteja finalizado e em plena opera\u00e7\u00e3o.<\/p>\n\n\n\n<h2 class=\"wp-block-heading\"><strong>Por que o peneiramento \u00e9 necess\u00e1rio para a manuten\u00e7\u00e3o da praia?<\/strong><\/h2>\n\n\n\n<p>O peneiramento da Praia Central n\u00e3o \u00e9 apenas um servi\u00e7o de limpeza, ele integra uma estrat\u00e9gia maior de preserva\u00e7\u00e3o da faixa alargada e de manuten\u00e7\u00e3o da qualidade do balne\u00e1rio. Com a movimenta\u00e7\u00e3o do solo para a instala\u00e7\u00e3o das galerias de macrodrenagem, pequenas part\u00edculas e res\u00edduos acabam emergindo, e a remo\u00e7\u00e3o manual seria insuficiente para garantir a seguran\u00e7a de quem frequenta a orla.<\/p>\n\n\n\n<p>O processo mec\u00e2nico, ao separar a areia dos materiais indesejados, devolve \u00e0 praia um padr\u00e3o adequado para uso recreativo e esportivo. A iniciativa tamb\u00e9m prepara o local para a temporada de ver\u00e3o, per\u00edodo em que a Praia Central se torna um dos pontos mais visitados do litoral catarinense.<\/p>\n\n\n\n<p>Al\u00e9m disso, a prefeitura refor\u00e7a que a macrodrenagem funciona como base para as futuras etapas de revitaliza\u00e7\u00e3o da orla. Sem as estruturas subterr\u00e2neas que conduzem e drenam a \u00e1gua corretamente, o novo desenho da praia n\u00e3o poderia ser mantido com seguran\u00e7a ao longo dos anos. Por isso, o peneiramento da Praia Central \u00e9 essencial dentro do conjunto de a\u00e7\u00f5es que buscam preservar a beleza e a funcionalidade do cart\u00e3o-postal.<\/p>\n\n\n\n<p>Leia tamb\u00e9m: <a href=\"https:\/\/localconnect.com.br\/blog\/santa-catarina\/balneario-camboriu\/morro-do-careca-em-balneario-como-chegar-e-muito-mais\/\"> Morro do Careca em Balne\u00e1rio: Como chegar e muito mais<\/a><\/p>\n<div class=\"pld-like-dislike-wrap pld-custom\">\r\n    <div class=\"pld-like-wrap  pld-common-wrap\">\r\n    <a href=\"javascript:void(0)\" class=\"pld-like-trigger pld-like-dislike-trigger  \" title=\"\" data-post-id=\"9641\" data-trigger-type=\"like\" data-restriction=\"no\" data-already-liked=\"0\">\r\n                            <img src=\"https:\/\/localconnect.com.br\/blog\/wp-content\/uploads\/2024\/02\/like-1-2.png\" alt=\"\" \/>\r\n            <\/a>\r\n    <span class=\"pld-like-count-wrap pld-count-wrap\">    <\/span>\r\n<\/div><div class=\"pld-dislike-wrap  pld-common-wrap\">\r\n    <a href=\"javascript:void(0)\" class=\"pld-dislike-trigger pld-like-dislike-trigger  \" title=\"\" data-post-id=\"9641\" data-trigger-type=\"dislike\" data-restriction=\"no\" data-already-liked=\"0\">\r\n                            <img src=\"https:\/\/localconnect.com.br\/blog\/wp-content\/uploads\/2024\/02\/image-2.png\" alt=\"\" \/>\r\n            <\/a>\r\n    <span class=\"pld-dislike-count-wrap pld-count-wrap\"><\/span>\r\n<\/div><\/div>","protected":false},"excerpt":{"rendered":"<p>No in\u00edcio da semana, vBalne\u00e1rio Cambori\u00fa iniciou uma nova etapa dentro do grande pacote de obras de infraestrutura voltadas \u00e0 prote\u00e7\u00e3o da orla. O peneiramento da Praia Central come\u00e7a oficialmente, trazendo uma a\u00e7\u00e3o in\u00e9dita desde o alargamento da faixa de areia realizado em 2021.&nbsp; O procedimento surge como resposta aos res\u00edduos que se tornaram vis\u00edveis [&hellip;]<\/p>\n","protected":false},"author":3,"featured_media":9643,"comment_status":"open","ping_status":"open","sticky":false,"template":"","format":"standard","meta":{"_joinchat":[],"footnotes":""},"categories":[30,29],"tags":[],"class_list":["post-9641","post","type-post","status-publish","format-standard","has-post-thumbnail","hentry","category-balneario-camboriu","category-santa-catarina"],"_links":{"self":[{"href":"https:\/\/localconnect.com.br\/blog\/wp-json\/wp\/v2\/posts\/9641","targetHints":{"allow":["GET"]}}],"collection":[{"href":"https:\/\/localconnect.com.br\/blog\/wp-json\/wp\/v2\/posts"}],"about":[{"href":"https:\/\/localconnect.com.br\/blog\/wp-json\/wp\/v2\/types\/post"}],"author":[{"embeddable":true,"href":"https:\/\/localconnect.com.br\/blog\/wp-json\/wp\/v2\/users\/3"}],"replies":[{"embeddable":true,"href":"https:\/\/localconnect.com.br\/blog\/wp-json\/wp\/v2\/comments?post=9641"}],"version-history":[{"count":0,"href":"https:\/\/localconnect.com.br\/blog\/wp-json\/wp\/v2\/posts\/9641\/revisions"}],"wp:featuredmedia":[{"embeddable":true,"href":"https:\/\/localconnect.com.br\/blog\/wp-json\/wp\/v2\/media\/9643"}],"wp:attachment":[{"href":"https:\/\/localconnect.com.br\/blog\/wp-json\/wp\/v2\/media?parent=9641"}],"wp:term":[{"taxonomy":"category","embeddable":true,"href":"https:\/\/localconnect.com.br\/blog\/wp-json\/wp\/v2\/categories?post=9641"},{"taxonomy":"post_tag","embeddable":true,"href":"https:\/\/localconnect.com.br\/blog\/wp-json\/wp\/v2\/tags?post=9641"}],"curies":[{"name":"wp","href":"https:\/\/api.w.org\/{rel}","templated":true}]}}