{"id":9648,"date":"2025-11-26T17:45:12","date_gmt":"2025-11-26T20:45:12","guid":{"rendered":"https:\/\/localconnect.com.br\/blog\/?p=9648"},"modified":"2025-11-26T17:45:13","modified_gmt":"2025-11-26T20:45:13","slug":"ana-castela-em-balneario-camboriu-reune-multidao-na-praia-central","status":"publish","type":"post","link":"https:\/\/localconnect.com.br\/blog\/santa-catarina\/balneario-camboriu\/ana-castela-em-balneario-camboriu-reune-multidao-na-praia-central\/","title":{"rendered":"Ana Castela em Balne\u00e1rio Cambori\u00fa re\u00fane multid\u00e3o na Praia Central"},"content":{"rendered":"\n<p>A presen\u00e7a de Ana Castela em Balne\u00e1rio Cambori\u00fa marcou a ter\u00e7a-feira (25) na Praia Central, que mais uma vez virou cen\u00e1rio para grandes produ\u00e7\u00f5es ap\u00f3s o alargamento conclu\u00eddo no Litoral Norte de Santa Catarina.&nbsp;<\/p>\n\n\n\n<p>A artista chegou \u00e0 cidade para gravar o projeto AgroPlay Ver\u00e3o in BC e rapidamente atraiu moradores, turistas e curiosos ao longo da orla, especialmente no trecho da Barra Sul onde o palco foi montado. O local, conhecido pelos arranha-c\u00e9us e pelo fluxo intenso de visitantes, recebeu estrutura especial e teve parte da faixa de areia isolada para as filmagens.<\/p>\n\n\n\n<p>Durante a chegada, Ana cumprimentou o p\u00fablico, tirou fotos e demonstrou bom humor, refor\u00e7ando a forte conex\u00e3o com os f\u00e3s. O clima ensolarado favoreceu a produ\u00e7\u00e3o, que exigiu troca de figurinos diretamente na areia, pr\u00e1tica comum em grava\u00e7\u00f5es externas para aproveitar a luz natural e agilizar o processo. As movimenta\u00e7\u00f5es chamaram aten\u00e7\u00e3o desde as primeiras horas da tarde e se intensificaram com a aproxima\u00e7\u00e3o da cantora ao palco.<\/p>\n\n\n\n<h2 class=\"wp-block-heading\"><strong>Intera\u00e7\u00e3o com a Cavalaria da PM marca bastidores<\/strong><\/h2>\n\n\n\n<p>Um dos momentos mais comentados do dia ocorreu quando a boiadeira posou ao lado da Cavalaria da Pol\u00edcia Militar. O encontro rendeu v\u00eddeos que rapidamente circularam nas redes sociais e ampliaram a repercuss\u00e3o de Ana Castela em <a href=\"https:\/\/pt.wikipedia.org\/wiki\/Balne%C3%A1rio_Cambori%C3%BA\" target=\"_blank\" rel=\"noopener\">Balne\u00e1rio Cambori\u00fa.\u00a0<\/a><\/p>\n\n\n\n<p>Nas imagens divulgadas pelo 12\u00ba Batalh\u00e3o, a cantora aparece sorrindo, conversando com os policiais e acariciando os cavalos, refor\u00e7ando a personalidade ligada ao universo agro que domina sua identidade art\u00edstica.<\/p>\n\n\n\n<p>A apari\u00e7\u00e3o ao lado da corpora\u00e7\u00e3o gerou curiosidade entre os presentes e virou assunto entre moradores que acompanharam as grava\u00e7\u00f5es.&nbsp;<\/p>\n\n\n\n<h2 class=\"wp-block-heading\"><strong>Novas m\u00fasicas e participa\u00e7\u00e3o de convidados durante as grava\u00e7\u00f5es<\/strong><\/h2>\n\n\n\n<figure class=\"wp-block-gallery has-nested-images columns-default is-cropped wp-block-gallery-1 is-layout-flex wp-block-gallery-is-layout-flex\">\n<figure class=\"wp-block-image size-large\"><img fetchpriority=\"high\" decoding=\"async\" width=\"1024\" height=\"683\" data-id=\"9651\" src=\"https:\/\/localconnect.com.br\/blog\/wp-content\/uploads\/2025\/11\/Ana-Castela-em-Balneario-Camboriu-1024x683.jpg\" alt=\"\" class=\"wp-image-9651\" title=\"\" srcset=\"https:\/\/localconnect.com.br\/blog\/wp-content\/uploads\/2025\/11\/Ana-Castela-em-Balneario-Camboriu-1024x683.jpg 1024w, https:\/\/localconnect.com.br\/blog\/wp-content\/uploads\/2025\/11\/Ana-Castela-em-Balneario-Camboriu-300x200.jpg 300w, https:\/\/localconnect.com.br\/blog\/wp-content\/uploads\/2025\/11\/Ana-Castela-em-Balneario-Camboriu-768x512.jpg 768w, https:\/\/localconnect.com.br\/blog\/wp-content\/uploads\/2025\/11\/Ana-Castela-em-Balneario-Camboriu-1536x1024.jpg 1536w, https:\/\/localconnect.com.br\/blog\/wp-content\/uploads\/2025\/11\/Ana-Castela-em-Balneario-Camboriu-150x100.jpg 150w, https:\/\/localconnect.com.br\/blog\/wp-content\/uploads\/2025\/11\/Ana-Castela-em-Balneario-Camboriu.jpg 1599w\" sizes=\"(max-width: 1024px) 100vw, 1024px\" \/><\/figure>\n<\/figure>\n\n\n\n<p>O palco montado na Barra Sul reuniu n\u00e3o apenas Ana Castela, mas tamb\u00e9m outros nomes da m\u00fasica que integram o projeto da gravadora AgroPlay. Entre eles, o namorado da cantora, Z\u00e9 Felipe, que tamb\u00e9m esteve presente no local. A intera\u00e7\u00e3o do casal arrancou rea\u00e7\u00f5es animadas do p\u00fablico, que se posicionou atr\u00e1s das grades instaladas pela produ\u00e7\u00e3o.<\/p>\n\n\n\n<p>Durante as filmagens, Ana ouviu uma crian\u00e7a contar que fazia anivers\u00e1rio e utilizou o microfone para desejar parab\u00e9ns \u00e0 pequena f\u00e3, gesto que emocionou quem acompanhava a cena. Logo depois, ela seguiu para as grava\u00e7\u00f5es de faixas in\u00e9ditas, entre elas \u201cN\u00e3o quero I love you, quero Cambori\u00fa\u201d, que deve ser uma das apostas para o ver\u00e3o. Outra m\u00fasica destacada nas imagens divulgadas traz o refr\u00e3o \u201c\u00c1gua de coco, \u00e1gua salgada, era sol que me faltava\u201d, refor\u00e7ando a est\u00e9tica quente e praiana adotada pela produ\u00e7\u00e3o.<\/p>\n\n\n\n<p>A divulga\u00e7\u00e3o feita pela AgroPlay posteriormente mostrou trechos dos bastidores e evidenciou a dimens\u00e3o da estrutura envolvida. A \u00e1rea vip montada na areia reuniu convidados, equipe t\u00e9cnica e parceiros do projeto, enquanto dezenas de curiosos acompanhavam as movimenta\u00e7\u00f5es da cerca de prote\u00e7\u00e3o.<\/p>\n\n\n\n<h2 class=\"wp-block-heading\"><strong>Impacto das grava\u00e7\u00f5es na cidade e repercuss\u00e3o nas redes<\/strong><\/h2>\n\n\n\n<p>A presen\u00e7a de Ana Castela em Balne\u00e1rio Cambori\u00fa movimentou n\u00e3o apenas a orla, mas tamb\u00e9m as redes sociais. Moradores publicaram v\u00eddeos, fotos e relatos sobre o momento em que a artista passou pela cidade, refor\u00e7ando o papel de BC como palco de atra\u00e7\u00f5es culturais e audiovisuais.&nbsp;<\/p>\n\n\n\n<p>A escolha da Praia Central para o projeto refor\u00e7a a identifica\u00e7\u00e3o da cantora com ambientes ao ar livre e cen\u00e1rios de destaque tur\u00edstico.<\/p>\n\n\n\n<p>Com a repercuss\u00e3o, o nome de Ana Castela em Balne\u00e1rio Cambori\u00fa circulou entre portais, perfis de entretenimento e p\u00e1ginas locais, aumentando a visibilidade tanto do projeto quanto da pr\u00f3pria cidade. A iniciativa consolidou mais um cap\u00edtulo da rela\u00e7\u00e3o da artista com Santa Catarina, j\u00e1 reconhecida por reunir grande p\u00fablico em suas apresenta\u00e7\u00f5es no Estado.<\/p>\n\n\n\n<p>A expectativa agora \u00e9 pela divulga\u00e7\u00e3o completa do material, que deve refor\u00e7ar o cen\u00e1rio litor\u00e2neo e apresentar a est\u00e9tica ensolarada que guiou as grava\u00e7\u00f5es. O p\u00fablico que acompanhou tudo de perto j\u00e1 demonstra ansiedade pelas novidades que vir\u00e3o, enquanto as imagens registradas ao longo do dia seguem repercutindo entre f\u00e3s de todo o pa\u00eds.<\/p>\n\n\n\n<p>Leia tamb\u00e9m: <a href=\"https:\/\/localconnect.com.br\/blog\/santa-catarina\/balneario-camboriu\/balneario-inicia-peneiramento-da-praia-central-entenda-mais\/\">Balne\u00e1rio inicia peneiramento da Praia Central; Entenda mais<\/a><\/p>\n<div class=\"pld-like-dislike-wrap pld-custom\">\r\n    <div class=\"pld-like-wrap  pld-common-wrap\">\r\n    <a href=\"javascript:void(0)\" class=\"pld-like-trigger pld-like-dislike-trigger  \" title=\"\" data-post-id=\"9648\" data-trigger-type=\"like\" data-restriction=\"no\" data-already-liked=\"0\">\r\n                            <img src=\"https:\/\/localconnect.com.br\/blog\/wp-content\/uploads\/2024\/02\/like-1-2.png\" alt=\"\" \/>\r\n            <\/a>\r\n    <span class=\"pld-like-count-wrap pld-count-wrap\">    <\/span>\r\n<\/div><div class=\"pld-dislike-wrap  pld-common-wrap\">\r\n    <a href=\"javascript:void(0)\" class=\"pld-dislike-trigger pld-like-dislike-trigger  \" title=\"\" data-post-id=\"9648\" data-trigger-type=\"dislike\" data-restriction=\"no\" data-already-liked=\"0\">\r\n                            <img src=\"https:\/\/localconnect.com.br\/blog\/wp-content\/uploads\/2024\/02\/image-2.png\" alt=\"\" \/>\r\n            <\/a>\r\n    <span class=\"pld-dislike-count-wrap pld-count-wrap\"><\/span>\r\n<\/div><\/div>","protected":false},"excerpt":{"rendered":"<p>A presen\u00e7a de Ana Castela em Balne\u00e1rio Cambori\u00fa marcou a ter\u00e7a-feira (25) na Praia Central, que mais uma vez virou cen\u00e1rio para grandes produ\u00e7\u00f5es ap\u00f3s o alargamento conclu\u00eddo no Litoral Norte de Santa Catarina.&nbsp; A artista chegou \u00e0 cidade para gravar o projeto AgroPlay Ver\u00e3o in BC e rapidamente atraiu moradores, turistas e curiosos ao [&hellip;]<\/p>\n","protected":false},"author":3,"featured_media":9650,"comment_status":"open","ping_status":"open","sticky":false,"template":"","format":"standard","meta":{"_joinchat":[],"footnotes":""},"categories":[30,29],"tags":[],"class_list":["post-9648","post","type-post","status-publish","format-standard","has-post-thumbnail","hentry","category-balneario-camboriu","category-santa-catarina"],"_links":{"self":[{"href":"https:\/\/localconnect.com.br\/blog\/wp-json\/wp\/v2\/posts\/9648","targetHints":{"allow":["GET"]}}],"collection":[{"href":"https:\/\/localconnect.com.br\/blog\/wp-json\/wp\/v2\/posts"}],"about":[{"href":"https:\/\/localconnect.com.br\/blog\/wp-json\/wp\/v2\/types\/post"}],"author":[{"embeddable":true,"href":"https:\/\/localconnect.com.br\/blog\/wp-json\/wp\/v2\/users\/3"}],"replies":[{"embeddable":true,"href":"https:\/\/localconnect.com.br\/blog\/wp-json\/wp\/v2\/comments?post=9648"}],"version-history":[{"count":0,"href":"https:\/\/localconnect.com.br\/blog\/wp-json\/wp\/v2\/posts\/9648\/revisions"}],"wp:featuredmedia":[{"embeddable":true,"href":"https:\/\/localconnect.com.br\/blog\/wp-json\/wp\/v2\/media\/9650"}],"wp:attachment":[{"href":"https:\/\/localconnect.com.br\/blog\/wp-json\/wp\/v2\/media?parent=9648"}],"wp:term":[{"taxonomy":"category","embeddable":true,"href":"https:\/\/localconnect.com.br\/blog\/wp-json\/wp\/v2\/categories?post=9648"},{"taxonomy":"post_tag","embeddable":true,"href":"https:\/\/localconnect.com.br\/blog\/wp-json\/wp\/v2\/tags?post=9648"}],"curies":[{"name":"wp","href":"https:\/\/api.w.org\/{rel}","templated":true}]}}