{"id":9710,"date":"2025-12-03T21:48:55","date_gmt":"2025-12-04T00:48:55","guid":{"rendered":"https:\/\/localconnect.com.br\/blog\/?p=9710"},"modified":"2025-12-03T21:48:57","modified_gmt":"2025-12-04T00:48:57","slug":"expocentro-em-balneario-camboriu-localizacao-estrutura-e-funcionamento","status":"publish","type":"post","link":"https:\/\/localconnect.com.br\/blog\/santa-catarina\/balneario-camboriu\/expocentro-em-balneario-camboriu-localizacao-estrutura-e-funcionamento\/","title":{"rendered":"Expocentro em Balne\u00e1rio Cambori\u00fa: Localiza\u00e7\u00e3o, estrutura e funcionamento"},"content":{"rendered":"\n<p>O <strong>Expocentro em Balne\u00e1rio Cambori\u00fa<\/strong> \u00e9 hoje um dos principais espa\u00e7os de eventos do Sul do Brasil. Com uma estrutura imponente e moderna, o local se destaca por receber feiras, congressos, conven\u00e7\u00f5es, shows e encontros corporativos durante todo o ano.&nbsp;<\/p>\n\n\n\n<p>Constru\u00eddo para atender p\u00fablicos variados, o espa\u00e7o refor\u00e7a o potencial da cidade, que j\u00e1 \u00e9 conhecida nacionalmente pelo turismo, pela boa infraestrutura e pelo constante fluxo de visitantes.<\/p>\n\n\n\n<p>Localizado pr\u00f3ximo \u00e0 BR-101, o Expocentro em Balne\u00e1rio Cambori\u00fa est\u00e1 em uma posi\u00e7\u00e3o estrat\u00e9gica que facilita o acesso tanto de moradores da regi\u00e3o quanto de visitantes de outros estados. A chegada ao centro de eventos \u00e9 r\u00e1pida e bem sinalizada, o que simplifica a movimenta\u00e7\u00e3o de ve\u00edculos, \u00f4nibus de excurs\u00e3o e servi\u00e7os de transporte por aplicativo.&nbsp;<\/p>\n\n\n\n<h2 class=\"wp-block-heading\"><strong>Um projeto moderno pensado para grandes eventos<\/strong><\/h2>\n\n\n\n<p>O projeto do Expocentro em Balne\u00e1rio Cambori\u00fa foi desenvolvido para comportar eventos de portes distintos, desde pequenos encontros at\u00e9 megaestruturas nacionais e internacionais. O pavilh\u00e3o principal \u00e9 amplo, tem p\u00e9-direito alto e conta com circula\u00e7\u00e3o confort\u00e1vel. A arquitetura prioriza a fluidez no tr\u00e2nsito de pessoas, o que facilita a organiza\u00e7\u00e3o e a montagem de stands, palcos e \u00e1reas segmentadas.<\/p>\n\n\n\n<p>Al\u00e9m do pavilh\u00e3o central, o espa\u00e7o inclui salas de tamanhos variados que atendem apresenta\u00e7\u00f5es, pain\u00e9is, palestras paralelas e atividades simult\u00e2neas. Essa flexibilidade \u00e9 um dos diferenciais do Expocentro, permitindo que eventos de diferentes formatos aconte\u00e7am de forma integrada.<\/p>\n\n\n\n<p>A ilumina\u00e7\u00e3o, o sistema de climatiza\u00e7\u00e3o e a ac\u00fastica foram planejados para suportar grandes p\u00fablicos. A estrutura interna mant\u00e9m um padr\u00e3o visual moderno, bem cuidado e alinhado ao que se espera de um centro de eventos desse porte.<\/p>\n\n\n\n<h2 class=\"wp-block-heading\"><strong>Acesso, mobilidade e estacionamento<\/strong><\/h2>\n\n\n\n<figure class=\"wp-block-image size-full\"><img fetchpriority=\"high\" decoding=\"async\" width=\"680\" height=\"510\" src=\"https:\/\/localconnect.com.br\/blog\/wp-content\/uploads\/2025\/12\/image-5.png\" alt=\"\" class=\"wp-image-9713\" title=\"\" srcset=\"https:\/\/localconnect.com.br\/blog\/wp-content\/uploads\/2025\/12\/image-5.png 680w, https:\/\/localconnect.com.br\/blog\/wp-content\/uploads\/2025\/12\/image-5-300x225.png 300w, https:\/\/localconnect.com.br\/blog\/wp-content\/uploads\/2025\/12\/image-5-150x113.png 150w\" sizes=\"(max-width: 680px) 100vw, 680px\" \/><\/figure>\n\n\n\n<p>A proximidade com a BR-101 e com vias de fluxo intenso facilita a mobilidade ao Expocentro em Balne\u00e1rio Cambori\u00fa. O acesso principal \u00e9&nbsp; organizado, permitindo entrada eficiente mesmo nos dias de maior movimenta\u00e7\u00e3o. H\u00e1 tamb\u00e9m \u00e1reas destinadas ao embarque e desembarque, o que contribui para um fluxo mais pr\u00e1tico.<\/p>\n\n\n\n<p>O estacionamento, administrado por empresa terceirizada, \u00e9 extenso e comporta grande quantidade de ve\u00edculos. A estrutura \u00e9 pavimentada, conta com boa ilumina\u00e7\u00e3o e est\u00e1 localizada ao lado da entrada principal, o que evita deslocamentos longos. Mesmo em eventos com alta demanda, o espa\u00e7o mant\u00e9m boa capacidade de absor\u00e7\u00e3o de p\u00fablico.<\/p>\n\n\n\n<p><a href=\"https:\/\/www.google.com\/search?sca_esv=8dfe9edb86176f37&amp;sxsrf=AE3TifNldZcW4Zgkf39EiP9UDa8EJCvmWQ:1764808603693&amp;q=expocentro+bc+endere%C3%A7o&amp;ludocid=13048434671526139464&amp;sa=X&amp;ved=2ahUKEwi2xa2v2KKRAxXtJLkGHWGCGVQQ6BN6BAgpEAI\" target=\"_blank\" rel=\"noopener\"><strong>Endere\u00e7o<\/strong><\/a><strong>: <\/strong>Av. Marginal Oeste, 4250, Bairro &#8211; Jardim Parque Bandeirantes, Balne\u00e1rio Cambori\u00fa &#8211; SC, 88336-203<\/p>\n\n\n\n<h2 class=\"wp-block-heading\"><strong>Organiza\u00e7\u00e3o interna e log\u00edstica funcional<\/strong><\/h2>\n\n\n\n<p>A organiza\u00e7\u00e3o interna do Expocentro em Balne\u00e1rio Cambori\u00fa segue um padr\u00e3o que beneficia tanto quem participa dos eventos quanto quem trabalha neles. A entrada \u00e9 organizada, a separa\u00e7\u00e3o de setores \u00e9 clara e a circula\u00e7\u00e3o pelos corredores acontece de forma fluida.<\/p>\n\n\n\n<p>Dentro do espa\u00e7o, os visitantes encontram uma estrutura bem distribu\u00edda:<\/p>\n\n\n\n<ul class=\"wp-block-list\">\n<li>pontos de apoio,<br><\/li>\n\n\n\n<li>\u00e1reas de descanso,<br><\/li>\n\n\n\n<li>espa\u00e7os para credenciamento,<br><\/li>\n\n\n\n<li>banheiros,<br><\/li>\n\n\n\n<li>pra\u00e7a de alimenta\u00e7\u00e3o,<br><\/li>\n\n\n\n<li>setores t\u00e9cnicos para expositores.<br><\/li>\n<\/ul>\n\n\n\n<p>Os banheiros s\u00e3o grandes, bem posicionados e mantidos com const\u00e2ncia. Essa infraestrutura faz com que o Expocentro seja adequado para programa\u00e7\u00f5es longas, que exigem conforto durante horas de circula\u00e7\u00e3o.<\/p>\n\n\n\n<h2 class=\"wp-block-heading\"><strong>Pra\u00e7a de alimenta\u00e7\u00e3o moderna e variada<\/strong><\/h2>\n\n\n\n<p>A pra\u00e7a de alimenta\u00e7\u00e3o do Expocentro em Balne\u00e1rio Cambori\u00fa foi projetada para atender grandes p\u00fablicos com rapidez. No local, h\u00e1 variedade gastron\u00f4mica que atende diferentes prefer\u00eancias, desde lanches r\u00e1pidos at\u00e9 refei\u00e7\u00f5es completas.<\/p>\n\n\n\n<p>O espa\u00e7o \u00e9 organizado, ventilado e segue o padr\u00e3o moderno do restante da estrutura. Durante eventos de maior movimenta\u00e7\u00e3o, a pra\u00e7a se adapta com opera\u00e7\u00f5es adicionais e pontos m\u00f3veis de alimenta\u00e7\u00e3o, mantendo o fluxo \u00e1gil para quem deseja comer sem perder tempo da programa\u00e7\u00e3o.<\/p>\n\n\n\n<p>Eventos de grande porte dependem fortemente de internet, e o Expocentro em Balne\u00e1rio Cambori\u00fa disp\u00f5e de suporte t\u00e9cnico especializado para atender expositores e organizadores. A equipe respons\u00e1vel pelos servi\u00e7os de rede presta orienta\u00e7\u00f5es durante a montagem e acompanha as necessidades de cada estande.<\/p>\n\n\n\n<p>A presen\u00e7a de profissionais capacitados facilita a rotina de empresas, influenciadores, produtores de conte\u00fado e organizadores que precisam operar sistemas de vendas, apresenta\u00e7\u00f5es ou equipamentos de transmiss\u00e3o.<\/p>\n\n\n\n<h2 class=\"wp-block-heading\"><strong>Diversidade de eventos realizados no Expocentro<\/strong><\/h2>\n\n\n\n<figure class=\"wp-block-image size-full\"><img decoding=\"async\" width=\"680\" height=\"510\" src=\"https:\/\/localconnect.com.br\/blog\/wp-content\/uploads\/2025\/12\/image-6.png\" alt=\"\" class=\"wp-image-9714\" title=\"\" srcset=\"https:\/\/localconnect.com.br\/blog\/wp-content\/uploads\/2025\/12\/image-6.png 680w, https:\/\/localconnect.com.br\/blog\/wp-content\/uploads\/2025\/12\/image-6-300x225.png 300w, https:\/\/localconnect.com.br\/blog\/wp-content\/uploads\/2025\/12\/image-6-150x113.png 150w\" sizes=\"(max-width: 680px) 100vw, 680px\" \/><\/figure>\n\n\n\n<p>O Expocentro em Balne\u00e1rio Cambori\u00fa recebe uma variedade impressionante de eventos ao longo do ano. A estrutura \u00e9 utilizada para:<\/p>\n\n\n\n<ul class=\"wp-block-list\">\n<li>feiras de neg\u00f3cios,<br><\/li>\n\n\n\n<li>exposi\u00e7\u00f5es de segmentos variados,<br><\/li>\n\n\n\n<li>congressos e pain\u00e9is corporativos,<br><\/li>\n\n\n\n<li>conven\u00e7\u00f5es empresariais,<br><\/li>\n\n\n\n<li>premia\u00e7\u00f5es,<br><\/li>\n\n\n\n<li>festivais tem\u00e1ticos,<br><\/li>\n\n\n\n<li>shows nacionais,<br><\/li>\n\n\n\n<li>formaturas,<br><\/li>\n\n\n\n<li>encontros profissionais de grande porte.<br><\/li>\n<\/ul>\n\n\n\n<h2 class=\"wp-block-heading\"><strong>Um marco para o turismo e para o setor de eventos em Santa Catarina<\/strong><\/h2>\n\n\n\n<p>Com a inaugura\u00e7\u00e3o do Expocentro em Balne\u00e1rio Cambori\u00fa, a regi\u00e3o aumentou significativamente seu potencial para receber programa\u00e7\u00f5es nacionais e internacionais. A cidade, que j\u00e1 se destaca pela estrutura tur\u00edstica, passou a contar com um equipamento moderno capaz de movimentar a economia local, atrair grandes empresas e fortalecer o calend\u00e1rio anual de eventos.<\/p>\n\n\n\n<p>A soma de localiza\u00e7\u00e3o estrat\u00e9gica, infraestrutura robusta, organiza\u00e7\u00e3o e flexibilidade coloca o Expocentro entre os principais espa\u00e7os do pa\u00eds. E, \u00e0 medida que novos eventos chegam \u00e0 cidade, o centro de eventos refor\u00e7a seu papel como um dos grandes s\u00edmbolos de desenvolvimento de Balne\u00e1rio Cambori\u00fa.<\/p>\n\n\n\n<p>Leia tamb\u00e9m: <a href=\"https:\/\/localconnect.com.br\/blog\/santa-catarina\/balneario-camboriu\/preco-dos-restaurantes-em-balneario-camboriu\/\">Pre\u00e7o dos restaurantes em Balne\u00e1rio Cambori\u00fa<\/a><\/p>\n<div class=\"pld-like-dislike-wrap pld-custom\">\r\n    <div class=\"pld-like-wrap  pld-common-wrap\">\r\n    <a href=\"javascript:void(0)\" class=\"pld-like-trigger pld-like-dislike-trigger  \" title=\"\" data-post-id=\"9710\" data-trigger-type=\"like\" data-restriction=\"no\" data-already-liked=\"0\">\r\n                            <img src=\"https:\/\/localconnect.com.br\/blog\/wp-content\/uploads\/2024\/02\/like-1-2.png\" alt=\"\" \/>\r\n            <\/a>\r\n    <span class=\"pld-like-count-wrap pld-count-wrap\">    <\/span>\r\n<\/div><div class=\"pld-dislike-wrap  pld-common-wrap\">\r\n    <a href=\"javascript:void(0)\" class=\"pld-dislike-trigger pld-like-dislike-trigger  \" title=\"\" data-post-id=\"9710\" data-trigger-type=\"dislike\" data-restriction=\"no\" data-already-liked=\"0\">\r\n                            <img src=\"https:\/\/localconnect.com.br\/blog\/wp-content\/uploads\/2024\/02\/image-2.png\" alt=\"\" \/>\r\n            <\/a>\r\n    <span class=\"pld-dislike-count-wrap pld-count-wrap\"><\/span>\r\n<\/div><\/div>","protected":false},"excerpt":{"rendered":"<p>O Expocentro em Balne\u00e1rio Cambori\u00fa \u00e9 hoje um dos principais espa\u00e7os de eventos do Sul do Brasil. Com uma estrutura imponente e moderna, o local se destaca por receber feiras, congressos, conven\u00e7\u00f5es, shows e encontros corporativos durante todo o ano.&nbsp; Constru\u00eddo para atender p\u00fablicos variados, o espa\u00e7o refor\u00e7a o potencial da cidade, que j\u00e1 \u00e9 [&hellip;]<\/p>\n","protected":false},"author":3,"featured_media":9712,"comment_status":"open","ping_status":"open","sticky":false,"template":"","format":"standard","meta":{"_joinchat":[],"footnotes":""},"categories":[30,29],"tags":[],"class_list":["post-9710","post","type-post","status-publish","format-standard","has-post-thumbnail","hentry","category-balneario-camboriu","category-santa-catarina"],"_links":{"self":[{"href":"https:\/\/localconnect.com.br\/blog\/wp-json\/wp\/v2\/posts\/9710","targetHints":{"allow":["GET"]}}],"collection":[{"href":"https:\/\/localconnect.com.br\/blog\/wp-json\/wp\/v2\/posts"}],"about":[{"href":"https:\/\/localconnect.com.br\/blog\/wp-json\/wp\/v2\/types\/post"}],"author":[{"embeddable":true,"href":"https:\/\/localconnect.com.br\/blog\/wp-json\/wp\/v2\/users\/3"}],"replies":[{"embeddable":true,"href":"https:\/\/localconnect.com.br\/blog\/wp-json\/wp\/v2\/comments?post=9710"}],"version-history":[{"count":0,"href":"https:\/\/localconnect.com.br\/blog\/wp-json\/wp\/v2\/posts\/9710\/revisions"}],"wp:featuredmedia":[{"embeddable":true,"href":"https:\/\/localconnect.com.br\/blog\/wp-json\/wp\/v2\/media\/9712"}],"wp:attachment":[{"href":"https:\/\/localconnect.com.br\/blog\/wp-json\/wp\/v2\/media?parent=9710"}],"wp:term":[{"taxonomy":"category","embeddable":true,"href":"https:\/\/localconnect.com.br\/blog\/wp-json\/wp\/v2\/categories?post=9710"},{"taxonomy":"post_tag","embeddable":true,"href":"https:\/\/localconnect.com.br\/blog\/wp-json\/wp\/v2\/tags?post=9710"}],"curies":[{"name":"wp","href":"https:\/\/api.w.org\/{rel}","templated":true}]}}