{"id":9746,"date":"2025-12-09T16:34:25","date_gmt":"2025-12-09T19:34:25","guid":{"rendered":"https:\/\/localconnect.com.br\/blog\/?p=9746"},"modified":"2025-12-09T16:34:28","modified_gmt":"2025-12-09T19:34:28","slug":"as-melhores-praias-de-balneario-camboriu-para-surfistas","status":"publish","type":"post","link":"https:\/\/localconnect.com.br\/blog\/santa-catarina\/balneario-camboriu\/as-melhores-praias-de-balneario-camboriu-para-surfistas\/","title":{"rendered":"As melhores praias de Balne\u00e1rio Cambori\u00fa para surfistas"},"content":{"rendered":"\n<p>As praias de Balne\u00e1rio Cambori\u00fa para surfistas t\u00eam um papel importante na forma\u00e7\u00e3o de grandes atletas e na rotina de quem n\u00e3o vive longe do mar. A cidade tem hist\u00f3ria, tradi\u00e7\u00e3o e um jeito pr\u00f3prio de receber quem chega com prancha debaixo do bra\u00e7o.&nbsp;<\/p>\n\n\n\n<p>Voc\u00ea percebe isso nas conversas \u00e0 beira-mar, na troca de dicas sobre ondula\u00e7\u00e3o e na alegria de quem encontra aquele momento perfeito para entrar na \u00e1gua. Mesmo com toda a urbaniza\u00e7\u00e3o, Balne\u00e1rio Cambori\u00fa segue como refer\u00eancia no litoral catarinense.&nbsp;<\/p>\n\n\n\n<p>A variedade de cen\u00e1rios, o comportamento das ondas e a energia de cada canto fazem com que as praias de Balne\u00e1rio Cambori\u00fa para surfistas apare\u00e7am sempre na lista dos melhores destinos de Santa Catarina.&nbsp;<\/p>\n\n\n\n<h2 class=\"wp-block-heading\"><strong>Melhores praias de Balne\u00e1rio Cambori\u00fa para surfistas<\/strong><\/h2>\n\n\n\n<h3 class=\"wp-block-heading\"><strong>Praia Central<\/strong><\/h3>\n\n\n\n<figure class=\"wp-block-gallery has-nested-images columns-default is-cropped wp-block-gallery-1 is-layout-flex wp-block-gallery-is-layout-flex\">\n<figure class=\"wp-block-image size-large\"><img fetchpriority=\"high\" decoding=\"async\" width=\"640\" height=\"427\" data-id=\"6939\" src=\"https:\/\/localconnect.com.br\/blog\/wp-content\/uploads\/2025\/08\/praiacentral-640w.jpg.webp\" alt=\"\" class=\"wp-image-6939\" title=\"\" srcset=\"https:\/\/localconnect.com.br\/blog\/wp-content\/uploads\/2025\/08\/praiacentral-640w.jpg.webp 640w, https:\/\/localconnect.com.br\/blog\/wp-content\/uploads\/2025\/08\/praiacentral-640w.jpg-300x200.webp 300w, https:\/\/localconnect.com.br\/blog\/wp-content\/uploads\/2025\/08\/praiacentral-640w.jpg-150x100.webp 150w\" sizes=\"(max-width: 640px) 100vw, 640px\" \/><\/figure>\n<\/figure>\n\n\n\n<p>A Praia Central \u00e9 o cora\u00e7\u00e3o esportivo da cidade. Com longa extens\u00e3o, orla movimentada e hist\u00f3ria ligada \u00e0 forma\u00e7\u00e3o de surfistas famosos, ela permanece como uma das praias de Balne\u00e1rio Cambori\u00fa para surfistas mais lembradas por quem conhece a regi\u00e3o.<\/p>\n\n\n\n<p>Mesmo sendo urbana, tem trechos que entregam mar firme, ondas r\u00e1pidas e momentos em que tudo se encaixa com perfei\u00e7\u00e3o. Entre os pontos mais procurados, dois chamam aten\u00e7\u00e3o:<\/p>\n\n\n\n<p><strong>Canto da Marambaia<\/strong><\/p>\n\n\n\n<p>Localizado na Barra Norte, esse canto tem ondas longas e bem formadas em dias de mar agitado. Quem gosta de testar leitura de mar e linhas diferenciadas encontra boas oportunidades ali.<\/p>\n\n\n\n<p><strong>Regi\u00e3o pr\u00f3xima ao Maxim<\/strong><\/p>\n\n\n\n<p>Perto da Ilha das Cabras, esse trecho atrai surfistas que gostam de ondas r\u00e1pidas, com boas aberturas nas laterais.<\/p>\n\n\n\n<p>As sess\u00f5es na Praia Central costumam ser melhores durante outono e primavera, mas bons dias podem aparecer em qualquer \u00e9poca. Se a inten\u00e7\u00e3o \u00e9 evitar grande fluxo de banho, a recomenda\u00e7\u00e3o \u00e9 aproveitar as manh\u00e3s entre 6h e 9h.<\/p>\n\n\n\n<p>\u00c9 tamb\u00e9m uma praia que une esporte, arte e movimento cultural, o que cria identidade forte e emocional para quem vive esse cen\u00e1rio diariamente. N\u00e3o \u00e9 \u00e0 toa que a Praia Central permanece entre as praias de Balne\u00e1rio Cambori\u00fa para surfistas mais queridas.<\/p>\n\n\n\n<h2 class=\"wp-block-heading\"><strong>Praia dos Amores&nbsp;<\/strong><\/h2>\n\n\n\n<p>Apesar de parte da praia pertencer a Itaja\u00ed, o trecho mais pr\u00f3ximo do limite de BC tamb\u00e9m tem relev\u00e2ncia entre as melhores praias de Balne\u00e1rio Cambori\u00fa para surfistas.<\/p>\n\n\n\n<p>A Praia dos Amores \u00e9 conhecida pelo mar mais forte, principalmente quando a mar\u00e9 sobe no fim da tarde. Como boa parte dos banhistas se concentra em pontos mais tranquilos, quem surfa encontra espa\u00e7o maior para entrar na \u00e1gua com seguran\u00e7a e foco.<\/p>\n\n\n\n<p>Outro ponto positivo \u00e9 a paisagem preservada. O encontro entre o verde, a faixa de areia e o mar cria um cen\u00e1rio inspirador, muito procurado por quem quer fugir um pouco da \u00e1rea mais movimentada da cidade.<\/p>\n\n\n\n<p>A Praia dos Amores est\u00e1 entre as praias de Balne\u00e1rio Cambori\u00fa para surfistas justamente ter um mar firme, sil\u00eancio e aquela sensa\u00e7\u00e3o de que voc\u00ea est\u00e1 em um ref\u00fagio natural dentro da cidade.<\/p>\n\n\n\n<h2 class=\"wp-block-heading\"><strong>Praia do Estaleiro<\/strong><\/h2>\n\n\n\n<figure class=\"wp-block-image size-full\"><img decoding=\"async\" width=\"1024\" height=\"576\" src=\"https:\/\/localconnect.com.br\/blog\/wp-content\/uploads\/2024\/08\/praia-do-estaleiro.jpg\" alt=\"praia do estaleiro\" class=\"wp-image-4228\" title=\"\" srcset=\"https:\/\/localconnect.com.br\/blog\/wp-content\/uploads\/2024\/08\/praia-do-estaleiro.jpg 1024w, https:\/\/localconnect.com.br\/blog\/wp-content\/uploads\/2024\/08\/praia-do-estaleiro-300x169.jpg 300w, https:\/\/localconnect.com.br\/blog\/wp-content\/uploads\/2024\/08\/praia-do-estaleiro-768x432.jpg 768w, https:\/\/localconnect.com.br\/blog\/wp-content\/uploads\/2024\/08\/praia-do-estaleiro-150x84.jpg 150w\" sizes=\"(max-width: 1024px) 100vw, 1024px\" \/><\/figure>\n\n\n\n<p>Seguindo em dire\u00e7\u00e3o ao sul, voc\u00ea encontra um dos lugares mais aut\u00eanticos da regi\u00e3o: a Praia do Estaleiro. Ela tem mar agitado, \u00e1guas limpas e cen\u00e1rio preservado, marcado por pedras, restingas e um clima mais isolado.<\/p>\n\n\n\n<p>\u00c9 uma das praias de Balne\u00e1rio Cambori\u00fa para surfistas mais apreciadas por quem prefere treinar longe da multid\u00e3o. A praia costuma receber ondula\u00e7\u00f5es fortes, o que atrai quem j\u00e1 tem viv\u00eancia no surf. Por ser afastada do centro e ter pouca estrutura comercial, acaba ficando mais reservada, ideal para quem valoriza sil\u00eancio, contato direto com a natureza e foco total nas ondas.<\/p>\n\n\n\n<h2 class=\"wp-block-heading\"><strong>Praia do Estaleirinho<\/strong><\/h2>\n\n\n\n<p>Antes do Estaleiro, fica o Estaleirinho, um dos pontos que mais cresceu nos \u00faltimos anos. Mesmo com clima mais animado, especialmente no ver\u00e3o por causa dos beach clubs, o local continua no topo das praias de Balne\u00e1rio Cambori\u00fa para surfistas que procuram ondas bem formadas.<\/p>\n\n\n\n<p>A praia tem faixa de areia delicada, mar forte e boa estrutura ao redor. Restaurantes e quiosques pr\u00f3ximos tornam a rotina mais pr\u00e1tica para quem passa longos per\u00edodos no local. Apesar do fluxo maior de visitantes em alta temporada, as ondas seguem chamando muita aten\u00e7\u00e3o de surfistas experientes.<\/p>\n\n\n\n<p>As praias de <em><a href=\"https:\/\/pt.wikipedia.org\/wiki\/Balne%C3%A1rio_Cambori%C3%BA\" target=\"_blank\" rel=\"noopener\">Balne\u00e1rio Cambori\u00fa <\/a><\/em>para surfistas formam um mapa de possibilidades. Cada uma tem personalidade pr\u00f3pria e condi\u00e7\u00f5es que surpreendem em diferentes \u00e9pocas do ano. Basta escolher o cen\u00e1rio que mais combina com o seu humor, preparar sua prancha e deixar o mar conduzir o restante.<\/p>\n\n\n\n<p>Leia tamb\u00e9m: <a href=\"https:\/\/localconnect.com.br\/blog\/santa-catarina\/balneario-camboriu\/cruzeiro-em-balneario-camboriu-veja-o-que-fazer-ao-desembarcar\/\">Cruzeiro em Balne\u00e1rio Cambori\u00fa: Veja o que fazer ao desembarcar<\/a><\/p>\n<div class=\"pld-like-dislike-wrap pld-custom\">\r\n    <div class=\"pld-like-wrap  pld-common-wrap\">\r\n    <a href=\"javascript:void(0)\" class=\"pld-like-trigger pld-like-dislike-trigger  \" title=\"\" data-post-id=\"9746\" data-trigger-type=\"like\" data-restriction=\"no\" data-already-liked=\"0\">\r\n                            <img src=\"https:\/\/localconnect.com.br\/blog\/wp-content\/uploads\/2024\/02\/like-1-2.png\" alt=\"\" \/>\r\n            <\/a>\r\n    <span class=\"pld-like-count-wrap pld-count-wrap\">    <\/span>\r\n<\/div><div class=\"pld-dislike-wrap  pld-common-wrap\">\r\n    <a href=\"javascript:void(0)\" class=\"pld-dislike-trigger pld-like-dislike-trigger  \" title=\"\" data-post-id=\"9746\" data-trigger-type=\"dislike\" data-restriction=\"no\" data-already-liked=\"0\">\r\n                            <img src=\"https:\/\/localconnect.com.br\/blog\/wp-content\/uploads\/2024\/02\/image-2.png\" alt=\"\" \/>\r\n            <\/a>\r\n    <span class=\"pld-dislike-count-wrap pld-count-wrap\"><\/span>\r\n<\/div><\/div>","protected":false},"excerpt":{"rendered":"<p>As praias de Balne\u00e1rio Cambori\u00fa para surfistas t\u00eam um papel importante na forma\u00e7\u00e3o de grandes atletas e na rotina de quem n\u00e3o vive longe do mar. A cidade tem hist\u00f3ria, tradi\u00e7\u00e3o e um jeito pr\u00f3prio de receber quem chega com prancha debaixo do bra\u00e7o.&nbsp; Voc\u00ea percebe isso nas conversas \u00e0 beira-mar, na troca de dicas [&hellip;]<\/p>\n","protected":false},"author":3,"featured_media":8930,"comment_status":"open","ping_status":"open","sticky":false,"template":"","format":"standard","meta":{"_joinchat":[],"footnotes":""},"categories":[30,29],"tags":[],"class_list":["post-9746","post","type-post","status-publish","format-standard","has-post-thumbnail","hentry","category-balneario-camboriu","category-santa-catarina"],"_links":{"self":[{"href":"https:\/\/localconnect.com.br\/blog\/wp-json\/wp\/v2\/posts\/9746","targetHints":{"allow":["GET"]}}],"collection":[{"href":"https:\/\/localconnect.com.br\/blog\/wp-json\/wp\/v2\/posts"}],"about":[{"href":"https:\/\/localconnect.com.br\/blog\/wp-json\/wp\/v2\/types\/post"}],"author":[{"embeddable":true,"href":"https:\/\/localconnect.com.br\/blog\/wp-json\/wp\/v2\/users\/3"}],"replies":[{"embeddable":true,"href":"https:\/\/localconnect.com.br\/blog\/wp-json\/wp\/v2\/comments?post=9746"}],"version-history":[{"count":0,"href":"https:\/\/localconnect.com.br\/blog\/wp-json\/wp\/v2\/posts\/9746\/revisions"}],"wp:featuredmedia":[{"embeddable":true,"href":"https:\/\/localconnect.com.br\/blog\/wp-json\/wp\/v2\/media\/8930"}],"wp:attachment":[{"href":"https:\/\/localconnect.com.br\/blog\/wp-json\/wp\/v2\/media?parent=9746"}],"wp:term":[{"taxonomy":"category","embeddable":true,"href":"https:\/\/localconnect.com.br\/blog\/wp-json\/wp\/v2\/categories?post=9746"},{"taxonomy":"post_tag","embeddable":true,"href":"https:\/\/localconnect.com.br\/blog\/wp-json\/wp\/v2\/tags?post=9746"}],"curies":[{"name":"wp","href":"https:\/\/api.w.org\/{rel}","templated":true}]}}