{"id":9749,"date":"2025-12-09T16:53:26","date_gmt":"2025-12-09T19:53:26","guid":{"rendered":"https:\/\/localconnect.com.br\/blog\/?p=9749"},"modified":"2025-12-09T16:53:28","modified_gmt":"2025-12-09T19:53:28","slug":"os-melhores-mirantes-de-balneario-camboriu","status":"publish","type":"post","link":"https:\/\/localconnect.com.br\/blog\/santa-catarina\/balneario-camboriu\/os-melhores-mirantes-de-balneario-camboriu\/","title":{"rendered":"Os melhores mirantes de Balne\u00e1rio Cambori\u00fa"},"content":{"rendered":"\n<p>Quando voc\u00ea coloca os mirantes de Balne\u00e1rio Cambori\u00fa no seu roteiro, descobre que observar a cidade do alto ajuda a enxergar aquele brilho especial que muita gente s\u00f3 ouve falar, mas n\u00e3o vivencia.<\/p>\n\n\n\n<p>Balne\u00e1rio Cambori\u00fa \u00e9 famosa por v\u00e1rias raz\u00f5es: pr\u00e9dios altos, mar azul, luzes noturnas e um movimento que nunca passa despercebido. Mas quando voc\u00ea olha tudo de cima, percebe camadas que s\u00f3 aparecem quando a cidade se revela por completo.&nbsp;<\/p>\n\n\n\n<p>E a verdade \u00e9 simples: os <strong>mirantes de Balne\u00e1rio Cambori\u00fa<\/strong> criam esse momento de pausa, de respirar e enxergar o litoral sob outra perspectiva. A seguir, veja alguns dos principais!<\/p>\n\n\n\n<h2 class=\"wp-block-heading\"><strong>Parque Unipraias<\/strong><\/h2>\n\n\n\n<p>O Parque Unipraias re\u00fane dois dos mirantes de Balne\u00e1rio Cambori\u00fa mais queridos pelos turistas. O primeiro \u00e9 o Mirante Cambori\u00fa, ideal para observar a Praia Central l\u00e1 do alto. O segundo \u00e9 o Mirante Oceano, que entrega uma vis\u00e3o ampla da Praia de Laranjeiras e do mar aberto.<\/p>\n\n\n\n<p>Um detalhe que atrai ainda mais visitantes \u00e9 a passarela de vidro inaugurada recentemente. Ela se projeta sobre a mata e d\u00e1 a sensa\u00e7\u00e3o de caminhar acima das \u00e1rvores, algo que deixa o momento ainda mais marcante. O trajeto feito pelo bondinho torna tudo mais especial, j\u00e1 que voc\u00ea se desloca entre duas praias com uma vista panor\u00e2mica o tempo inteiro.<\/p>\n\n\n\n<h2 class=\"wp-block-heading\"><strong>Mirante Estrada da Rainha<\/strong><\/h2>\n\n\n\n<figure class=\"wp-block-gallery has-nested-images columns-default is-cropped wp-block-gallery-1 is-layout-flex wp-block-gallery-is-layout-flex\">\n<figure class=\"wp-block-image size-large\"><img fetchpriority=\"high\" decoding=\"async\" width=\"1024\" height=\"682\" data-id=\"9398\" src=\"https:\/\/localconnect.com.br\/blog\/wp-content\/uploads\/2025\/11\/Estrada-da-Rainha-em-Balneario-Camboriu-1024x682.jpeg\" alt=\"\" class=\"wp-image-9398\" title=\"\" srcset=\"https:\/\/localconnect.com.br\/blog\/wp-content\/uploads\/2025\/11\/Estrada-da-Rainha-em-Balneario-Camboriu-1024x682.jpeg 1024w, https:\/\/localconnect.com.br\/blog\/wp-content\/uploads\/2025\/11\/Estrada-da-Rainha-em-Balneario-Camboriu-300x200.jpeg 300w, https:\/\/localconnect.com.br\/blog\/wp-content\/uploads\/2025\/11\/Estrada-da-Rainha-em-Balneario-Camboriu-768x511.jpeg 768w, https:\/\/localconnect.com.br\/blog\/wp-content\/uploads\/2025\/11\/Estrada-da-Rainha-em-Balneario-Camboriu-150x100.jpeg 150w, https:\/\/localconnect.com.br\/blog\/wp-content\/uploads\/2025\/11\/Estrada-da-Rainha-em-Balneario-Camboriu.jpeg 1280w\" sizes=\"(max-width: 1024px) 100vw, 1024px\" \/><\/figure>\n<\/figure>\n\n\n\n<p>A Estrada da Rainha est\u00e1 entre os mirantes de Balne\u00e1rio Cambori\u00fa mais visitados pelos viajantes. Assim que voc\u00ea chega, percebe um cen\u00e1rio completo da Praia Central com o mar aberto, o contorno da orla e os pr\u00e9dios que comp\u00f5em a famosa silhueta urbana.&nbsp;<\/p>\n\n\n\n<p>A via inteira j\u00e1 deixa tudo ainda mais bonito, mas o ponto mais alto da estrada \u00e9 onde muita gente para para fotografar. Durante o dia, a visibilidade ajuda voc\u00ea a notar a cidade em detalhes. J\u00e1 \u00e0 noite, as luzes criam um cen\u00e1rio que impressiona de verdade.&nbsp;<\/p>\n\n\n\n<p>\u00c9 ali que voc\u00ea tamb\u00e9m encontra caminhos que levam ao Deck do Pontal Norte e ao topo do Morro do Careca, dois pontos muito procurados por quem gosta de vistas marcantes.<\/p>\n\n\n\n<p>Leia tamb\u00e9m: <a href=\"https:\/\/localconnect.com.br\/blog\/santa-catarina\/onde-fica-a-estrada-da-rainha-em-balneario-camboriu\/\">Onde fica a Estrada da Rainha em Balne\u00e1rio Cambori\u00fa?<\/a><\/p>\n\n\n\n<h2 class=\"wp-block-heading\"><strong>Mirante de Taquarinhas<\/strong><\/h2>\n\n\n\n<p>A Rodovia Interpraias \u00e9 um caminho que n\u00e3o passa despercebido. Durante os 14 km de trajeto, voc\u00ea encontra paisagens que chamam aten\u00e7\u00e3o de qualquer visitante. E \u00e9 ali que est\u00e1 um dos mais encantadores mirantes de Balne\u00e1rio Cambori\u00fa: o Mirante de Taquarinhas.<\/p>\n\n\n\n<p>A pequena praia vista do alto conserva uma beleza rara, com mar agitado e uma faixa de areia preservada. O fato de ser uma \u00e1rea menos urbanizada faz dela um ponto muito especial, principalmente para observar o litoral de maneira mais tranquila. Parar ali, respirar fundo e olhar tudo com calma \u00e9 quase inevit\u00e1vel.<\/p>\n\n\n\n<h2 class=\"wp-block-heading\"><strong>Morro do Gavi\u00e3o<\/strong><\/h2>\n\n\n\n<p>O Morro do Gavi\u00e3o, tamb\u00e9m chamado de Pico da Teta, \u00e9 um dos mirantes de Balne\u00e1rio Cambori\u00fa que mais surpreendem pela amplitude da vista. Do alto dos seus 285 metros, voc\u00ea observa tudo de uma forma completa, com a cidade e a vegeta\u00e7\u00e3o formando um contraste muito bonito.<\/p>\n\n\n\n<p>O acesso acontece pela regi\u00e3o da Universidade Avantis e atrai pessoas que gostam de caminhar em meio \u00e0 natureza at\u00e9 chegar ao cume. L\u00e1 de cima, a cidade se revela em 360 graus, criando um instante que faz qualquer passeio valer a pena.<\/p>\n\n\n\n<h2 class=\"wp-block-heading\"><strong>Morro do Careca<\/strong><\/h2>\n\n\n\n<p>Quando o assunto s\u00e3o os mirantes de Balne\u00e1rio Cambori\u00fa, o Morro do Careca sempre aparece entre os favoritos. No topo, voc\u00ea fica a cerca de 100 metros acima do n\u00edvel do mar e ainda observa duas cidades ao mesmo tempo: Balne\u00e1rio Cambori\u00fa e a Praia Brava, em Itaja\u00ed.<\/p>\n\n\n\n<p>O nascer e o p\u00f4r do sol vistos dali s\u00e3o espetaculares. A luz toca o oceano de um jeito que faz tudo parecer maior, mais amplo, mais vivo. Muita gente sobe para apreciar esse momento e guardar na mem\u00f3ria uma vista que realmente marca o passeio.<\/p>\n\n\n\n<p>Al\u00e9m disso, \u00e9 um local tradicional entre praticantes de esportes a\u00e9reos, o que deixa o cen\u00e1rio ainda mais interessante.<\/p>\n\n\n\n<p>Leia tamb\u00e9m: <a href=\"https:\/\/localconnect.com.br\/blog\/santa-catarina\/balneario-camboriu\/morro-do-careca-em-balneario-como-chegar-e-muito-mais\/\">Morro do Careca em Balne\u00e1rio: Como chegar e muito mais<\/a><\/p>\n\n\n\n<h2 class=\"wp-block-heading\"><strong>Cristo Luz<\/strong><\/h2>\n\n\n\n<figure class=\"wp-block-gallery has-nested-images columns-default is-cropped wp-block-gallery-2 is-layout-flex wp-block-gallery-is-layout-flex\">\n<figure class=\"wp-block-image size-large\"><img decoding=\"async\" width=\"1024\" height=\"576\" data-id=\"6638\" src=\"https:\/\/localconnect.com.br\/blog\/wp-content\/uploads\/2025\/08\/cristo-luza-a-iluminar-1024x576.jpg\" alt=\"\" class=\"wp-image-6638\" title=\"\" srcset=\"https:\/\/localconnect.com.br\/blog\/wp-content\/uploads\/2025\/08\/cristo-luza-a-iluminar-1024x576.jpg 1024w, https:\/\/localconnect.com.br\/blog\/wp-content\/uploads\/2025\/08\/cristo-luza-a-iluminar-300x169.jpg 300w, https:\/\/localconnect.com.br\/blog\/wp-content\/uploads\/2025\/08\/cristo-luza-a-iluminar-768x432.jpg 768w, https:\/\/localconnect.com.br\/blog\/wp-content\/uploads\/2025\/08\/cristo-luza-a-iluminar-150x84.jpg 150w, https:\/\/localconnect.com.br\/blog\/wp-content\/uploads\/2025\/08\/cristo-luza-a-iluminar.jpg 1200w\" sizes=\"(max-width: 1024px) 100vw, 1024px\" \/><\/figure>\n<\/figure>\n\n\n\n<p>Entre os mirantes de Balne\u00e1rio Cambori\u00fa, o <a href=\"https:\/\/loja.cristoluz.com.br\/produtos\" target=\"_blank\" rel=\"noopener\">Cristo Luz <\/a>\u00e9 um dos mais conhecidos. Localizado em um ponto alto da cidade, ele coloca toda a regi\u00e3o urbana diante dos seus olhos. O complexo conta com a grande est\u00e1tua do Cristo segurando um refletor que ilumina Balne\u00e1rio Cambori\u00fa durante a noite.<\/p>\n\n\n\n<p>\u00c9 um daqueles lugares em que voc\u00ea chega, observa tudo com calma e entende por que esse mirante se tornou uma das atra\u00e7\u00f5es mais visitadas do munic\u00edpio. As luzes dos pr\u00e9dios, o movimento da cidade, o reflexo no mar e tudo se encaixa de um jeito especial ali.<\/p>\n\n\n\n<p>Se voc\u00ea quer transformar seu passeio em algo marcante, n\u00e3o deixe de incluir ao menos alguns dos mirantes de Balne\u00e1rio Cambori\u00fa na sua viagem. \u00c9 uma forma simples, leve e especial de enxergar a cidade sob outra perspectiva.<\/p>\n<div class=\"pld-like-dislike-wrap pld-custom\">\r\n    <div class=\"pld-like-wrap  pld-common-wrap\">\r\n    <a href=\"javascript:void(0)\" class=\"pld-like-trigger pld-like-dislike-trigger  \" title=\"\" data-post-id=\"9749\" data-trigger-type=\"like\" data-restriction=\"no\" data-already-liked=\"0\">\r\n                            <img src=\"https:\/\/localconnect.com.br\/blog\/wp-content\/uploads\/2024\/02\/like-1-2.png\" alt=\"\" \/>\r\n            <\/a>\r\n    <span class=\"pld-like-count-wrap pld-count-wrap\">    <\/span>\r\n<\/div><div class=\"pld-dislike-wrap  pld-common-wrap\">\r\n    <a href=\"javascript:void(0)\" class=\"pld-dislike-trigger pld-like-dislike-trigger  \" title=\"\" data-post-id=\"9749\" data-trigger-type=\"dislike\" data-restriction=\"no\" data-already-liked=\"0\">\r\n                            <img src=\"https:\/\/localconnect.com.br\/blog\/wp-content\/uploads\/2024\/02\/image-2.png\" alt=\"\" \/>\r\n            <\/a>\r\n    <span class=\"pld-dislike-count-wrap pld-count-wrap\"><\/span>\r\n<\/div><\/div>","protected":false},"excerpt":{"rendered":"<p>Quando voc\u00ea coloca os mirantes de Balne\u00e1rio Cambori\u00fa no seu roteiro, descobre que observar a cidade do alto ajuda a enxergar aquele brilho especial que muita gente s\u00f3 ouve falar, mas n\u00e3o vivencia. Balne\u00e1rio Cambori\u00fa \u00e9 famosa por v\u00e1rias raz\u00f5es: pr\u00e9dios altos, mar azul, luzes noturnas e um movimento que nunca passa despercebido. Mas quando [&hellip;]<\/p>\n","protected":false},"author":3,"featured_media":9326,"comment_status":"open","ping_status":"open","sticky":false,"template":"","format":"standard","meta":{"_joinchat":[],"footnotes":""},"categories":[30,29],"tags":[],"class_list":["post-9749","post","type-post","status-publish","format-standard","has-post-thumbnail","hentry","category-balneario-camboriu","category-santa-catarina"],"_links":{"self":[{"href":"https:\/\/localconnect.com.br\/blog\/wp-json\/wp\/v2\/posts\/9749","targetHints":{"allow":["GET"]}}],"collection":[{"href":"https:\/\/localconnect.com.br\/blog\/wp-json\/wp\/v2\/posts"}],"about":[{"href":"https:\/\/localconnect.com.br\/blog\/wp-json\/wp\/v2\/types\/post"}],"author":[{"embeddable":true,"href":"https:\/\/localconnect.com.br\/blog\/wp-json\/wp\/v2\/users\/3"}],"replies":[{"embeddable":true,"href":"https:\/\/localconnect.com.br\/blog\/wp-json\/wp\/v2\/comments?post=9749"}],"version-history":[{"count":0,"href":"https:\/\/localconnect.com.br\/blog\/wp-json\/wp\/v2\/posts\/9749\/revisions"}],"wp:featuredmedia":[{"embeddable":true,"href":"https:\/\/localconnect.com.br\/blog\/wp-json\/wp\/v2\/media\/9326"}],"wp:attachment":[{"href":"https:\/\/localconnect.com.br\/blog\/wp-json\/wp\/v2\/media?parent=9749"}],"wp:term":[{"taxonomy":"category","embeddable":true,"href":"https:\/\/localconnect.com.br\/blog\/wp-json\/wp\/v2\/categories?post=9749"},{"taxonomy":"post_tag","embeddable":true,"href":"https:\/\/localconnect.com.br\/blog\/wp-json\/wp\/v2\/tags?post=9749"}],"curies":[{"name":"wp","href":"https:\/\/api.w.org\/{rel}","templated":true}]}}