{"id":9776,"date":"2025-12-12T19:48:16","date_gmt":"2025-12-12T22:48:16","guid":{"rendered":"https:\/\/localconnect.com.br\/blog\/?p=9776"},"modified":"2025-12-12T19:48:19","modified_gmt":"2025-12-12T22:48:19","slug":"as-melhores-trilhas-em-balneario-camboriu","status":"publish","type":"post","link":"https:\/\/localconnect.com.br\/blog\/santa-catarina\/balneario-camboriu\/as-melhores-trilhas-em-balneario-camboriu\/","title":{"rendered":"As melhores trilhas em Balne\u00e1rio Cambori\u00fa"},"content":{"rendered":"\n<p>As trilhas em Balne\u00e1rio Cambori\u00fa fazem parte da rotina de quem decide olhar a cidade al\u00e9m da orla e dos pr\u00e9dios altos. Basta alguns minutos fora da avenida principal para perceber que existem caminhos silenciosos, cercados por mata, mar e mirantes que mudam completamente a percep\u00e7\u00e3o do lugar.&nbsp;<\/p>\n\n\n\n<p>Voc\u00ea caminha, respira fundo e sente que a cidade tem muito mais a mostrar do que apenas o movimento urbano. E, o melhor, essas trilhas conectam praias, morros e \u00e1reas preservadas, sempre com percursos acess\u00edveis e pr\u00f3ximos. Por isso, aqui voc\u00ea vai conhecer algumas delas!<\/p>\n\n\n\n<h2 class=\"wp-block-heading\"><strong>Parque Municipal Raimundo Gon\u00e7alez Malta<\/strong><\/h2>\n\n\n\n<p>O Parque Municipal Raimundo Gon\u00e7alez Malta apresenta trilhas em Balne\u00e1rio Cambori\u00fa com perfil mais urbano e acess\u00edvel. Ele fica pr\u00f3ximo \u00e0 UNIVALI e re\u00fane caminhos curtos, bem definidos e cercados por vegeta\u00e7\u00e3o nativa.<\/p>\n\n\n\n<p>As trilhas internas somam cerca de 40 minutos de percurso total e passam por \u00e1reas de Mata Atl\u00e2ntica e trechos pr\u00f3ximos ao mangue. O parque \u00e9 bastante usado por fam\u00edlias, estudantes e pessoas que buscam uma pausa r\u00e1pida no meio da rotina.<\/p>\n\n\n\n<h2 class=\"wp-block-heading\"><strong>Morro do Careca<\/strong><\/h2>\n\n\n\n<p>O Morro do Careca fica no limite entre Balne\u00e1rio Cambori\u00fa e Itaja\u00ed e costuma ser um dos primeiros contatos de muita gente com trilhas em Balne\u00e1rio Cambori\u00fa. O acesso pode ser feito pela Estrada da Rainha, na Praia dos Amores, ou pelas escadas no final da Praia do Buraco. O caminho \u00e9 largo, mas seguir a p\u00e9 deixa o trajeto mais interessante e silencioso.<\/p>\n\n\n\n<p>No topo, o mirante mostra a Praia Central de um lado e a Praia Brava do outro. Em dias claros, o contraste entre o mar e a cidade chama aten\u00e7\u00e3o. O local tamb\u00e9m \u00e9 ponto de sa\u00edda para voos de parapente, ent\u00e3o \u00e9 comum observar a movimenta\u00e7\u00e3o logo cedo ou no fim da tarde.<\/p>\n\n\n\n<p>Leia tamb\u00e9m: <a href=\"https:\/\/localconnect.com.br\/blog\/santa-catarina\/balneario-camboriu\/morro-do-careca-em-balneario-como-chegar-e-muito-mais\/\">Morro do Careca em Balne\u00e1rio: Como chegar e muito mais<\/a><\/p>\n\n\n\n<h2 class=\"wp-block-heading\"><strong>Praia do Buraco<\/strong><\/h2>\n\n\n\n<p>O percurso come\u00e7a em um deck de madeira que acompanha o contorno da costa, com vista constante para o mar da Praia Central. Ao final do trajeto, voc\u00ea chega \u00e0 Praia do Buraco, tamb\u00e9m chamada de Praia do Coco. O local costuma ser mais tranquilo, com mar agitado e menos movimento. \u00c9 uma trilha curta, f\u00e1cil e muito usada para caminhadas no in\u00edcio da manh\u00e3.<\/p>\n\n\n\n<h2 class=\"wp-block-heading\"><strong>Pico da Pedra<\/strong><\/h2>\n\n\n\n<figure class=\"wp-block-gallery has-nested-images columns-default is-cropped wp-block-gallery-1 is-layout-flex wp-block-gallery-is-layout-flex\">\n<figure class=\"wp-block-image size-large\"><img fetchpriority=\"high\" decoding=\"async\" width=\"768\" height=\"1024\" data-id=\"9146\" src=\"https:\/\/localconnect.com.br\/blog\/wp-content\/uploads\/2025\/10\/Pico-da-pedra-768x1024.jpg\" alt=\"\" class=\"wp-image-9146\" title=\"\" srcset=\"https:\/\/localconnect.com.br\/blog\/wp-content\/uploads\/2025\/10\/Pico-da-pedra-768x1024.jpg 768w, https:\/\/localconnect.com.br\/blog\/wp-content\/uploads\/2025\/10\/Pico-da-pedra-225x300.jpg 225w, https:\/\/localconnect.com.br\/blog\/wp-content\/uploads\/2025\/10\/Pico-da-pedra-640x853.jpg 640w, https:\/\/localconnect.com.br\/blog\/wp-content\/uploads\/2025\/10\/Pico-da-pedra-150x200.jpg 150w, https:\/\/localconnect.com.br\/blog\/wp-content\/uploads\/2025\/10\/Pico-da-pedra.jpg 1000w\" sizes=\"(max-width: 768px) 100vw, 768px\" \/><\/figure>\n<\/figure>\n\n\n\n<p>O Pico da Pedra fica no Morro da Congonha, em <a href=\"https:\/\/pt.wikipedia.org\/wiki\/Cambori%C3%BA\" target=\"_blank\" rel=\"noopener\">Cambori\u00fa<\/a>, mas \u00e9 considerado um dos destinos mais conhecidos entre as trilhas em Balne\u00e1rio Cambori\u00fa e regi\u00e3o. Com cerca de 680 metros de altitude, o topo permite observar v\u00e1rias cidades do litoral norte catarinense em dias abertos.<\/p>\n\n\n\n<p>A trilha tem aproximadamente 2,5 km e passa por \u00e1reas de mata mais fechada e trechos \u00edngremes. O acesso pela Rua Rio Congonhas costuma ser o mais usado, pois conta com estacionamento e apoio b\u00e1sico. No final, uma pedra grande marca o ponto mais alto, com corrente fixa para auxiliar a subida.<\/p>\n\n\n\n<p>Leia tamb\u00e9m: <a href=\"https:\/\/localconnect.com.br\/blog\/santa-catarina\/camboriu\/pico-da-pedra-em-camboriu\/\">Pico da Pedra em Cambori\u00fa: Guia completo da trilha mais famosa da regi\u00e3o<\/a><\/p>\n\n\n\n<h2 class=\"wp-block-heading\"><strong>Trilha do Jacar\u00e9<\/strong><\/h2>\n\n\n\n<p>Embora fique em Cambori\u00fa, cidade vizinha, a Trilha do Jacar\u00e9 costuma entrar na lista de trilhas em Balne\u00e1rio Cambori\u00fa por causa da proximidade. O percurso tem cerca de 35 km e foi pensado principalmente para bicicletas, mas tamb\u00e9m recebe caminhantes mais preparados.<\/p>\n\n\n\n<p>O trajeto \u00e9 sinalizado, com marca\u00e7\u00f5es a cada quil\u00f4metro e pontos de apoio em \u00e1reas estrat\u00e9gicas. O nome vem do formato do caminho no mapa, que lembra um jacar\u00e9 de boca aberta. Durante o percurso, voc\u00ea passa por \u00e1reas de mata fechada, estradas de terra e trechos mais abertos, sempre com sensa\u00e7\u00e3o de isolamento e sil\u00eancio.<\/p>\n\n\n\n<h2 class=\"wp-block-heading\"><strong>Morro do Gavi\u00e3o<\/strong><\/h2>\n\n\n\n<p>O Morro do Gavi\u00e3o \u00e9 uma boa escolha de trilhas em Balne\u00e1rio Cambori\u00fa com n\u00edvel mais tranquilo. O percurso tem cerca de 2,7 km, com dura\u00e7\u00e3o m\u00e9dia de uma hora. O caminho \u00e9 bem marcado e n\u00e3o apresenta grandes dificuldades.<\/p>\n\n\n\n<p>No ponto mais alto, a cerca de 241 metros, a vista da cidade se abre completamente. Muitas pessoas escolhem esse local para ver o nascer ou o p\u00f4r do sol. Existe tamb\u00e9m um pared\u00e3o utilizado para rapel, para quem gosta de atividades verticais, mas a caminhada por si s\u00f3 j\u00e1 vale a ida.<\/p>\n\n\n\n<p>Leia tamb\u00e9m: <a href=\"https:\/\/localconnect.com.br\/blog\/santa-catarina\/balneario-camboriu\/morro-do-gaviao-em-balneario-camboriu\/\">Morro do Gavi\u00e3o em Balne\u00e1rio Cambori\u00fa: Tudo que voc\u00ea precisa saber<\/a><\/p>\n\n\n\n<h2 class=\"wp-block-heading\"><strong>Morro da Aguada e Parque Unipraias<\/strong><\/h2>\n\n\n\n<figure class=\"wp-block-image size-large\"><img decoding=\"async\" width=\"1024\" height=\"683\" src=\"https:\/\/localconnect.com.br\/blog\/wp-content\/uploads\/2024\/08\/Teleferico-Parque-Unipraias-1024x683.jpg\" alt=\"O que fazer na Barra Sul?\" class=\"wp-image-4233\" title=\"\" srcset=\"https:\/\/localconnect.com.br\/blog\/wp-content\/uploads\/2024\/08\/Teleferico-Parque-Unipraias-1024x683.jpg 1024w, https:\/\/localconnect.com.br\/blog\/wp-content\/uploads\/2024\/08\/Teleferico-Parque-Unipraias-300x200.jpg 300w, https:\/\/localconnect.com.br\/blog\/wp-content\/uploads\/2024\/08\/Teleferico-Parque-Unipraias-768x512.jpg 768w, https:\/\/localconnect.com.br\/blog\/wp-content\/uploads\/2024\/08\/Teleferico-Parque-Unipraias-1536x1024.jpg 1536w, https:\/\/localconnect.com.br\/blog\/wp-content\/uploads\/2024\/08\/Teleferico-Parque-Unipraias-150x100.jpg 150w, https:\/\/localconnect.com.br\/blog\/wp-content\/uploads\/2024\/08\/Teleferico-Parque-Unipraias.jpg 1800w\" sizes=\"(max-width: 1024px) 100vw, 1024px\" \/><\/figure>\n\n\n\n<p>Entre as trilhas em Balne\u00e1rio Cambori\u00fa, o Morro da Aguada chama aten\u00e7\u00e3o pela facilidade de acesso. Ele faz parte do Parque Unipraias, que conecta a Barra Sul \u00e0 Praia de Laranjeiras por meio de bondinhos a\u00e9reos. A trilha fica a cerca de 240 metros de altitude e passa por \u00e1reas preservadas da Mata Atl\u00e2ntica.<\/p>\n\n\n\n<p>Al\u00e9m da caminhada, o parque re\u00fane mirantes, \u00e1reas de descanso e outras atividades ao ar livre. Mesmo com estrutura tur\u00edstica ao redor, a trilha mant\u00e9m um clima calmo, principalmente nos hor\u00e1rios menos movimentados.<\/p>\n\n\n\n<p>Independentemente da escolha, trilhas em Balne\u00e1rio Cambori\u00fa pedem alguns cuidados simples: usar cal\u00e7ado adequado, levar \u00e1gua, respeitar a sinaliza\u00e7\u00e3o e evitar hor\u00e1rios de sol forte. Tamb\u00e9m vale conferir as condi\u00e7\u00f5es do tempo antes de sair, j\u00e1 que alguns caminhos ficam escorregadios ap\u00f3s chuva.<\/p>\n\n\n\n<p>Leia tamb\u00e9m: <a href=\"https:\/\/localconnect.com.br\/blog\/santa-catarina\/balneario-camboriu\/ski-planet-em-balneario-camboriu-tudo-o-que-ja-se-sabe-ate-agora\/\">Ski Planet em Balne\u00e1rio Cambori\u00fa: Tudo o que j\u00e1 se sabe at\u00e9 agora<\/a><\/p>\n\n\n\n<p><\/p>\n<div class=\"pld-like-dislike-wrap pld-custom\">\r\n    <div class=\"pld-like-wrap  pld-common-wrap\">\r\n    <a href=\"javascript:void(0)\" class=\"pld-like-trigger pld-like-dislike-trigger  \" title=\"\" data-post-id=\"9776\" data-trigger-type=\"like\" data-restriction=\"no\" data-already-liked=\"0\">\r\n                            <img src=\"https:\/\/localconnect.com.br\/blog\/wp-content\/uploads\/2024\/02\/like-1-2.png\" alt=\"\" \/>\r\n            <\/a>\r\n    <span class=\"pld-like-count-wrap pld-count-wrap\">    <\/span>\r\n<\/div><div class=\"pld-dislike-wrap  pld-common-wrap\">\r\n    <a href=\"javascript:void(0)\" class=\"pld-dislike-trigger pld-like-dislike-trigger  \" title=\"\" data-post-id=\"9776\" data-trigger-type=\"dislike\" data-restriction=\"no\" data-already-liked=\"0\">\r\n                            <img src=\"https:\/\/localconnect.com.br\/blog\/wp-content\/uploads\/2024\/02\/image-2.png\" alt=\"\" \/>\r\n            <\/a>\r\n    <span class=\"pld-dislike-count-wrap pld-count-wrap\"><\/span>\r\n<\/div><\/div>","protected":false},"excerpt":{"rendered":"<p>As trilhas em Balne\u00e1rio Cambori\u00fa fazem parte da rotina de quem decide olhar a cidade al\u00e9m da orla e dos pr\u00e9dios altos. Basta alguns minutos fora da avenida principal para perceber que existem caminhos silenciosos, cercados por mata, mar e mirantes que mudam completamente a percep\u00e7\u00e3o do lugar.&nbsp; Voc\u00ea caminha, respira fundo e sente que [&hellip;]<\/p>\n","protected":false},"author":3,"featured_media":9778,"comment_status":"open","ping_status":"open","sticky":false,"template":"","format":"standard","meta":{"_joinchat":[],"footnotes":""},"categories":[30,29],"tags":[],"class_list":["post-9776","post","type-post","status-publish","format-standard","has-post-thumbnail","hentry","category-balneario-camboriu","category-santa-catarina"],"_links":{"self":[{"href":"https:\/\/localconnect.com.br\/blog\/wp-json\/wp\/v2\/posts\/9776","targetHints":{"allow":["GET"]}}],"collection":[{"href":"https:\/\/localconnect.com.br\/blog\/wp-json\/wp\/v2\/posts"}],"about":[{"href":"https:\/\/localconnect.com.br\/blog\/wp-json\/wp\/v2\/types\/post"}],"author":[{"embeddable":true,"href":"https:\/\/localconnect.com.br\/blog\/wp-json\/wp\/v2\/users\/3"}],"replies":[{"embeddable":true,"href":"https:\/\/localconnect.com.br\/blog\/wp-json\/wp\/v2\/comments?post=9776"}],"version-history":[{"count":0,"href":"https:\/\/localconnect.com.br\/blog\/wp-json\/wp\/v2\/posts\/9776\/revisions"}],"wp:featuredmedia":[{"embeddable":true,"href":"https:\/\/localconnect.com.br\/blog\/wp-json\/wp\/v2\/media\/9778"}],"wp:attachment":[{"href":"https:\/\/localconnect.com.br\/blog\/wp-json\/wp\/v2\/media?parent=9776"}],"wp:term":[{"taxonomy":"category","embeddable":true,"href":"https:\/\/localconnect.com.br\/blog\/wp-json\/wp\/v2\/categories?post=9776"},{"taxonomy":"post_tag","embeddable":true,"href":"https:\/\/localconnect.com.br\/blog\/wp-json\/wp\/v2\/tags?post=9776"}],"curies":[{"name":"wp","href":"https:\/\/api.w.org\/{rel}","templated":true}]}}