{"id":9829,"date":"2025-12-17T20:47:31","date_gmt":"2025-12-17T23:47:31","guid":{"rendered":"https:\/\/localconnect.com.br\/blog\/?p=9829"},"modified":"2025-12-17T20:47:33","modified_gmt":"2025-12-17T23:47:33","slug":"conheca-o-bairro-fazenda-em-itajai","status":"publish","type":"post","link":"https:\/\/localconnect.com.br\/blog\/santa-catarina\/itajai\/conheca-o-bairro-fazenda-em-itajai\/","title":{"rendered":"Conhe\u00e7a o Bairro Fazenda em Itaja\u00ed"},"content":{"rendered":"\n<p>O bairro Fazenda em Itaja\u00ed ocupa hoje um papel central no desenvolvimento urbano da cidade, reunindo tradi\u00e7\u00e3o, localiza\u00e7\u00e3o privilegiada e uma rotina que reflete o crescimento constante do munic\u00edpio. Inserido em uma das regi\u00f5es mais valorizadas, o bairro se consolidou como um dos endere\u00e7os mais comentados quando o assunto envolve morar bem, circular com facilidade e ter acesso r\u00e1pido a servi\u00e7os, lazer e gastronomia.<\/p>\n\n\n\n<p>Itaja\u00ed aparece entre as cidades catarinenses que mais cresceram nas \u00faltimas d\u00e9cadas, tanto em popula\u00e7\u00e3o quanto em relev\u00e2ncia econ\u00f4mica. Esse avan\u00e7o urbano n\u00e3o acontece de forma homog\u00eanea, e alguns bairros acabam concentrando maior aten\u00e7\u00e3o por conta da infraestrutura e do posicionamento estrat\u00e9gico. O bairro Fazenda acompanha esse movimento, mantendo uma identidade pr\u00f3pria e, ao mesmo tempo, se adaptando \u00e0s transforma\u00e7\u00f5es da cidade.<\/p>\n\n\n\n<h2 class=\"wp-block-heading\"><strong>A identidade do bairro Fazenda<\/strong><\/h2>\n\n\n\n<p>O bairro Fazenda em Itaja\u00ed se diferencia por preservar caracter\u00edsticas hist\u00f3ricas sem perder o ritmo da moderniza\u00e7\u00e3o. Trata-se de uma regi\u00e3o onde o passado e o presente convivem de forma natural. Constru\u00e7\u00f5es antigas dividem espa\u00e7o com empreendimentos contempor\u00e2neos, criando uma paisagem urbana que foge da padroniza\u00e7\u00e3o vista em \u00e1reas mais recentes.<\/p>\n\n\n\n<p>Esse perfil contribui para uma atmosfera mais acolhedora no cotidiano. As ruas apresentam movimento constante, mas sem o excesso t\u00edpico de regi\u00f5es exclusivamente comerciais. H\u00e1 uma sensa\u00e7\u00e3o clara de bairro vivido, onde moradores utilizam os espa\u00e7os p\u00fablicos, caminham pelas vias e mant\u00eam uma rela\u00e7\u00e3o pr\u00f3xima com o entorno.<\/p>\n\n\n\n<h2 class=\"wp-block-heading\"><strong>Como o bairro surgiu e evoluiu?<\/strong><\/h2>\n\n\n\n<figure class=\"wp-block-gallery has-nested-images columns-default is-cropped wp-block-gallery-1 is-layout-flex wp-block-gallery-is-layout-flex\">\n<figure class=\"wp-block-image size-large\"><img fetchpriority=\"high\" decoding=\"async\" width=\"1024\" height=\"576\" data-id=\"9833\" src=\"https:\/\/localconnect.com.br\/blog\/wp-content\/uploads\/2025\/12\/bairro-fazenda.jpeg\" alt=\"\" class=\"wp-image-9833\" title=\"\" srcset=\"https:\/\/localconnect.com.br\/blog\/wp-content\/uploads\/2025\/12\/bairro-fazenda.jpeg 1024w, https:\/\/localconnect.com.br\/blog\/wp-content\/uploads\/2025\/12\/bairro-fazenda-300x169.jpeg 300w, https:\/\/localconnect.com.br\/blog\/wp-content\/uploads\/2025\/12\/bairro-fazenda-768x432.jpeg 768w, https:\/\/localconnect.com.br\/blog\/wp-content\/uploads\/2025\/12\/bairro-fazenda-150x84.jpeg 150w\" sizes=\"(max-width: 1024px) 100vw, 1024px\" \/><\/figure>\n<\/figure>\n\n\n\n<p>A hist\u00f3ria do bairro Fazenda est\u00e1 diretamente ligada \u00e0s origens de Itaja\u00ed. Antes mesmo da emancipa\u00e7\u00e3o do munic\u00edpio, a regi\u00e3o j\u00e1 era ocupada por grandes extens\u00f5es de terra voltadas \u00e0 produ\u00e7\u00e3o agr\u00edcola. Com o passar do tempo, essas \u00e1reas foram sendo fragmentadas, dando in\u00edcio a um processo gradual de urbaniza\u00e7\u00e3o.<\/p>\n\n\n\n<p>Ao longo dos anos, o bairro se desenvolveu acompanhando a expans\u00e3o da cidade, sem perder sua base hist\u00f3rica. Elementos simb\u00f3licos permanecem como refer\u00eancia at\u00e9 hoje, ajudando a construir a identidade local. Essa evolu\u00e7\u00e3o cont\u00ednua explica por que o bairro Fazenda em Itaja\u00ed mant\u00e9m relev\u00e2ncia mesmo diante do surgimento de novas regi\u00f5es urbanizadas.<\/p>\n\n\n\n<h2 class=\"wp-block-heading\"><strong>Localiza\u00e7\u00e3o e conex\u00e3o com a cidade<\/strong><\/h2>\n\n\n\n<p>Um dos pontos mais valorizados do bairro Fazenda em Itaja\u00ed \u00e9 sua localiza\u00e7\u00e3o. Situado entre o Centro e a Praia Brava, o bairro funciona como um elo entre \u00e1reas estrat\u00e9gicas do munic\u00edpio. Esse posicionamento facilita o deslocamento di\u00e1rio e amplia as possibilidades de circula\u00e7\u00e3o, seja para compromissos profissionais, seja para lazer.<\/p>\n\n\n\n<p>Al\u00e9m da proximidade com o Centro, o bairro possui acesso r\u00e1pido a Balne\u00e1rio Cambori\u00fa por meio da Avenida Osvaldo Reis, uma das principais liga\u00e7\u00f5es entre as duas cidades. Outras vias importantes cortam a regi\u00e3o, contribuindo para a fluidez do tr\u00e2nsito e para a concentra\u00e7\u00e3o de com\u00e9rcios e servi\u00e7os ao longo do bairro.<\/p>\n\n\n\n<h2 class=\"wp-block-heading\"><strong>Infraestrutura urbana consolidada<\/strong><\/h2>\n\n\n\n<p>O bairro Fazenda em Itaja\u00ed conta com uma infraestrutura urbana bem distribu\u00edda. Supermercados, farm\u00e1cias, lojas, cl\u00ednicas e servi\u00e7os essenciais fazem parte do cotidiano da regi\u00e3o, reduzindo a necessidade de longos deslocamentos. Essa estrutura favorece uma rotina pr\u00e1tica e organizada, aspecto valorizado tanto por moradores antigos quanto por novos residentes.<\/p>\n\n\n\n<p>Institui\u00e7\u00f5es de ensino e espa\u00e7os culturais tamb\u00e9m est\u00e3o presentes ou nas proximidades do bairro, ampliando sua import\u00e2ncia dentro do contexto urbano. Essa diversidade de servi\u00e7os fortalece o bairro como um polo completo, capaz de atender diferentes necessidades do dia a dia.<\/p>\n\n\n\n<p>Al\u00e9m de tudo, o que chama aten\u00e7\u00e3o no bairro Fazenda em <a href=\"https:\/\/pt.wikipedia.org\/wiki\/Itaja%C3%AD\" target=\"_blank\" rel=\"noopener\">Itaja\u00ed <\/a>\u00e9 a presen\u00e7a de espa\u00e7os voltados \u00e0 conviv\u00eancia. Pra\u00e7as, cal\u00e7ad\u00f5es e \u00e1reas abertas fazem parte da paisagem urbana e s\u00e3o utilizados de forma constante pela popula\u00e7\u00e3o local. Esses ambientes ajudam a criar uma rela\u00e7\u00e3o mais pr\u00f3xima entre moradores e o espa\u00e7o urbano.<\/p>\n\n\n\n<p>A proximidade com a Beira-Rio aumena inda mais as possibilidades de circula\u00e7\u00e3o ao ar livre. O local \u00e9 bastante utilizado para caminhadas, atividades f\u00edsicas e momentos de lazer, refor\u00e7ando o car\u00e1ter urbano bem planejado do bairro.<\/p>\n\n\n\n<h2 class=\"wp-block-heading\"><strong>Gastronomia e vida urbana<\/strong><\/h2>\n\n\n\n<p>A movimenta\u00e7\u00e3o constante do bairro favoreceu o surgimento de uma cena gastron\u00f4mica variada. Restaurantes, bares e caf\u00e9s se espalham pelas principais vias, acompanhando o ritmo do bairro ao longo do dia e da noite. Esses estabelecimentos contribuem para a vitalidade urbana e transformam o bairro Fazenda em Itaja\u00ed em um ponto de encontro frequente.<\/p>\n\n\n\n<p>Leia tamb\u00e9m: <a href=\"https:\/\/localconnect.com.br\/blog\/santa-catarina\/itajai\/como-chegar-na-praia-da-solidao-em-itajai\/\">Como chegar na Praia da Solid\u00e3o em Itaja\u00ed?<\/a><\/p>\n<div class=\"pld-like-dislike-wrap pld-custom\">\r\n    <div class=\"pld-like-wrap  pld-common-wrap\">\r\n    <a href=\"javascript:void(0)\" class=\"pld-like-trigger pld-like-dislike-trigger  \" title=\"\" data-post-id=\"9829\" data-trigger-type=\"like\" data-restriction=\"no\" data-already-liked=\"0\">\r\n                            <img src=\"https:\/\/localconnect.com.br\/blog\/wp-content\/uploads\/2024\/02\/like-1-2.png\" alt=\"\" \/>\r\n            <\/a>\r\n    <span class=\"pld-like-count-wrap pld-count-wrap\">    <\/span>\r\n<\/div><div class=\"pld-dislike-wrap  pld-common-wrap\">\r\n    <a href=\"javascript:void(0)\" class=\"pld-dislike-trigger pld-like-dislike-trigger  \" title=\"\" data-post-id=\"9829\" data-trigger-type=\"dislike\" data-restriction=\"no\" data-already-liked=\"0\">\r\n                            <img src=\"https:\/\/localconnect.com.br\/blog\/wp-content\/uploads\/2024\/02\/image-2.png\" alt=\"\" \/>\r\n            <\/a>\r\n    <span class=\"pld-dislike-count-wrap pld-count-wrap\"><\/span>\r\n<\/div><\/div>","protected":false},"excerpt":{"rendered":"<p>O bairro Fazenda em Itaja\u00ed ocupa hoje um papel central no desenvolvimento urbano da cidade, reunindo tradi\u00e7\u00e3o, localiza\u00e7\u00e3o privilegiada e uma rotina que reflete o crescimento constante do munic\u00edpio. Inserido em uma das regi\u00f5es mais valorizadas, o bairro se consolidou como um dos endere\u00e7os mais comentados quando o assunto envolve morar bem, circular com facilidade [&hellip;]<\/p>\n","protected":false},"author":3,"featured_media":9832,"comment_status":"open","ping_status":"open","sticky":false,"template":"","format":"standard","meta":{"_joinchat":[],"footnotes":""},"categories":[43,29],"tags":[],"class_list":["post-9829","post","type-post","status-publish","format-standard","has-post-thumbnail","hentry","category-itajai","category-santa-catarina"],"_links":{"self":[{"href":"https:\/\/localconnect.com.br\/blog\/wp-json\/wp\/v2\/posts\/9829","targetHints":{"allow":["GET"]}}],"collection":[{"href":"https:\/\/localconnect.com.br\/blog\/wp-json\/wp\/v2\/posts"}],"about":[{"href":"https:\/\/localconnect.com.br\/blog\/wp-json\/wp\/v2\/types\/post"}],"author":[{"embeddable":true,"href":"https:\/\/localconnect.com.br\/blog\/wp-json\/wp\/v2\/users\/3"}],"replies":[{"embeddable":true,"href":"https:\/\/localconnect.com.br\/blog\/wp-json\/wp\/v2\/comments?post=9829"}],"version-history":[{"count":0,"href":"https:\/\/localconnect.com.br\/blog\/wp-json\/wp\/v2\/posts\/9829\/revisions"}],"wp:featuredmedia":[{"embeddable":true,"href":"https:\/\/localconnect.com.br\/blog\/wp-json\/wp\/v2\/media\/9832"}],"wp:attachment":[{"href":"https:\/\/localconnect.com.br\/blog\/wp-json\/wp\/v2\/media?parent=9829"}],"wp:term":[{"taxonomy":"category","embeddable":true,"href":"https:\/\/localconnect.com.br\/blog\/wp-json\/wp\/v2\/categories?post=9829"},{"taxonomy":"post_tag","embeddable":true,"href":"https:\/\/localconnect.com.br\/blog\/wp-json\/wp\/v2\/tags?post=9829"}],"curies":[{"name":"wp","href":"https:\/\/api.w.org\/{rel}","templated":true}]}}