{"id":9870,"date":"2025-12-20T18:45:08","date_gmt":"2025-12-20T21:45:08","guid":{"rendered":"https:\/\/localconnect.com.br\/blog\/?p=9870"},"modified":"2025-12-20T18:45:10","modified_gmt":"2025-12-20T21:45:10","slug":"ilha-das-cabras-em-balneario-camboriu-tudo-que-voce-precisa-saber","status":"publish","type":"post","link":"https:\/\/localconnect.com.br\/blog\/santa-catarina\/balneario-camboriu\/ilha-das-cabras-em-balneario-camboriu-tudo-que-voce-precisa-saber\/","title":{"rendered":"Ilha das Cabras em Balne\u00e1rio Cambori\u00fa: Tudo que voc\u00ea precisa saber"},"content":{"rendered":"\n<p>A Ilha das Cabras em Balne\u00e1rio Cambori\u00fa desperta curiosidade logo no primeiro contato com a orla da cidade. Mesmo \u00e0 dist\u00e2ncia, ela chama o olhar e levanta perguntas naturais: o que existe ali? Ao longo dos anos, essa pequena ilha passou a fazer parte do cotidiano de moradores e visitantes, sempre presente no horizonte mar\u00edtimo, silenciosa e preservada.<\/p>\n\n\n\n<p>Quando voc\u00ea caminha pela Praia Central, ela surge como um marco fixo, quase como um ponto de refer\u00eancia natural. Ela n\u00e3o muda, n\u00e3o recebe constru\u00e7\u00f5es e n\u00e3o sofre interven\u00e7\u00f5es humanas diretas. Saiba mais sobre ela abaixo!<\/p>\n\n\n\n<h2 class=\"wp-block-heading\"><strong>Onde fica a Ilha das Cabras?<\/strong><\/h2>\n\n\n\n<figure class=\"wp-block-image size-full\"><img fetchpriority=\"high\" decoding=\"async\" width=\"1002\" height=\"668\" src=\"https:\/\/localconnect.com.br\/blog\/wp-content\/uploads\/2025\/12\/Onde-fica-a-Ilha-das-Cabras.webp\" alt=\"\" class=\"wp-image-9873\" title=\"\" srcset=\"https:\/\/localconnect.com.br\/blog\/wp-content\/uploads\/2025\/12\/Onde-fica-a-Ilha-das-Cabras.webp 1002w, https:\/\/localconnect.com.br\/blog\/wp-content\/uploads\/2025\/12\/Onde-fica-a-Ilha-das-Cabras-300x200.webp 300w, https:\/\/localconnect.com.br\/blog\/wp-content\/uploads\/2025\/12\/Onde-fica-a-Ilha-das-Cabras-768x512.webp 768w, https:\/\/localconnect.com.br\/blog\/wp-content\/uploads\/2025\/12\/Onde-fica-a-Ilha-das-Cabras-150x100.webp 150w\" sizes=\"(max-width: 1002px) 100vw, 1002px\" \/><\/figure>\n\n\n\n<p>A Ilha das Cabras em Balne\u00e1rio Cambori\u00fa fica a aproximadamente 600 metros da faixa de areia da Praia Central. Ela aparece logo \u00e0 frente da orla, vis\u00edvel praticamente de qualquer ponto do cal\u00e7ad\u00e3o, o que faz muita gente parar, olhar e tentar entender melhor aquele peda\u00e7o de terra cercado pelo mar.<\/p>\n\n\n\n<p>Mesmo sem acesso direto por terra, a localiza\u00e7\u00e3o favorece a observa\u00e7\u00e3o. Em dias de c\u00e9u aberto, a ilha parece ainda mais pr\u00f3xima. J\u00e1 em momentos de neblina, ela surge quase como uma sombra no horizonte, criando uma rela\u00e7\u00e3o curiosa entre a cidade e o mar.<\/p>\n\n\n\n<p>Por estar t\u00e3o pr\u00f3xima da \u00e1rea urbana, a ilha se tornou um dos elementos mais reconhecidos da paisagem local, ajudando a definir a identidade visual da cidade ao longo das d\u00e9cadas.<\/p>\n\n\n\n<h2 class=\"wp-block-heading\"><strong>Como chegar \u00e0 Ilha das Cabras em Balne\u00e1rio Cambori\u00fa<\/strong><\/h2>\n\n\n\n<p>N\u00e3o existe ponte, trilha ou acesso direto a p\u00e9. A \u00fanica forma de se aproximar da Ilha das Cabras em Balne\u00e1rio Cambori\u00fa ocorre pelo mar. Os passeios de barco saem principalmente da regi\u00e3o central da cidade e fazem o contorno da ilha, sem desembarque.<\/p>\n\n\n\n<p>Al\u00e9m disso, outra alternativa bastante conhecida envolve caiaque ou stand up paddle. Nessas situa\u00e7\u00f5es, a travessia acontece em dias espec\u00edficos, quando o mar est\u00e1 mais calmo. Mesmo sendo um percurso curto, ele pede preparo, colete salva-vidas e aten\u00e7\u00e3o ao movimento de embarca\u00e7\u00f5es maiores.<\/p>\n\n\n\n<p>Independentemente do meio escolhido, a regra \u00e9 clara: a visita acontece ao redor da ilha, nunca sobre ela. Essa limita\u00e7\u00e3o est\u00e1 diretamente ligada \u00e0 preserva\u00e7\u00e3o ambiental.<\/p>\n\n\n\n<h2 class=\"wp-block-heading\"><strong>O que tem na Ilha das Cabras em Balne\u00e1rio Cambori\u00fa?<\/strong><\/h2>\n\n\n\n<figure class=\"wp-block-image size-large\"><img decoding=\"async\" width=\"1024\" height=\"575\" src=\"https:\/\/localconnect.com.br\/blog\/wp-content\/uploads\/2025\/12\/O-que-tem-na-Ilha-das-Cabras-em-Balneario-Camboriu-1024x575.jpeg\" alt=\"O que tem na Ilha das Cabras em Balne\u00e1rio Cambori\u00fa\" class=\"wp-image-9875\" title=\"\" srcset=\"https:\/\/localconnect.com.br\/blog\/wp-content\/uploads\/2025\/12\/O-que-tem-na-Ilha-das-Cabras-em-Balneario-Camboriu-1024x575.jpeg 1024w, https:\/\/localconnect.com.br\/blog\/wp-content\/uploads\/2025\/12\/O-que-tem-na-Ilha-das-Cabras-em-Balneario-Camboriu-300x169.jpeg 300w, https:\/\/localconnect.com.br\/blog\/wp-content\/uploads\/2025\/12\/O-que-tem-na-Ilha-das-Cabras-em-Balneario-Camboriu-768x432.jpeg 768w, https:\/\/localconnect.com.br\/blog\/wp-content\/uploads\/2025\/12\/O-que-tem-na-Ilha-das-Cabras-em-Balneario-Camboriu-150x84.jpeg 150w, https:\/\/localconnect.com.br\/blog\/wp-content\/uploads\/2025\/12\/O-que-tem-na-Ilha-das-Cabras-em-Balneario-Camboriu.jpeg 1050w\" sizes=\"(max-width: 1024px) 100vw, 1024px\" \/><\/figure>\n\n\n\n<p>Ao contr\u00e1rio do que muitos imaginam, n\u00e3o h\u00e1 estruturas tur\u00edsticas, trilhas ou \u00e1reas abertas \u00e0 circula\u00e7\u00e3o humana. A Ilha das Cabras em Balne\u00e1rio Cambori\u00fa segue como \u00e1rea de preserva\u00e7\u00e3o, coberta por vegeta\u00e7\u00e3o densa e cercada por forma\u00e7\u00f5es rochosas.<\/p>\n\n\n\n<p>No entorno, a \u00e1gua costuma revelar peixes pequenos, algas e outros organismos marinhos, vis\u00edveis principalmente em dias de boa claridade. A presen\u00e7a de aves tamb\u00e9m chama aten\u00e7\u00e3o, j\u00e1 que muitas utilizam a ilha como ponto de descanso.<\/p>\n\n\n\n<p>Esse cen\u00e1rio permanece assim justamente pela aus\u00eancia de interfer\u00eancia direta. A ilha n\u00e3o foi moldada para visita\u00e7\u00e3o tradicional, mas mantida como um espa\u00e7o natural dentro de uma cidade altamente urbanizada.<\/p>\n\n\n\n<h2 class=\"wp-block-heading\"><strong>Quem \u00e9 o dono da Ilha das Cabras em Balne\u00e1rio Cambori\u00fa?<\/strong><\/h2>\n\n\n\n<p>A Ilha das Cabras em Balne\u00e1rio Cambori\u00fa pertence \u00e0 Uni\u00e3o. Isso significa que ela n\u00e3o tem propriet\u00e1rio particular, nem pode ser vendida ou explorada comercialmente.<\/p>\n\n\n\n<p>Essa condi\u00e7\u00e3o jur\u00eddica foi essencial para garantir sua prote\u00e7\u00e3o ao longo do tempo. Mesmo com o crescimento acelerado da cidade, a ilha permaneceu fora de projetos imobili\u00e1rios ou interven\u00e7\u00f5es privadas.<\/p>\n\n\n\n<p>Al\u00e9m disso, leis municipais refor\u00e7am o tombamento da \u00e1rea, reconhecendo sua import\u00e2ncia hist\u00f3rica, paisag\u00edstica e ambiental. Essa prote\u00e7\u00e3o legal impede qualquer tipo de ocupa\u00e7\u00e3o permanente no local.<\/p>\n\n\n\n<h2 class=\"wp-block-heading\"><strong>Qual \u00e9 a hist\u00f3ria da Ilha das Cabras?<\/strong><\/h2>\n\n\n\n<p>A hist\u00f3ria da ilha vai muito al\u00e9m da paisagem atual. Durante a d\u00e9cada de 1970, a <a href=\"https:\/\/pt.wikipedia.org\/wiki\/Ficheiro:Vista_da_Ilha_das_Cabras,_Balne%C3%A1rio_Cambori%C3%BA_SC.JPG\" target=\"_blank\" rel=\"noopener\">Ilha das Cabras<\/a> em Balne\u00e1rio Cambori\u00fa foi moradia de Marciano Cavalheiro e sua fam\u00edlia por cerca de 12 anos.<\/p>\n\n\n\n<p>Marciano era pescador, acostumado \u00e0 vida pr\u00f3xima ao mar, e ficou conhecido por ter sido o primeiro salva-vidas do munic\u00edpio. Durante o per\u00edodo em que viveu na ilha, ele plantou \u00e1rvores e diferentes esp\u00e9cies de plantas, buscando conter a eros\u00e3o e fortalecer o solo.<\/p>\n\n\n\n<p>No in\u00edcio, a ilha tinha pouca vegeta\u00e7\u00e3o. Com o tempo, o trabalho feito por Marciano transformou completamente o cen\u00e1rio, criando a \u00e1rea verde que hoje chama aten\u00e7\u00e3o de quem observa da orla.<\/p>\n\n\n\n<p>Em 1977, a fam\u00edlia foi retirada do local, j\u00e1 que a ilha pertence \u00e0 Uni\u00e3o. Desde ent\u00e3o, ningu\u00e9m mais viveu ali, mas a marca deixada por esse per\u00edodo segue vis\u00edvel na vegeta\u00e7\u00e3o preservada.<\/p>\n\n\n\n<p>Leia tamb\u00e9m: <a href=\"https:\/\/localconnect.com.br\/blog\/santa-catarina\/balneario-camboriu\/conheca-o-mapa-turistico-de-balneario-camboriu\/\">Conhe\u00e7a o mapa tur\u00edstico de Balne\u00e1rio Cambori\u00fa<\/a><\/p>\n<div class=\"pld-like-dislike-wrap pld-custom\">\r\n    <div class=\"pld-like-wrap  pld-common-wrap\">\r\n    <a href=\"javascript:void(0)\" class=\"pld-like-trigger pld-like-dislike-trigger  \" title=\"\" data-post-id=\"9870\" data-trigger-type=\"like\" data-restriction=\"no\" data-already-liked=\"0\">\r\n                            <img src=\"https:\/\/localconnect.com.br\/blog\/wp-content\/uploads\/2024\/02\/like-1-2.png\" alt=\"\" \/>\r\n            <\/a>\r\n    <span class=\"pld-like-count-wrap pld-count-wrap\">2    <\/span>\r\n<\/div><div class=\"pld-dislike-wrap  pld-common-wrap\">\r\n    <a href=\"javascript:void(0)\" class=\"pld-dislike-trigger pld-like-dislike-trigger  \" title=\"\" data-post-id=\"9870\" data-trigger-type=\"dislike\" data-restriction=\"no\" data-already-liked=\"0\">\r\n                            <img src=\"https:\/\/localconnect.com.br\/blog\/wp-content\/uploads\/2024\/02\/image-2.png\" alt=\"\" \/>\r\n            <\/a>\r\n    <span class=\"pld-dislike-count-wrap pld-count-wrap\"><\/span>\r\n<\/div><\/div>","protected":false},"excerpt":{"rendered":"<p>A Ilha das Cabras em Balne\u00e1rio Cambori\u00fa desperta curiosidade logo no primeiro contato com a orla da cidade. Mesmo \u00e0 dist\u00e2ncia, ela chama o olhar e levanta perguntas naturais: o que existe ali? Ao longo dos anos, essa pequena ilha passou a fazer parte do cotidiano de moradores e visitantes, sempre presente no horizonte mar\u00edtimo, [&hellip;]<\/p>\n","protected":false},"author":3,"featured_media":9872,"comment_status":"open","ping_status":"open","sticky":false,"template":"","format":"standard","meta":{"_joinchat":[],"footnotes":""},"categories":[30,29],"tags":[],"class_list":["post-9870","post","type-post","status-publish","format-standard","has-post-thumbnail","hentry","category-balneario-camboriu","category-santa-catarina"],"_links":{"self":[{"href":"https:\/\/localconnect.com.br\/blog\/wp-json\/wp\/v2\/posts\/9870","targetHints":{"allow":["GET"]}}],"collection":[{"href":"https:\/\/localconnect.com.br\/blog\/wp-json\/wp\/v2\/posts"}],"about":[{"href":"https:\/\/localconnect.com.br\/blog\/wp-json\/wp\/v2\/types\/post"}],"author":[{"embeddable":true,"href":"https:\/\/localconnect.com.br\/blog\/wp-json\/wp\/v2\/users\/3"}],"replies":[{"embeddable":true,"href":"https:\/\/localconnect.com.br\/blog\/wp-json\/wp\/v2\/comments?post=9870"}],"version-history":[{"count":0,"href":"https:\/\/localconnect.com.br\/blog\/wp-json\/wp\/v2\/posts\/9870\/revisions"}],"wp:featuredmedia":[{"embeddable":true,"href":"https:\/\/localconnect.com.br\/blog\/wp-json\/wp\/v2\/media\/9872"}],"wp:attachment":[{"href":"https:\/\/localconnect.com.br\/blog\/wp-json\/wp\/v2\/media?parent=9870"}],"wp:term":[{"taxonomy":"category","embeddable":true,"href":"https:\/\/localconnect.com.br\/blog\/wp-json\/wp\/v2\/categories?post=9870"},{"taxonomy":"post_tag","embeddable":true,"href":"https:\/\/localconnect.com.br\/blog\/wp-json\/wp\/v2\/tags?post=9870"}],"curies":[{"name":"wp","href":"https:\/\/api.w.org\/{rel}","templated":true}]}}