{"id":9885,"date":"2025-12-21T18:39:41","date_gmt":"2025-12-21T21:39:41","guid":{"rendered":"https:\/\/localconnect.com.br\/blog\/?p=9885"},"modified":"2025-12-21T18:39:43","modified_gmt":"2025-12-21T21:39:43","slug":"conheca-o-museu-da-imagem-e-do-som-de-balneario-camboriu","status":"publish","type":"post","link":"https:\/\/localconnect.com.br\/blog\/santa-catarina\/balneario-camboriu\/conheca-o-museu-da-imagem-e-do-som-de-balneario-camboriu\/","title":{"rendered":"Conhe\u00e7a o Museu da Imagem e do Som de Balne\u00e1rio Cambori\u00fa"},"content":{"rendered":"\n<p>Pouca gente imagina que, bem no centro da cidade, existe um espa\u00e7o dedicado a preservar a hist\u00f3ria do cinema, do som e da imagem de forma t\u00e3o detalhada. O Museu da Imagem e do Som de Balne\u00e1rio Cambori\u00fa re\u00fane equipamentos raros, documentos hist\u00f3ricos e registros que ajudam voc\u00ea a entender como a comunica\u00e7\u00e3o audiovisual evoluiu ao longo dos anos. Saiba mais sobre o lugar abaixo!<\/p>\n\n\n\n<h2 class=\"wp-block-heading\"><strong>Equipamentos que contam hist\u00f3rias reais<\/strong><\/h2>\n\n\n\n<figure class=\"wp-block-image size-full\"><img fetchpriority=\"high\" decoding=\"async\" width=\"680\" height=\"510\" src=\"https:\/\/localconnect.com.br\/blog\/wp-content\/uploads\/2025\/12\/image-40.png\" alt=\"\" class=\"wp-image-9888\" title=\"\" srcset=\"https:\/\/localconnect.com.br\/blog\/wp-content\/uploads\/2025\/12\/image-40.png 680w, https:\/\/localconnect.com.br\/blog\/wp-content\/uploads\/2025\/12\/image-40-300x225.png 300w, https:\/\/localconnect.com.br\/blog\/wp-content\/uploads\/2025\/12\/image-40-150x113.png 150w\" sizes=\"(max-width: 680px) 100vw, 680px\" \/><\/figure>\n\n\n\n<p>Ao circular pelo acervo, voc\u00ea encontra lanternas m\u00e1gicas, r\u00e1dios antigos, filmadoras e projetores que j\u00e1 ocuparam salas cheias de pessoas curiosas. Esses equipamentos n\u00e3o est\u00e3o ali apenas como exposi\u00e7\u00e3o t\u00e9cnica.&nbsp;<\/p>\n\n\n\n<p>Eles ajudam a reconstruir momentos em que o cinema era o principal programa de fim de semana e a imagem em movimento causava impacto imediato no p\u00fablico. O Museu da Imagem e do Som de Balne\u00e1rio Cambori\u00fa preserva m\u00e1quinas que fizeram parte dos primeiros cinemas da cidade, como o Cinerama, o Autocine e o Cine It\u00e1lia.<\/p>\n\n\n\n<p>Entre os itens que mais chamam a curiosidade est\u00e3o um gramofone fabricado em Londres no ano de 1890 e um filme original de Charles Chaplin, produzido em 1917, no formato de 9,5 mil\u00edmetros. Esses registros permitem que voc\u00ea perceba como o som e a imagem foram ganhando novas formas, acompanhando mudan\u00e7as sociais e tecnol\u00f3gicas.&nbsp;<\/p>\n\n\n\n<p>O Museu da Imagem e do Som de Balne\u00e1rio Cambori\u00fa tamb\u00e9m re\u00fane cole\u00e7\u00f5es de comunica\u00e7\u00e3o, filatelia, numism\u00e1tica e documentos hist\u00f3ricos que ajudam a ampliar esse olhar sobre o passado.<\/p>\n\n\n\n<h2 class=\"wp-block-heading\"><strong>A liga\u00e7\u00e3o entre o cinema e Balne\u00e1rio Cambori\u00fa<\/strong><\/h2>\n\n\n\n<p>A hist\u00f3ria do museu se conecta diretamente com a trajet\u00f3ria da fam\u00edlia Delatorre, respons\u00e1vel pela administra\u00e7\u00e3o do espa\u00e7o por meio do Instituto Delatorre. O pai de Fernando Delatorre construiu tr\u00eas cinemas marcantes em Santa Catarina, todos em Balne\u00e1rio Cambori\u00fa, quando a cidade ainda dava seus primeiros passos no crescimento urbano. O Cinerama, inaugurado em 1967, comportava cerca de 1.200 pessoas, em uma \u00e9poca em que a televis\u00e3o ainda n\u00e3o fazia parte da rotina local.<\/p>\n\n\n\n<p>Anos depois, em 1973, surgiu o Autocine, um projeto inovador que permitia assistir aos filmes dentro do pr\u00f3prio autom\u00f3vel, com o \u00e1udio sintonizado no r\u00e1dio do carro. Em 1984, foi a vez do Cine It\u00e1lia, equipado com projetores importados da Pol\u00f4nia e capacidade para 700 espectadores. Hoje, o Museu da Imagem e do Som de Balne\u00e1rio Cambori\u00fa preserva essa heran\u00e7a e apresenta a voc\u00ea como esses espa\u00e7os influenciaram a vida cultural da cidade.<\/p>\n\n\n\n<h2 class=\"wp-block-heading\"><strong>Salas, sess\u00f5es e atividades culturais<\/strong><\/h2>\n\n\n\n<p>Al\u00e9m da exposi\u00e7\u00e3o permanente, o museu conta com um audit\u00f3rio com capacidade para 50 pessoas, usado em exibi\u00e7\u00f5es especiais, encontros culturais e apresenta\u00e7\u00f5es tem\u00e1ticas. Tamb\u00e9m h\u00e1 espa\u00e7o dedicado a exposi\u00e7\u00f5es tempor\u00e1rias, que renovam o interesse do p\u00fablico ao longo do ano. Um dos pontos que mais desperta curiosidade s\u00e3o as sess\u00f5es realizadas com projetores antigos de 8 mil\u00edmetros, super 8, 16 e 35 mil\u00edmetros.<\/p>\n\n\n\n<p>Essas exibi\u00e7\u00f5es ajudam voc\u00ea a compreender como o cinema era assistido antes da digitaliza\u00e7\u00e3o, resgatando t\u00e9cnicas que marcaram gera\u00e7\u00f5es. O Museu da Imagem e do Som de <a href=\"https:\/\/en.wikipedia.org\/wiki\/Balne%C3%A1rio_Cambori%C3%BA\" target=\"_blank\" rel=\"noopener\">Balne\u00e1rio Cambori\u00fa<\/a> segue padr\u00f5es nacionais de organiza\u00e7\u00e3o museol\u00f3gica e apresenta uma estrutura pensada para facilitar a circula\u00e7\u00e3o e a compreens\u00e3o do conte\u00fado exposto.\u00a0<\/p>\n\n\n\n<h2 class=\"wp-block-heading\"><strong>Como chegar ao Museu da Imagem e do Som de Balne\u00e1rio Cambori\u00fa?<\/strong><\/h2>\n\n\n\n<figure class=\"wp-block-image size-full\"><img decoding=\"async\" width=\"680\" height=\"510\" src=\"https:\/\/localconnect.com.br\/blog\/wp-content\/uploads\/2025\/12\/image-41.png\" alt=\"\" class=\"wp-image-9889\" title=\"\" srcset=\"https:\/\/localconnect.com.br\/blog\/wp-content\/uploads\/2025\/12\/image-41.png 680w, https:\/\/localconnect.com.br\/blog\/wp-content\/uploads\/2025\/12\/image-41-300x225.png 300w, https:\/\/localconnect.com.br\/blog\/wp-content\/uploads\/2025\/12\/image-41-150x113.png 150w\" sizes=\"(max-width: 680px) 100vw, 680px\" \/><\/figure>\n\n\n\n<p>O Museu da Imagem e do Som de Balne\u00e1rio Cambori\u00fa est\u00e1 localizado no centro da cidade, na Rua 700, n\u00famero 44, pr\u00f3ximo \u00e0 Avenida Central e em frente ao Cine It\u00e1lia \u2013 Centro de Eventos It\u00e1lia. A regi\u00e3o conta com f\u00e1cil acesso a p\u00e9 e por transporte por aplicativo. Quem prefere ir de carro pode utilizar as vagas dispon\u00edveis nas ruas pr\u00f3ximas.<\/p>\n\n\n\n<p>O funcionamento ocorre de ter\u00e7a-feira a domingo, das 13h \u00e0s 18h. Os ingressos s\u00e3o vendidos diretamente na bilheteria durante o hor\u00e1rio de visita\u00e7\u00e3o, com valor inteiro de R$ 20,00 e meia-entrada de R$ 10,00, mediante apresenta\u00e7\u00e3o de documento v\u00e1lido.&nbsp;<\/p>\n\n\n\n<p>Leia tamb\u00e9m: <a href=\"https:\/\/localconnect.com.br\/blog\/santa-catarina\/balneario-camboriu\/museus-e-centros-historios-culturais-de-bc\/\">Museus e centros culturais de BC: 6 programas para noite fria<\/a><\/p>\n<div class=\"pld-like-dislike-wrap pld-custom\">\r\n    <div class=\"pld-like-wrap  pld-common-wrap\">\r\n    <a href=\"javascript:void(0)\" class=\"pld-like-trigger pld-like-dislike-trigger  \" title=\"\" data-post-id=\"9885\" data-trigger-type=\"like\" data-restriction=\"no\" data-already-liked=\"0\">\r\n                            <img src=\"https:\/\/localconnect.com.br\/blog\/wp-content\/uploads\/2024\/02\/like-1-2.png\" alt=\"\" \/>\r\n            <\/a>\r\n    <span class=\"pld-like-count-wrap pld-count-wrap\">    <\/span>\r\n<\/div><div class=\"pld-dislike-wrap  pld-common-wrap\">\r\n    <a href=\"javascript:void(0)\" class=\"pld-dislike-trigger pld-like-dislike-trigger  \" title=\"\" data-post-id=\"9885\" data-trigger-type=\"dislike\" data-restriction=\"no\" data-already-liked=\"0\">\r\n                            <img src=\"https:\/\/localconnect.com.br\/blog\/wp-content\/uploads\/2024\/02\/image-2.png\" alt=\"\" \/>\r\n            <\/a>\r\n    <span class=\"pld-dislike-count-wrap pld-count-wrap\"><\/span>\r\n<\/div><\/div>","protected":false},"excerpt":{"rendered":"<p>Pouca gente imagina que, bem no centro da cidade, existe um espa\u00e7o dedicado a preservar a hist\u00f3ria do cinema, do som e da imagem de forma t\u00e3o detalhada. O Museu da Imagem e do Som de Balne\u00e1rio Cambori\u00fa re\u00fane equipamentos raros, documentos hist\u00f3ricos e registros que ajudam voc\u00ea a entender como a comunica\u00e7\u00e3o audiovisual evoluiu [&hellip;]<\/p>\n","protected":false},"author":3,"featured_media":9887,"comment_status":"open","ping_status":"open","sticky":false,"template":"","format":"standard","meta":{"_joinchat":[],"footnotes":""},"categories":[30,29],"tags":[],"class_list":["post-9885","post","type-post","status-publish","format-standard","has-post-thumbnail","hentry","category-balneario-camboriu","category-santa-catarina"],"_links":{"self":[{"href":"https:\/\/localconnect.com.br\/blog\/wp-json\/wp\/v2\/posts\/9885","targetHints":{"allow":["GET"]}}],"collection":[{"href":"https:\/\/localconnect.com.br\/blog\/wp-json\/wp\/v2\/posts"}],"about":[{"href":"https:\/\/localconnect.com.br\/blog\/wp-json\/wp\/v2\/types\/post"}],"author":[{"embeddable":true,"href":"https:\/\/localconnect.com.br\/blog\/wp-json\/wp\/v2\/users\/3"}],"replies":[{"embeddable":true,"href":"https:\/\/localconnect.com.br\/blog\/wp-json\/wp\/v2\/comments?post=9885"}],"version-history":[{"count":0,"href":"https:\/\/localconnect.com.br\/blog\/wp-json\/wp\/v2\/posts\/9885\/revisions"}],"wp:featuredmedia":[{"embeddable":true,"href":"https:\/\/localconnect.com.br\/blog\/wp-json\/wp\/v2\/media\/9887"}],"wp:attachment":[{"href":"https:\/\/localconnect.com.br\/blog\/wp-json\/wp\/v2\/media?parent=9885"}],"wp:term":[{"taxonomy":"category","embeddable":true,"href":"https:\/\/localconnect.com.br\/blog\/wp-json\/wp\/v2\/categories?post=9885"},{"taxonomy":"post_tag","embeddable":true,"href":"https:\/\/localconnect.com.br\/blog\/wp-json\/wp\/v2\/tags?post=9885"}],"curies":[{"name":"wp","href":"https:\/\/api.w.org\/{rel}","templated":true}]}}