{"id":9941,"date":"2025-12-23T08:00:00","date_gmt":"2025-12-23T11:00:00","guid":{"rendered":"https:\/\/localconnect.com.br\/blog\/?p=9941"},"modified":"2025-12-22T13:52:34","modified_gmt":"2025-12-22T16:52:34","slug":"pier-oporto-nova-atracao-turistica-de-itapema","status":"publish","type":"post","link":"https:\/\/localconnect.com.br\/blog\/santa-catarina\/itapema\/pier-oporto-nova-atracao-turistica-de-itapema\/","title":{"rendered":"Conhe\u00e7a o P\u00eder Oporto, nova atra\u00e7\u00e3o tur\u00edstica de Itapema"},"content":{"rendered":"\n<p>O P\u00eder Oporto, localizado em Meia Praia, Itapema, foi inaugurado e j\u00e1 se destaca como um dos principais atrativos tur\u00edsticos do litoral norte de Santa Catarina. Com aproximadamente 300 metros de extens\u00e3o sobre o mar e mais de 18 mil metros quadrados de \u00e1rea constru\u00edda, o empreendimento promete movimentar o com\u00e9rcio local, gerar empregos e refor\u00e7ar a presen\u00e7a da cidade no cen\u00e1rio tur\u00edstico nacional.<\/p>\n\n\n\n<p>Mesmo antes da inaugura\u00e7\u00e3o oficial, o p\u00eder j\u00e1 influencia o mercado imobili\u00e1rio da regi\u00e3o e fortalece a imagem de Itapema como um destino moderno e completo para visitantes do Sul do Brasil. O projeto foi considerado um dos mais aguardados da hist\u00f3ria da cidade, trazendo expectativa sobre seu impacto econ\u00f4mico e tur\u00edstico.<\/p>\n\n\n\n<h2 class=\"wp-block-heading\"><strong>Estrutura inovadora e \u00e1reas de lazer<\/strong><\/h2>\n\n\n\n<figure class=\"wp-block-image size-full\"><img fetchpriority=\"high\" decoding=\"async\" width=\"1024\" height=\"576\" src=\"https:\/\/localconnect.com.br\/blog\/wp-content\/uploads\/2025\/12\/pier-porto-itapema.jpeg\" alt=\"\" class=\"wp-image-9943\" title=\"\" srcset=\"https:\/\/localconnect.com.br\/blog\/wp-content\/uploads\/2025\/12\/pier-porto-itapema.jpeg 1024w, https:\/\/localconnect.com.br\/blog\/wp-content\/uploads\/2025\/12\/pier-porto-itapema-300x169.jpeg 300w, https:\/\/localconnect.com.br\/blog\/wp-content\/uploads\/2025\/12\/pier-porto-itapema-768x432.jpeg 768w, https:\/\/localconnect.com.br\/blog\/wp-content\/uploads\/2025\/12\/pier-porto-itapema-150x84.jpeg 150w\" sizes=\"(max-width: 1024px) 100vw, 1024px\" \/><\/figure>\n\n\n\n<p>O P\u00eder Oporto se diferencia por sua arquitetura in\u00e9dita na Am\u00e9rica Latina. \u00c9 o \u00fanico p\u00eder do continente a contar com estacionamento abaixo da plataforma principal, com 226 vagas para ve\u00edculos, integrando funcionalidade e conveni\u00eancia para turistas e moradores.<\/p>\n\n\n\n<p>Al\u00e9m do estacionamento, o espa\u00e7o re\u00fane uma variedade de op\u00e7\u00f5es de lazer e entretenimento, incluindo lojas, quiosques, restaurantes e uma academia com vista panor\u00e2mica de 360\u00b0 para o mar. As \u00e1reas de conviv\u00eancia foram planejadas para oferecer conforto e experi\u00eancias diferenciadas, garantindo que o p\u00eder funcione como um ponto de encontro tanto para turistas quanto para a comunidade local.<\/p>\n\n\n\n<h2 class=\"wp-block-heading\"><strong>Gastronomia e com\u00e9rcio diversificado<\/strong><\/h2>\n\n\n\n<p>Entre as 54 opera\u00e7\u00f5es comerciais presentes no P\u00eder Oporto, destacam-se marcas nacionais e internacionais. A gastronomia \u00e9 um dos principais atrativos, com restaurantes, caf\u00e9s e bares oferecendo experi\u00eancias \u00fanicas com vista para o oceano. Um dos destaques \u00e9 o Hard Rock Cafe Itapema, a \u00fanica unidade da franquia constru\u00edda sobre a \u00e1gua, proporcionando aos visitantes um de cen\u00e1rio mar\u00edtimo e entretenimento de alta qualidade.<\/p>\n\n\n\n<p>Al\u00e9m da gastronomia, o p\u00eder abriga op\u00e7\u00f5es de com\u00e9rcio variado, incluindo boutiques, lojas de conveni\u00eancia, produtos locais e servi\u00e7os, tornando-se um espa\u00e7o completo de turismo e compras. A diversidade de opera\u00e7\u00f5es transforma o empreendimento em um verdadeiro ponto de refer\u00eancia para quem busca lazer, compras e gastronomia em Itapema.<\/p>\n\n\n\n<h2 class=\"wp-block-heading\"><strong>Impacto no turismo e na economia local<\/strong><\/h2>\n\n\n\n<p>O P\u00eder Oporto deve gerar reflexos significativos na economia de Itapema. Com a inaugura\u00e7\u00e3o, a cidade passa a oferecer um atrativo moderno capaz de movimentar o com\u00e9rcio, estimular novos investimentos e ampliar o fluxo tur\u00edstico na regi\u00e3o. A expectativa \u00e9 que o p\u00eder se torne parte de roteiros tur\u00edsticos, atraindo visitantes durante todo o ano e refor\u00e7ando o munic\u00edpio como destino de praia de qualidade.<\/p>\n\n\n\n<p>O projeto tamb\u00e9m contribui para o fortalecimento da imagem de Itapema como polo tur\u00edstico do Sul do Brasil, oferecendo uma infraestrutura diferenciada que integra lazer, gastronomia, com\u00e9rcio e conviv\u00eancia. O investimento em um espa\u00e7o moderno e de grande porte refor\u00e7a a import\u00e2ncia da cidade no mapa tur\u00edstico da regi\u00e3o.<\/p>\n\n\n\n<h2 class=\"wp-block-heading\"><strong>Um novo marco para Meia Praia<\/strong><\/h2>\n\n\n\n<figure class=\"wp-block-image size-full\"><img decoding=\"async\" width=\"1024\" height=\"576\" src=\"https:\/\/localconnect.com.br\/blog\/wp-content\/uploads\/2025\/12\/meia-praia.jpeg\" alt=\"\" class=\"wp-image-9944\" title=\"\" srcset=\"https:\/\/localconnect.com.br\/blog\/wp-content\/uploads\/2025\/12\/meia-praia.jpeg 1024w, https:\/\/localconnect.com.br\/blog\/wp-content\/uploads\/2025\/12\/meia-praia-300x169.jpeg 300w, https:\/\/localconnect.com.br\/blog\/wp-content\/uploads\/2025\/12\/meia-praia-768x432.jpeg 768w, https:\/\/localconnect.com.br\/blog\/wp-content\/uploads\/2025\/12\/meia-praia-150x84.jpeg 150w\" sizes=\"(max-width: 1024px) 100vw, 1024px\" \/><\/figure>\n\n\n\n<p>Com aproximadamente 300 metros de extens\u00e3o sobre o mar, o <strong>P\u00eder Oporto<\/strong> consolida-se como um novo ponto de refer\u00eancia em Meia Praia, sendo assim atrativo para turistas e moradores.&nbsp;<\/p>\n\n\n\n<p>A jun\u00e7\u00e3o de arquitetura inovadora, diversidade de opera\u00e7\u00f5es comerciais e \u00e1rea de lazer amplia o potencial de Itapema como destino completo, capaz de oferecer experi\u00eancias \u00fanicas no litoral catarinense.<\/p>\n\n\n\n<p>O empreendimento representa mais do que um ponto tur\u00edstico: ele reflete crescimento econ\u00f4mico, gera\u00e7\u00e3o de empregos e valoriza\u00e7\u00e3o da regi\u00e3o, consolidando Itapema como destino de lazer e turismo de alto padr\u00e3o.&nbsp;<\/p>\n\n\n\n<p>Com 54 opera\u00e7\u00f5es comerciais, estacionamento exclusivo e vistas panor\u00e2micas para o mar, o <a href=\"https:\/\/www.instagram.com\/pier_oporto\/\" target=\"_blank\" rel=\"noopener\">P\u00eder Oporto <\/a>promete transformar a experi\u00eancia de visitantes e fortalecer o turismo local.<\/p>\n\n\n\n<p>Leia tamb\u00e9m: <a href=\"https:\/\/localconnect.com.br\/blog\/santa-catarina\/itapema\/o-que-fazer-no-verao-em-itapema\/\">O que fazer no ver\u00e3o em Itapema?<\/a><\/p>\n<div class=\"pld-like-dislike-wrap pld-custom\">\r\n    <div class=\"pld-like-wrap  pld-common-wrap\">\r\n    <a href=\"javascript:void(0)\" class=\"pld-like-trigger pld-like-dislike-trigger  \" title=\"\" data-post-id=\"9941\" data-trigger-type=\"like\" data-restriction=\"no\" data-already-liked=\"0\">\r\n                            <img src=\"https:\/\/localconnect.com.br\/blog\/wp-content\/uploads\/2024\/02\/like-1-2.png\" alt=\"\" \/>\r\n            <\/a>\r\n    <span class=\"pld-like-count-wrap pld-count-wrap\">    <\/span>\r\n<\/div><div class=\"pld-dislike-wrap  pld-common-wrap\">\r\n    <a href=\"javascript:void(0)\" class=\"pld-dislike-trigger pld-like-dislike-trigger  \" title=\"\" data-post-id=\"9941\" data-trigger-type=\"dislike\" data-restriction=\"no\" data-already-liked=\"0\">\r\n                            <img src=\"https:\/\/localconnect.com.br\/blog\/wp-content\/uploads\/2024\/02\/image-2.png\" alt=\"\" \/>\r\n            <\/a>\r\n    <span class=\"pld-dislike-count-wrap pld-count-wrap\"><\/span>\r\n<\/div><\/div>","protected":false},"excerpt":{"rendered":"<p>O P\u00eder Oporto, localizado em Meia Praia, Itapema, foi inaugurado e j\u00e1 se destaca como um dos principais atrativos tur\u00edsticos do litoral norte de Santa Catarina. Com aproximadamente 300 metros de extens\u00e3o sobre o mar e mais de 18 mil metros quadrados de \u00e1rea constru\u00edda, o empreendimento promete movimentar o com\u00e9rcio local, gerar empregos e [&hellip;]<\/p>\n","protected":false},"author":3,"featured_media":9942,"comment_status":"open","ping_status":"open","sticky":false,"template":"","format":"standard","meta":{"_joinchat":[],"footnotes":""},"categories":[52,29],"tags":[],"class_list":["post-9941","post","type-post","status-publish","format-standard","has-post-thumbnail","hentry","category-itapema","category-santa-catarina"],"_links":{"self":[{"href":"https:\/\/localconnect.com.br\/blog\/wp-json\/wp\/v2\/posts\/9941","targetHints":{"allow":["GET"]}}],"collection":[{"href":"https:\/\/localconnect.com.br\/blog\/wp-json\/wp\/v2\/posts"}],"about":[{"href":"https:\/\/localconnect.com.br\/blog\/wp-json\/wp\/v2\/types\/post"}],"author":[{"embeddable":true,"href":"https:\/\/localconnect.com.br\/blog\/wp-json\/wp\/v2\/users\/3"}],"replies":[{"embeddable":true,"href":"https:\/\/localconnect.com.br\/blog\/wp-json\/wp\/v2\/comments?post=9941"}],"version-history":[{"count":0,"href":"https:\/\/localconnect.com.br\/blog\/wp-json\/wp\/v2\/posts\/9941\/revisions"}],"wp:featuredmedia":[{"embeddable":true,"href":"https:\/\/localconnect.com.br\/blog\/wp-json\/wp\/v2\/media\/9942"}],"wp:attachment":[{"href":"https:\/\/localconnect.com.br\/blog\/wp-json\/wp\/v2\/media?parent=9941"}],"wp:term":[{"taxonomy":"category","embeddable":true,"href":"https:\/\/localconnect.com.br\/blog\/wp-json\/wp\/v2\/categories?post=9941"},{"taxonomy":"post_tag","embeddable":true,"href":"https:\/\/localconnect.com.br\/blog\/wp-json\/wp\/v2\/tags?post=9941"}],"curies":[{"name":"wp","href":"https:\/\/api.w.org\/{rel}","templated":true}]}}