{"id":9955,"date":"2026-01-22T12:26:03","date_gmt":"2026-01-22T15:26:03","guid":{"rendered":"https:\/\/localconnect.com.br\/blog\/?p=9955"},"modified":"2026-02-26T17:43:36","modified_gmt":"2026-02-26T20:43:36","slug":"agenda-de-eventos-em-balneario-camboriu-em-fevereiro-2026","status":"publish","type":"post","link":"https:\/\/localconnect.com.br\/blog\/santa-catarina\/balneario-picarras\/agenda-de-eventos-em-balneario-camboriu-em-fevereiro-2026\/","title":{"rendered":"Agenda de eventos em Balne\u00e1rio Cambori\u00fa em Fevereiro (2026)"},"content":{"rendered":"\n<p>Quem acompanha os eventos em Balne\u00e1rio Cambori\u00fa em fevereiro sabe que o m\u00eas \u00e9 um dos mais movimentados do calend\u00e1rio tur\u00edstico da cidade. Com uma programa\u00e7\u00e3o que mistura cultura, m\u00fasica, humor, carnaval e grandes encontros tem\u00e1ticos, existem op\u00e7\u00f5es para quem viaja, mora na regi\u00e3o ou simplesmente quer aproveitar o melhor do ver\u00e3o com experi\u00eancias diferentes a cada semana.<\/p>\n\n\n\n<p>Em 2026, fevereiro chega com festivais tradicionais, shows nacionais, apresenta\u00e7\u00f5es de stand-up comedy, eventos ao ar livre e grandes produ\u00e7\u00f5es noturnas, formando um roteiro completo para todos os p\u00fablicos. A seguir, voc\u00ea confere os principais do m\u00eas de fevereiro.&nbsp;<\/p>\n\n\n\n<h2 class=\"wp-block-heading\"><strong>Balne\u00e1rio Cambori\u00fa Matsuri 2026<\/strong><\/h2>\n\n\n\n<figure class=\"wp-block-image size-full\"><img fetchpriority=\"high\" decoding=\"async\" width=\"460\" height=\"259\" src=\"https:\/\/localconnect.com.br\/blog\/wp-content\/uploads\/2026\/01\/Balneario-Camboriu-Matsuri.jpg\" alt=\"Agenda de eventos em Balne\u00e1rio Cambori\u00fa em Fevereiro (2026)\" class=\"wp-image-9958\" title=\"\" srcset=\"https:\/\/localconnect.com.br\/blog\/wp-content\/uploads\/2026\/01\/Balneario-Camboriu-Matsuri.jpg 460w, https:\/\/localconnect.com.br\/blog\/wp-content\/uploads\/2026\/01\/Balneario-Camboriu-Matsuri-300x169.jpg 300w, https:\/\/localconnect.com.br\/blog\/wp-content\/uploads\/2026\/01\/Balneario-Camboriu-Matsuri-150x84.jpg 150w\" sizes=\"(max-width: 460px) 100vw, 460px\" \/><\/figure>\n\n\n\n<ul class=\"wp-block-list\">\n<li><strong>Data:<\/strong> 05 a 08 de fevereiro de 2026<br><\/li>\n\n\n\n<li><strong>Local:<\/strong> Expocentro Balne\u00e1rio Cambori\u00fa J\u00falio Tedesco<\/li>\n<\/ul>\n\n\n\n<p>O Balne\u00e1rio Cambori\u00fa <a href=\"https:\/\/www.ingressonacional.com.br\/bcmatsuri2026\" target=\"_blank\" rel=\"noopener\">Matsuri <\/a>\u00e9 um dos maiores festivais de cultura japonesa do Sul do Brasil e j\u00e1 se consolidou como um dos eventos mais aguardados do ver\u00e3o. Durante quatro dias, o p\u00fablico vivencia uma verdadeira imers\u00e3o na cultura oriental, com apresenta\u00e7\u00f5es de taiko, dan\u00e7as tradicionais, shows musicais, exposi\u00e7\u00f5es art\u00edsticas e oficinas interativas.<\/p>\n\n\n\n<p>A gastronomia \u00e9 outro ponto alto, com pratos t\u00edpicos preparados por cozinheiros especializados, al\u00e9m de doces orientais e bebidas tradicionais. Atividades como concursos de cosplay, demonstra\u00e7\u00f5es de bonsai, ikebana, origami, furoshiki e oshibana ampliam ainda mais a experi\u00eancia.<\/p>\n\n\n\n<h2 class=\"wp-block-heading\"><strong>Filipe Ret | Turn\u00ea NUME<\/strong><\/h2>\n\n\n\n<ul class=\"wp-block-list\">\n<li><strong>Data:<\/strong> 07 e 08 de fevereiro de 2026<br><\/li>\n\n\n\n<li><strong>Local:<\/strong> Music Park Balne\u00e1rio Cambori\u00fa<\/li>\n<\/ul>\n\n\n\n<p>Com uma carreira marcada por n\u00fameros expressivos de streams, Filipe Ret chega \u00e0 cidade com a turn\u00ea NUME, apresentando um show que mistura sucessos conhecidos com faixas recentes. O espet\u00e1culo aposta em produ\u00e7\u00e3o visual moderna, ilumina\u00e7\u00e3o impactante e forte conex\u00e3o com o p\u00fablico, criando uma atmosfera intensa do in\u00edcio ao fim.<\/p>\n\n\n\n<p>O Music Park \u00e9 conhecido por receber grandes artistas nacionais, oferecendo estrutura completa de som e conforto para o p\u00fablico.&nbsp;<\/p>\n\n\n\n<h2 class=\"wp-block-heading\"><strong>5\u00aa Edi\u00e7\u00e3o \u2013 Low Summer Cars BC<\/strong><\/h2>\n\n\n\n<ul class=\"wp-block-list\">\n<li><strong>Data:<\/strong> 08 de fevereiro de 2026<br><\/li>\n\n\n\n<li><strong>Local:<\/strong> Speedway Music Park<br><\/li>\n<\/ul>\n\n\n\n<p>A quinta edi\u00e7\u00e3o do Low Summer Cars BC re\u00fane apaixonados por carros personalizados em um encontro que vai al\u00e9m de uma simples exposi\u00e7\u00e3o. O evento apresenta projetos de diferentes estilos, como stance, aircooled, racing e slammed, valorizando criatividade, design automotivo e identidade visual.<\/p>\n\n\n\n<p>Al\u00e9m dos ve\u00edculos expostos, o encontro proporciona trocas de experi\u00eancias entre participantes, oportunidades para fotos e networking entre entusiastas. Assim, \u00e9 um dos eventos em Balne\u00e1rio Cambori\u00fa em fevereiro que consegue atrair p\u00fablicos de diferentes idades.<\/p>\n\n\n\n<h2 class=\"wp-block-heading\"><strong>Bruna Feitoria em: F\u00e9rias da Firma<\/strong><\/h2>\n\n\n\n<figure class=\"wp-block-image size-large\"><img decoding=\"async\" width=\"1024\" height=\"575\" src=\"https:\/\/localconnect.com.br\/blog\/wp-content\/uploads\/2026\/01\/Bruna-Feitoria-1024x575.webp\" alt=\"\" class=\"wp-image-9959\" title=\"\" srcset=\"https:\/\/localconnect.com.br\/blog\/wp-content\/uploads\/2026\/01\/Bruna-Feitoria-1024x575.webp 1024w, https:\/\/localconnect.com.br\/blog\/wp-content\/uploads\/2026\/01\/Bruna-Feitoria-300x169.webp 300w, https:\/\/localconnect.com.br\/blog\/wp-content\/uploads\/2026\/01\/Bruna-Feitoria-768x432.webp 768w, https:\/\/localconnect.com.br\/blog\/wp-content\/uploads\/2026\/01\/Bruna-Feitoria-150x84.webp 150w, https:\/\/localconnect.com.br\/blog\/wp-content\/uploads\/2026\/01\/Bruna-Feitoria.webp 1500w\" sizes=\"(max-width: 1024px) 100vw, 1024px\" \/><\/figure>\n\n\n\n<ul class=\"wp-block-list\">\n<li><strong>Data:<\/strong> 08 de fevereiro de 2026<br><\/li>\n\n\n\n<li><strong>Local:<\/strong> Por\u00e3o Comedy Club Balne\u00e1rio Cambori\u00fa<\/li>\n<\/ul>\n\n\n\n<p>Bruna Feitoria, personagem que conquistou o p\u00fablico ao retratar o cotidiano do trabalhador brasileiro, apresenta o espet\u00e1culo \u201cF\u00e9rias da Firma\u201d em Balne\u00e1rio Cambori\u00fa. No show, situa\u00e7\u00f5es comuns de descanso, tentativas frustradas de relaxar e mensagens inesperadas do trabalho se transformam em hist\u00f3rias engra\u00e7adas e altamente identific\u00e1veis.<\/p>\n\n\n\n<p>Com humor leve, sem palavr\u00f5es e pr\u00f3ximo da realidade do p\u00fablico, a apresenta\u00e7\u00e3o agrada diferentes faixas et\u00e1rias.<\/p>\n\n\n\n<h2 class=\"wp-block-heading\"><strong>Warung Beach Club \u2013 Carnaval 2026 com Richie Hawtin<\/strong><\/h2>\n\n\n\n<ul class=\"wp-block-list\">\n<li><strong>Data:<\/strong> 13 para 14 de fevereiro de 2026<br><\/li>\n\n\n\n<li><strong>Local:<\/strong> Warung Beach Club \u2013 Praia Brava<\/li>\n<\/ul>\n\n\n\n<p>O Carnaval 2026 marca um momento hist\u00f3rico para a cena da m\u00fasica eletr\u00f4nica em Santa Catarina. Richie Hawtin retorna ao Warung Beach Club para sua \u00faltima apresenta\u00e7\u00e3o no templo da Praia Brava, encerrando uma trajet\u00f3ria que come\u00e7ou em 2008 e marcou profundamente o p\u00fablico brasileiro.<\/p>\n\n\n\n<p>Conhecido por seus sets longos, hipn\u00f3ticos e tecnicamente refinados, o artista promete uma noite intensa, com pista cheia e atmosfera \u00fanica. Dentro da programa\u00e7\u00e3o de eventos em Balne\u00e1rio Cambori\u00fa em fevereiro \u00e9 um dos mais aguardados e memor\u00e1veis do m\u00eas.<\/p>\n\n\n\n<h2 class=\"wp-block-heading\"><strong>AgroPlay Ver\u00e3o Festival \u2013 Show gratuito com Ana Castela<\/strong><\/h2>\n\n\n\n<ul class=\"wp-block-list\">\n<li><strong>Data:<\/strong> 14 de fevereiro de 2026<br><\/li>\n\n\n\n<li><strong>Local:<\/strong> Praia Central \u2013 Balne\u00e1rio Cambori\u00fa<\/li>\n<\/ul>\n\n\n\n<p>Balne\u00e1rio Cambori\u00fa recebe o AgroPlay Ver\u00e3o Festival, considerado o maior Carnaval Sertanejo do Brasil, em plena Praia Central. O grande destaque \u00e9 o show gratuito de Ana Castela, reunindo milhares de pessoas em uma celebra\u00e7\u00e3o ao ar livre, com estrutura de grande porte e clima festivo.<\/p>\n\n\n\n<p>O evento oferece setores abertos e \u00e1reas VIP, atendendo diferentes p\u00fablicos e estilos. M\u00fasica sertaneja, ver\u00e3o, paisagem urbana e atmosfera de carnaval se encontram em um s\u00f3 espa\u00e7o.&nbsp;<\/p>\n\n\n\n<h2 class=\"wp-block-heading\"><strong>Carnaval 2026 \u2013 Bloco Xinellis<\/strong><\/h2>\n\n\n\n<ul class=\"wp-block-list\">\n<li><strong>Data:<\/strong> 14 de fevereiro de 2026<br><\/li>\n\n\n\n<li><strong>Local:<\/strong> Avenida Atl\u00e2ntica \u2013 Balne\u00e1rio Cambori\u00fa<\/li>\n<\/ul>\n\n\n\n<p>O Bloco Xinellis \u00e9 um dos blocos de rua mais conhecidos da cidade. Com banda ao vivo, trio el\u00e9trico, comiss\u00e3o de frente, mascote, estrutura open bar e equipe de seguran\u00e7a, o bloco oferece uma experi\u00eancia organizada e animada do in\u00edcio ao fim.<\/p>\n\n\n\n<p>A concentra\u00e7\u00e3o acontece na Avenida Atl\u00e2ntica, transformando a orla em um grande corredor de festa, com foli\u00f5es cantando, dan\u00e7ando e celebrando o carnaval.<\/p>\n\n\n\n<h2 class=\"wp-block-heading\"><strong>Carnaval 2026 \u2013 Bloco Carnatuga<\/strong><\/h2>\n\n\n\n<ul class=\"wp-block-list\">\n<li><strong>Data:<\/strong> 15 de fevereiro de 2026<br><\/li>\n\n\n\n<li><strong>Local:<\/strong> Avenida Atl\u00e2ntica \u2013 Balne\u00e1rio Cambori\u00fa<\/li>\n<\/ul>\n\n\n\n<p>O Bloco Carnatuga chama aten\u00e7\u00e3o por sua proposta tem\u00e1tica e itinerante, convidando os foli\u00f5es a viverem um carnaval criativo e din\u00e2mico. Com m\u00fasicas variadas, fantasias criativas e intera\u00e7\u00e3o constante com o p\u00fablico, o desfile transforma a Avenida Atl\u00e2ntica em um espet\u00e1culo de cores e movimento.<\/p>\n\n\n\n<p>O bloco se tornou uma das atra\u00e7\u00f5es mais aguardadas do carnaval local, atraindo tanto moradores quanto turistas em busca de uma experi\u00eancia diferenciada, assim \u00e9 um dos eventos em Balne\u00e1rio Cambori\u00fa em fevereiro que tem destaque na programa\u00e7\u00e3o de rua.<\/p>\n\n\n\n<h2 class=\"wp-block-heading\"><strong>Andr\u00e9 Assun\u00e7\u00e3o \u2013 \u201cDe repente 50\u201d<\/strong><\/h2>\n\n\n\n<ul class=\"wp-block-list\">\n<li><strong>Data:<\/strong> 19 de fevereiro de 2026<br><\/li>\n\n\n\n<li><strong>Local:<\/strong> Por\u00e3o Comedy Club Balne\u00e1rio Cambori\u00fa<\/li>\n<\/ul>\n\n\n\n<p>Conhecido como \u201co pai dos gatos\u201d, Andr\u00e9 Assun\u00e7\u00e3o apresenta o espet\u00e1culo \u201cDe repente 50\u201d, no qual compartilha hist\u00f3rias reais sobre sua vida cercada por dezenas de felinos resgatados. O show mistura humor, reflex\u00f5es sociais e situa\u00e7\u00f5es inesperadas que geram identifica\u00e7\u00e3o imediata com o p\u00fablico.<\/p>\n\n\n\n<p>Al\u00e9m das risadas, o espet\u00e1culo tamb\u00e9m desperta empatia e conscientiza\u00e7\u00e3o sobre ado\u00e7\u00e3o respons\u00e1vel e cuidado animal.&nbsp;<\/p>\n\n\n\n<h2 class=\"wp-block-heading\"><strong>Wedding Day Brasil 2026<\/strong><\/h2>\n\n\n\n<ul class=\"wp-block-list\">\n<li><strong>Data:<\/strong> 20 a 22 de fevereiro de 2026<br><\/li>\n\n\n\n<li><strong>Local:<\/strong> Expocentro Balne\u00e1rio Cambori\u00fa J\u00falio Tedesco<\/li>\n<\/ul>\n\n\n\n<p>O Wedding Day Brasil retorna \u00e0 cidade reunindo os principais fornecedores de casamento, formatura, debutantes e eventos sociais em um \u00fanico espa\u00e7o. Durante tr\u00eas dias, o p\u00fablico poder\u00e1 participar de desfiles, degusta\u00e7\u00f5es, experi\u00eancias interativas, sorteios e networking com profissionais do setor.<\/p>\n\n\n\n<p>Com estrutura moderna, lounge instagram\u00e1vel, transporte gratuito e recursos tecnol\u00f3gicos, o evento atende tanto casais quanto profissionais.&nbsp;<\/p>\n\n\n\n<h2 class=\"wp-block-heading\"><strong>Marcito Castro \u2013 Stand-up Comedy<\/strong><\/h2>\n\n\n\n<figure class=\"wp-block-gallery has-nested-images columns-default is-cropped wp-block-gallery-1 is-layout-flex wp-block-gallery-is-layout-flex\">\n<figure class=\"wp-block-image size-large\"><img decoding=\"async\" width=\"1024\" height=\"683\" data-id=\"9960\" src=\"https:\/\/localconnect.com.br\/blog\/wp-content\/uploads\/2026\/01\/Marcito-Castro-1024x683.jpg\" alt=\"\" class=\"wp-image-9960\" title=\"\" srcset=\"https:\/\/localconnect.com.br\/blog\/wp-content\/uploads\/2026\/01\/Marcito-Castro-1024x683.jpg 1024w, https:\/\/localconnect.com.br\/blog\/wp-content\/uploads\/2026\/01\/Marcito-Castro-300x200.jpg 300w, https:\/\/localconnect.com.br\/blog\/wp-content\/uploads\/2026\/01\/Marcito-Castro-768x512.jpg 768w, https:\/\/localconnect.com.br\/blog\/wp-content\/uploads\/2026\/01\/Marcito-Castro-150x100.jpg 150w, https:\/\/localconnect.com.br\/blog\/wp-content\/uploads\/2026\/01\/Marcito-Castro.jpg 1440w\" sizes=\"(max-width: 1024px) 100vw, 1024px\" \/><\/figure>\n<\/figure>\n\n\n\n<ul class=\"wp-block-list\">\n<li><strong>Data:<\/strong> 21 de fevereiro de 2026<br><\/li>\n\n\n\n<li><strong>Local:<\/strong> Por\u00e3o Comedy Club Balne\u00e1rio Cambori\u00fa<\/li>\n<\/ul>\n\n\n\n<p>Encerrando a programa\u00e7\u00e3o do m\u00eas, Marcito Castro sobe ao palco com seu humor direto, cotidiano e altamente identific\u00e1vel. O comediante aborda temas como fam\u00edlia, relacionamentos, trabalho e vida nas periferias, sempre com hist\u00f3rias reais e observa\u00e7\u00f5es afiadas.<\/p>\n\n\n\n<p>Com forte presen\u00e7a nas redes sociais e nos palcos, Marcito representa a nova gera\u00e7\u00e3o do stand-up brasileiro.&nbsp;<\/p>\n\n\n\n<p>Fevereiro de 2026 promete ser um dos meses mais intensos do ano em Balne\u00e1rio Cambori\u00fa. A cidade re\u00fane atra\u00e7\u00f5es culturais, musicais, carnavalescas, humor\u00edsticas e corporativas, formando uma programa\u00e7\u00e3o diversificada capaz de agradar p\u00fablicos de todos os perfis.<\/p>\n\n\n\n<p>Leia tamb\u00e9m: <a href=\"https:\/\/localconnect.com.br\/blog\/santa-catarina\/balneario-camboriu\/os-05-melhores-bares-em-balneario-camboriu-com-musica-ao-vivo\/\">Os 5 Melhores Bares em Balne\u00e1rio Cambori\u00fa com M\u00fasica Ao Vivo: Onde a Divers\u00e3o Nunca Acaba!<\/a><\/p>\n<div class=\"pld-like-dislike-wrap pld-custom\">\r\n    <div class=\"pld-like-wrap  pld-common-wrap\">\r\n    <a href=\"javascript:void(0)\" class=\"pld-like-trigger pld-like-dislike-trigger  \" title=\"\" data-post-id=\"9955\" data-trigger-type=\"like\" data-restriction=\"no\" data-already-liked=\"0\">\r\n                            <img src=\"https:\/\/localconnect.com.br\/blog\/wp-content\/uploads\/2024\/02\/like-1-2.png\" alt=\"\" \/>\r\n            <\/a>\r\n    <span class=\"pld-like-count-wrap pld-count-wrap\">    <\/span>\r\n<\/div><div class=\"pld-dislike-wrap  pld-common-wrap\">\r\n    <a href=\"javascript:void(0)\" class=\"pld-dislike-trigger pld-like-dislike-trigger  \" title=\"\" data-post-id=\"9955\" data-trigger-type=\"dislike\" data-restriction=\"no\" data-already-liked=\"0\">\r\n                            <img src=\"https:\/\/localconnect.com.br\/blog\/wp-content\/uploads\/2024\/02\/image-2.png\" alt=\"\" \/>\r\n            <\/a>\r\n    <span class=\"pld-dislike-count-wrap pld-count-wrap\"><\/span>\r\n<\/div><\/div>","protected":false},"excerpt":{"rendered":"<p>Quem acompanha os eventos em Balne\u00e1rio Cambori\u00fa em fevereiro sabe que o m\u00eas \u00e9 um dos mais movimentados do calend\u00e1rio tur\u00edstico da cidade. Com uma programa\u00e7\u00e3o que mistura cultura, m\u00fasica, humor, carnaval e grandes encontros tem\u00e1ticos, existem op\u00e7\u00f5es para quem viaja, mora na regi\u00e3o ou simplesmente quer aproveitar o melhor do ver\u00e3o com experi\u00eancias diferentes [&hellip;]<\/p>\n","protected":false},"author":3,"featured_media":6349,"comment_status":"open","ping_status":"open","sticky":false,"template":"","format":"standard","meta":{"_joinchat":[],"footnotes":""},"categories":[44],"tags":[],"class_list":["post-9955","post","type-post","status-publish","format-standard","has-post-thumbnail","hentry","category-balneario-picarras"],"_links":{"self":[{"href":"https:\/\/localconnect.com.br\/blog\/wp-json\/wp\/v2\/posts\/9955","targetHints":{"allow":["GET"]}}],"collection":[{"href":"https:\/\/localconnect.com.br\/blog\/wp-json\/wp\/v2\/posts"}],"about":[{"href":"https:\/\/localconnect.com.br\/blog\/wp-json\/wp\/v2\/types\/post"}],"author":[{"embeddable":true,"href":"https:\/\/localconnect.com.br\/blog\/wp-json\/wp\/v2\/users\/3"}],"replies":[{"embeddable":true,"href":"https:\/\/localconnect.com.br\/blog\/wp-json\/wp\/v2\/comments?post=9955"}],"version-history":[{"count":1,"href":"https:\/\/localconnect.com.br\/blog\/wp-json\/wp\/v2\/posts\/9955\/revisions"}],"predecessor-version":[{"id":10195,"href":"https:\/\/localconnect.com.br\/blog\/wp-json\/wp\/v2\/posts\/9955\/revisions\/10195"}],"wp:featuredmedia":[{"embeddable":true,"href":"https:\/\/localconnect.com.br\/blog\/wp-json\/wp\/v2\/media\/6349"}],"wp:attachment":[{"href":"https:\/\/localconnect.com.br\/blog\/wp-json\/wp\/v2\/media?parent=9955"}],"wp:term":[{"taxonomy":"category","embeddable":true,"href":"https:\/\/localconnect.com.br\/blog\/wp-json\/wp\/v2\/categories?post=9955"},{"taxonomy":"post_tag","embeddable":true,"href":"https:\/\/localconnect.com.br\/blog\/wp-json\/wp\/v2\/tags?post=9955"}],"curies":[{"name":"wp","href":"https:\/\/api.w.org\/{rel}","templated":true}]}}