{"id":9963,"date":"2026-01-23T17:17:46","date_gmt":"2026-01-23T20:17:46","guid":{"rendered":"https:\/\/localconnect.com.br\/blog\/?p=9963"},"modified":"2026-02-26T17:42:38","modified_gmt":"2026-02-26T20:42:38","slug":"agenda-de-carnaval-em-balneario-camboriu-2026","status":"publish","type":"post","link":"https:\/\/localconnect.com.br\/blog\/santa-catarina\/balneario-camboriu\/agenda-de-carnaval-em-balneario-camboriu-2026\/","title":{"rendered":"Agenda de carnaval em Balne\u00e1rio Cambori\u00fa (2026)"},"content":{"rendered":"\n<p>Se voc\u00ea est\u00e1 planejando aproveitar o feriado mais animado do ano, a agenda de carnaval em Balne\u00e1rio Cambori\u00fa chega recheada de festas, blocos, shows e eventos para todos os estilos. A cidade se transforma em um verdadeiro polo de entretenimento, com programa\u00e7\u00e3o espalhada por beach clubs, ruas, praias e casas noturnas. Seja para curtir m\u00fasica eletr\u00f4nica, samba, pagode ou blocos de rua, tem atra\u00e7\u00e3o todos os dias e em diferentes hor\u00e1rios. Veja a agenda abaixo!<\/p>\n\n\n\n<h2 class=\"wp-block-heading\"><strong>Esquenta de Carnaval 1007 \u2014 07\/02<\/strong><\/h2>\n\n\n\n<p>O Esquenta de Carnaval 1007 chega para abrir oficialmente a temporada em Balne\u00e1rio Cambori\u00fa. A proposta \u00e9 reunir quem j\u00e1 est\u00e1 no clima da festa para o aquecimento com m\u00fasica, dan\u00e7a e p\u00fablico animado. O evento acontece no Music Park e costuma atrair quem quer come\u00e7ar cedo a aproveitar a programa\u00e7\u00e3o.<\/p>\n\n\n\n<p>Com estrutura completa, pista e atra\u00e7\u00f5es que misturam ritmos atuais com clima carnavalesco, esse esquenta virou tradi\u00e7\u00e3o entre moradores e turistas.&nbsp;<\/p>\n\n\n\n<h2 class=\"wp-block-heading\"><strong>Warung Beach Club \u2013 Carnaval 2026 com Richie Hawtin \u2014 13\/02<\/strong><\/h2>\n\n\n\n<p>O Warung recebe Richie Hawtin em uma data hist\u00f3rica: o \u00faltimo Carnaval da casa. O artista retorna \u00e0 Praia Brava para uma noite marcante, carregada de significado para quem acompanha a trajet\u00f3ria do club e da m\u00fasica eletr\u00f4nica internacional.<\/p>\n\n\n\n<p>O evento promete sets longos, pista cheia e aquela energia que s\u00f3 quem j\u00e1 viveu o Warung conhece. Para quem busca algo diferente dos blocos de rua e prefere festas noturnas com identidade pr\u00f3pria, essa \u00e9 uma das datas mais aguardadas da agenda de carnaval em Balne\u00e1rio Cambori\u00fa.<\/p>\n\n\n\n<h2 class=\"wp-block-heading\"><strong>Carnaval Vai T\u00ea Samba \u2014 Praia Brava \u2014 14\/02<\/strong><\/h2>\n\n\n\n<figure class=\"wp-block-image size-large\"><img fetchpriority=\"high\" decoding=\"async\" width=\"1024\" height=\"576\" src=\"https:\/\/localconnect.com.br\/blog\/wp-content\/uploads\/2026\/01\/image-1024x576.png\" alt=\"\" class=\"wp-image-9965\" title=\"\" srcset=\"https:\/\/localconnect.com.br\/blog\/wp-content\/uploads\/2026\/01\/image-1024x576.png 1024w, https:\/\/localconnect.com.br\/blog\/wp-content\/uploads\/2026\/01\/image-300x169.png 300w, https:\/\/localconnect.com.br\/blog\/wp-content\/uploads\/2026\/01\/image-768x432.png 768w, https:\/\/localconnect.com.br\/blog\/wp-content\/uploads\/2026\/01\/image-150x84.png 150w, https:\/\/localconnect.com.br\/blog\/wp-content\/uploads\/2026\/01\/image.png 1280w\" sizes=\"(max-width: 1024px) 100vw, 1024px\" \/><\/figure>\n\n\n\n<p>O Carnaval Vai T\u00ea Samba chega \u00e0 Praia Brava trazendo muito pagode, alegria e aquela vibe de festa \u00e0 beira-mar. Com o grupo Sem Abuso confirmado, o evento aposta em m\u00fasica ao vivo, p\u00fablico animado e surpresas ao longo da programa\u00e7\u00e3o.<\/p>\n\n\n\n<p>Ideal para quem prefere samba e pagode ao som eletr\u00f4nico, o Vai T\u00ea Samba j\u00e1 virou refer\u00eancia no litoral catarinense.&nbsp;<\/p>\n\n\n\n<h2 class=\"wp-block-heading\"><strong>Carnaval com Vintage Culture \u2014 Greenvalley \u2014 14\/02<\/strong><\/h2>\n\n\n\n<p>O Greenvalley entra na programa\u00e7\u00e3o com uma noite dedicada a Vintage Culture, acompanhado por OMRI e Doozie. A casa, conhecida pela produ\u00e7\u00e3o caprichada e p\u00fablico diverso, recebe foli\u00f5es que buscam uma alternativa \u00e0s festas de rua.<\/p>\n\n\n\n<p>A pista ganha clima especial, com ilumina\u00e7\u00e3o, som potente e uma curadoria musical pensada para manter a energia l\u00e1 em cima at\u00e9 o amanhecer. Esse evento figura entre os mais comentados da agenda de carnaval em Balne\u00e1rio Cambori\u00fa, principalmente entre f\u00e3s de m\u00fasica eletr\u00f4nica nacional.<\/p>\n\n\n\n<h2 class=\"wp-block-heading\"><strong>Carnaval 2026 \u2014 Bloco Xinellis \u2014 14\/02\/2026<\/strong><\/h2>\n\n\n\n<p>O Bloco Xinellis toma as ruas de Balne\u00e1rio Cambori\u00fa em uma das festas mais conhecidas do carnaval local. Com open bar, banda ao vivo, trio el\u00e9trico, comiss\u00e3o de frente e mascotes, o bloco atrai milhares de pessoas todos os anos.<\/p>\n\n\n\n<p>A proposta \u00e9 simples: reunir gente de todas as idades para dan\u00e7ar, cantar e desfilar pela cidade com muita cor e alegria. \u00c9 uma boa op\u00e7\u00e3o da agenda de carnaval em Balne\u00e1rio Cambori\u00fa, pois o Xinellis ocupa um espa\u00e7o especial por manter viva a tradi\u00e7\u00e3o dos blocos de rua, com estrutura organizada e clima familiar.<\/p>\n\n\n\n<h2 class=\"wp-block-heading\"><strong>Warung Beach Club \u2014 Carnaval 2026 com Luciano \u2014 14\/02<\/strong><\/h2>\n\n\n\n<p>Luciano retorna ao Warung para sua \u00faltima apresenta\u00e7\u00e3o no templo, com uma noite marcada por sonoridades intensas e atmosfera \u00fanica. O artista \u00e9 conhecido por misturar influ\u00eancias eletr\u00f4nicas europeias com ritmos latinos, criando sets longos e cheios de identidade.<\/p>\n\n\n\n<p>Para quem acompanha a hist\u00f3ria do Warung, essa data ganha ainda mais peso, j\u00e1 que marca um dos momentos finais do club em sua fase atual. Sem d\u00favida, \u00e9 um dos pontos altos da agenda de carnaval em Balne\u00e1rio Cambori\u00fa em 2026.<\/p>\n\n\n\n<h2 class=\"wp-block-heading\"><strong>Bloco de Carnaval Circuito El\u00e9trico \u2014 4\u00aa edi\u00e7\u00e3o \u2014 15\/02<\/strong><\/h2>\n\n\n\n<figure class=\"wp-block-image size-large\"><img decoding=\"async\" width=\"1024\" height=\"576\" src=\"https:\/\/localconnect.com.br\/blog\/wp-content\/uploads\/2026\/01\/image-2-1024x576.png\" alt=\"\" class=\"wp-image-9967\" title=\"\" srcset=\"https:\/\/localconnect.com.br\/blog\/wp-content\/uploads\/2026\/01\/image-2-1024x576.png 1024w, https:\/\/localconnect.com.br\/blog\/wp-content\/uploads\/2026\/01\/image-2-300x169.png 300w, https:\/\/localconnect.com.br\/blog\/wp-content\/uploads\/2026\/01\/image-2-768x432.png 768w, https:\/\/localconnect.com.br\/blog\/wp-content\/uploads\/2026\/01\/image-2-1536x864.png 1536w, https:\/\/localconnect.com.br\/blog\/wp-content\/uploads\/2026\/01\/image-2-150x84.png 150w, https:\/\/localconnect.com.br\/blog\/wp-content\/uploads\/2026\/01\/image-2.png 1600w\" sizes=\"(max-width: 1024px) 100vw, 1024px\" \/><\/figure>\n\n\n\n<p>O Bloco do Zero chega \u00e0 quarta edi\u00e7\u00e3o do Circuito El\u00e9trico com dois dias de desfile pela Avenida Atl\u00e2ntica. Desta vez, o evento conta com open bar e refor\u00e7a seu compromisso com diversidade, inclus\u00e3o e liberdade de express\u00e3o.<\/p>\n\n\n\n<p>A festa re\u00fane pessoas de todas as idades, estilos e hist\u00f3rias, criando um ambiente leve, animado e cheio de energia positiva.&nbsp;<\/p>\n\n\n\n<h2 class=\"wp-block-heading\"><strong>Carnaval 2026 \u2014 Bloco Carnatuga \u2014 15\/02<\/strong><\/h2>\n\n\n\n<p>O Bloco Carnatuga realiza seu desfile oficial no dia 15 de fevereiro, com fantasia tem\u00e1tica, m\u00fasica ao vivo e muita intera\u00e7\u00e3o com o p\u00fablico. O bloco \u00e9 conhecido por seu formato itinerante e pela criatividade nas produ\u00e7\u00f5es visuais.<\/p>\n\n\n\n<p>Com dobradinha junto ao Bloco Xinellis, o Carnatuga aumenta ainda mais as op\u00e7\u00f5es de quem prefere curtir a festa nas ruas.&nbsp;<\/p>\n\n\n\n<h2 class=\"wp-block-heading\"><strong>Carnaval com CamelPhat e ARTBAT \u2014 Greenvalley \u2014 16\/02<\/strong><\/h2>\n\n\n\n<p>O <a href=\"https:\/\/www.greenvalleybr.com\/\" target=\"_blank\" rel=\"noopener\">Greenvalley <\/a>recebe dois nomes de peso da m\u00fasica eletr\u00f4nica internacional: CamelPhat e ARTBAT. A noite promete sets intensos, pista lotada e produ\u00e7\u00e3o sonora de alto padr\u00e3o, mantendo a tradi\u00e7\u00e3o da casa em grandes datas festivas.<\/p>\n\n\n\n<p>Esse evento \u00e9 feito para voc\u00ea que prefere fugir dos blocos de rua e buscar uma festa mais focada em m\u00fasica, luz e pista. Ele integra a agenda de carnaval em Balne\u00e1rio Cambori\u00fa como uma das op\u00e7\u00f5es noturnas mais esperadas do feriado.<\/p>\n\n\n\n<h2 class=\"wp-block-heading\"><strong>Festival de Carnaval Elfortin \u2014 16\/02<\/strong><\/h2>\n\n\n\n<p>O Elfortin Club apresenta mais uma edi\u00e7\u00e3o do seu Festival de Carnaval, com duas pistas abertas, line-up variado e programa\u00e7\u00e3o que atravessa a madrugada. A festa mistura p\u00fablico jovem, turistas e moradores em uma proposta que valoriza m\u00fasica eletr\u00f4nica e clima de celebra\u00e7\u00e3o.<\/p>\n\n\n\n<p>A cada ano, o festival cresce em p\u00fablico e estrutura, ganhando destaque entre os eventos fechados do litoral.&nbsp;<\/p>\n\n\n\n<h2 class=\"wp-block-heading\"><strong>Bailinho das Mareadas \u2014 16\/02\/2026<\/strong><\/h2>\n\n\n\n<p>Pensado especialmente para o p\u00fablico infantil, o Bailinho das Mareadas acontece na Praia do Estaleiro e completa dez anos levando m\u00fasica, brincadeiras e muita anima\u00e7\u00e3o para crian\u00e7as e fam\u00edlias. Com banda ao vivo, confete, fantasias e atividades l\u00fadicas, o evento cria um espa\u00e7o seguro e divertido para os pequenos.<\/p>\n\n\n\n<p>Esse bailinho chega para mostrar que o carnaval tamb\u00e9m pode ser vivido de forma leve, colorida e cheia de alegria para todas as idades.<\/p>\n\n\n\n<p>A agenda de carnaval em Balne\u00e1rio Cambori\u00fa mostra como a cidade consegue reunir estilos diferentes em poucos dias: m\u00fasica eletr\u00f4nica, samba, pagode, blocos de rua, festas infantis e eventos em clubes renomados. Agora \u00e9 s\u00f3 se preparar para curtir!<\/p>\n\n\n\n<p>Leia tamb\u00e9m: <a href=\"https:\/\/localconnect.com.br\/blog\/santa-catarina\/balneario-picarras\/agenda-de-eventos-em-balneario-camboriu-em-fevereiro-2026\/\">Agenda de eventos em Balne\u00e1rio Cambori\u00fa em Fevereiro (2026)<\/a><\/p>\n\n\n\n<p><\/p>\n<div class=\"pld-like-dislike-wrap pld-custom\">\r\n    <div class=\"pld-like-wrap  pld-common-wrap\">\r\n    <a href=\"javascript:void(0)\" class=\"pld-like-trigger pld-like-dislike-trigger  \" title=\"\" data-post-id=\"9963\" data-trigger-type=\"like\" data-restriction=\"no\" data-already-liked=\"0\">\r\n                            <img src=\"https:\/\/localconnect.com.br\/blog\/wp-content\/uploads\/2024\/02\/like-1-2.png\" alt=\"\" \/>\r\n            <\/a>\r\n    <span class=\"pld-like-count-wrap pld-count-wrap\">    <\/span>\r\n<\/div><div class=\"pld-dislike-wrap  pld-common-wrap\">\r\n    <a href=\"javascript:void(0)\" class=\"pld-dislike-trigger pld-like-dislike-trigger  \" title=\"\" data-post-id=\"9963\" data-trigger-type=\"dislike\" data-restriction=\"no\" data-already-liked=\"0\">\r\n                            <img src=\"https:\/\/localconnect.com.br\/blog\/wp-content\/uploads\/2024\/02\/image-2.png\" alt=\"\" \/>\r\n            <\/a>\r\n    <span class=\"pld-dislike-count-wrap pld-count-wrap\"><\/span>\r\n<\/div><\/div>","protected":false},"excerpt":{"rendered":"<p>Se voc\u00ea est\u00e1 planejando aproveitar o feriado mais animado do ano, a agenda de carnaval em Balne\u00e1rio Cambori\u00fa chega recheada de festas, blocos, shows e eventos para todos os estilos. A cidade se transforma em um verdadeiro polo de entretenimento, com programa\u00e7\u00e3o espalhada por beach clubs, ruas, praias e casas noturnas. Seja para curtir m\u00fasica [&hellip;]<\/p>\n","protected":false},"author":3,"featured_media":9964,"comment_status":"open","ping_status":"open","sticky":false,"template":"","format":"standard","meta":{"_joinchat":[],"footnotes":""},"categories":[30,29],"tags":[],"class_list":["post-9963","post","type-post","status-publish","format-standard","has-post-thumbnail","hentry","category-balneario-camboriu","category-santa-catarina"],"_links":{"self":[{"href":"https:\/\/localconnect.com.br\/blog\/wp-json\/wp\/v2\/posts\/9963","targetHints":{"allow":["GET"]}}],"collection":[{"href":"https:\/\/localconnect.com.br\/blog\/wp-json\/wp\/v2\/posts"}],"about":[{"href":"https:\/\/localconnect.com.br\/blog\/wp-json\/wp\/v2\/types\/post"}],"author":[{"embeddable":true,"href":"https:\/\/localconnect.com.br\/blog\/wp-json\/wp\/v2\/users\/3"}],"replies":[{"embeddable":true,"href":"https:\/\/localconnect.com.br\/blog\/wp-json\/wp\/v2\/comments?post=9963"}],"version-history":[{"count":1,"href":"https:\/\/localconnect.com.br\/blog\/wp-json\/wp\/v2\/posts\/9963\/revisions"}],"predecessor-version":[{"id":10194,"href":"https:\/\/localconnect.com.br\/blog\/wp-json\/wp\/v2\/posts\/9963\/revisions\/10194"}],"wp:featuredmedia":[{"embeddable":true,"href":"https:\/\/localconnect.com.br\/blog\/wp-json\/wp\/v2\/media\/9964"}],"wp:attachment":[{"href":"https:\/\/localconnect.com.br\/blog\/wp-json\/wp\/v2\/media?parent=9963"}],"wp:term":[{"taxonomy":"category","embeddable":true,"href":"https:\/\/localconnect.com.br\/blog\/wp-json\/wp\/v2\/categories?post=9963"},{"taxonomy":"post_tag","embeddable":true,"href":"https:\/\/localconnect.com.br\/blog\/wp-json\/wp\/v2\/tags?post=9963"}],"curies":[{"name":"wp","href":"https:\/\/api.w.org\/{rel}","templated":true}]}}